{"id":3396,"date":"2019-03-23T11:12:59","date_gmt":"2019-03-23T10:12:59","guid":{"rendered":"http:\/\/www.semlh-morbihan.fr\/wordpress\/2019\/03\/23\/journee-nationale-du-souvenir-et-du-recueillement-a-la-memoire-des-victimes-civiles-et-militaires-de-la-guerre-dalgerie-et-des-combats-en-tunisie-et-au-maroc-jetais-en-tenue-car-je-representais-le\/"},"modified":"2019-03-23T11:12:59","modified_gmt":"2019-03-23T10:12:59","slug":"journee-nationale-du-souvenir-et-du-recueillement-a-la-memoire-des-victimes-civiles-et-militaires-de-la-guerre-dalgerie-et-des-combats-en-tunisie-et-au-maroc-jetais-en-tenue-car-je-representais-le","status":"publish","type":"post","link":"http:\/\/www.semlh-morbihan.fr\/wordpress\/2019\/03\/23\/journee-nationale-du-souvenir-et-du-recueillement-a-la-memoire-des-victimes-civiles-et-militaires-de-la-guerre-dalgerie-et-des-combats-en-tunisie-et-au-maroc-jetais-en-tenue-car-je-representais-le\/","title":{"rendered":"Journ\u00e9e nationale du souvenir et du recueillement \u00e0 la m\u00e9moire des victimes civiles et militaires de la guerre d&rsquo;Alg\u00e9rie et des combats en Tunisie et au Maroc. J&rsquo;\u00e9tais en tenue car je repr\u00e9sentais le DMD."},"content":{"rendered":"Vous devez \u00eatre connect\u00e9 pour voir ce contenu.","protected":false},"excerpt":{"rendered":"Vous devez \u00eatre connect\u00e9 pour voir ce contenu.","protected":false},"author":329,"featured_media":0,"comment_status":"closed","ping_status":"open","sticky":false,"template":"","format":"standard","meta":{"footnotes":""},"categories":[417],"tags":[],"class_list":["post-3396","post","type-post","status-publish","format-standard","hentry","category-ceremonies-patriotiques","wpcat-417-id"],"_links":{"self":[{"href":"http:\/\/www.semlh-morbihan.fr\/wordpress\/wp-json\/wp\/v2\/posts\/3396","targetHints":{"allow":["GET"]}}],"collection":[{"href":"http:\/\/www.semlh-morbihan.fr\/wordpress\/wp-json\/wp\/v2\/posts"}],"about":[{"href":"http:\/\/www.semlh-morbihan.fr\/wordpress\/wp-json\/wp\/v2\/types\/post"}],"author":[{"embeddable":true,"href":"http:\/\/www.semlh-morbihan.fr\/wordpress\/wp-json\/wp\/v2\/users\/329"}],"replies":[{"embeddable":true,"href":"http:\/\/www.semlh-morbihan.fr\/wordpress\/wp-json\/wp\/v2\/comments?post=3396"}],"version-history":[{"count":0,"href":"http:\/\/www.semlh-morbihan.fr\/wordpress\/wp-json\/wp\/v2\/posts\/3396\/revisions"}],"wp:attachment":[{"href":"http:\/\/www.semlh-morbihan.fr\/wordpress\/wp-json\/wp\/v2\/media?parent=3396"}],"wp:term":[{"taxonomy":"category","embeddable":true,"href":"http:\/\/www.semlh-morbihan.fr\/wordpress\/wp-json\/wp\/v2\/categories?post=3396"},{"taxonomy":"post_tag","embeddable":true,"href":"http:\/\/www.semlh-morbihan.fr\/wordpress\/wp-json\/wp\/v2\/tags?post=3396"}],"curies":[{"name":"wp","href":"https:\/\/api.w.org\/{rel}","templated":true}]}}