{"id":3504,"date":"2019-06-19T19:16:19","date_gmt":"2019-06-19T17:16:19","guid":{"rendered":"http:\/\/www.semlh-morbihan.fr\/wordpress\/2019\/06\/19\/ceremonie-de-lappel-du-18-juin-du-general-de-gaulle-au-plateau-de-la-garenne\/"},"modified":"2019-06-19T19:16:19","modified_gmt":"2019-06-19T17:16:19","slug":"ceremonie-de-lappel-du-18-juin-du-general-de-gaulle-au-plateau-de-la-garenne","status":"publish","type":"post","link":"http:\/\/www.semlh-morbihan.fr\/wordpress\/2019\/06\/19\/ceremonie-de-lappel-du-18-juin-du-general-de-gaulle-au-plateau-de-la-garenne\/","title":{"rendered":"C\u00e9r\u00e9monie de l&rsquo;appel du 18 juin du g\u00e9n\u00e9ral De Gaulle au plateau de la Garenne"},"content":{"rendered":"Vous devez \u00eatre connect\u00e9 pour voir ce contenu.","protected":false},"excerpt":{"rendered":"Vous devez \u00eatre connect\u00e9 pour voir ce contenu.","protected":false},"author":329,"featured_media":0,"comment_status":"closed","ping_status":"open","sticky":false,"template":"","format":"standard","meta":{"footnotes":""},"categories":[417],"tags":[],"class_list":["post-3504","post","type-post","status-publish","format-standard","hentry","category-ceremonies-patriotiques","wpcat-417-id"],"_links":{"self":[{"href":"http:\/\/www.semlh-morbihan.fr\/wordpress\/wp-json\/wp\/v2\/posts\/3504","targetHints":{"allow":["GET"]}}],"collection":[{"href":"http:\/\/www.semlh-morbihan.fr\/wordpress\/wp-json\/wp\/v2\/posts"}],"about":[{"href":"http:\/\/www.semlh-morbihan.fr\/wordpress\/wp-json\/wp\/v2\/types\/post"}],"author":[{"embeddable":true,"href":"http:\/\/www.semlh-morbihan.fr\/wordpress\/wp-json\/wp\/v2\/users\/329"}],"replies":[{"embeddable":true,"href":"http:\/\/www.semlh-morbihan.fr\/wordpress\/wp-json\/wp\/v2\/comments?post=3504"}],"version-history":[{"count":0,"href":"http:\/\/www.semlh-morbihan.fr\/wordpress\/wp-json\/wp\/v2\/posts\/3504\/revisions"}],"wp:attachment":[{"href":"http:\/\/www.semlh-morbihan.fr\/wordpress\/wp-json\/wp\/v2\/media?parent=3504"}],"wp:term":[{"taxonomy":"category","embeddable":true,"href":"http:\/\/www.semlh-morbihan.fr\/wordpress\/wp-json\/wp\/v2\/categories?post=3504"},{"taxonomy":"post_tag","embeddable":true,"href":"http:\/\/www.semlh-morbihan.fr\/wordpress\/wp-json\/wp\/v2\/tags?post=3504"}],"curies":[{"name":"wp","href":"https:\/\/api.w.org\/{rel}","templated":true}]}}