{"id":3508,"date":"2019-06-30T16:39:36","date_gmt":"2019-06-30T14:39:36","guid":{"rendered":"http:\/\/www.semlh-morbihan.fr\/wordpress\/2019\/06\/30\/depart-du-colonel-massip-commandant-le-groupement-de-gendarmeire-a-la-prefecture-de-vannes\/"},"modified":"2019-06-30T16:39:36","modified_gmt":"2019-06-30T14:39:36","slug":"depart-du-colonel-massip-commandant-le-groupement-de-gendarmeire-a-la-prefecture-de-vannes","status":"publish","type":"post","link":"http:\/\/www.semlh-morbihan.fr\/wordpress\/2019\/06\/30\/depart-du-colonel-massip-commandant-le-groupement-de-gendarmeire-a-la-prefecture-de-vannes\/","title":{"rendered":"D\u00e9part du colonel Massip, commandant le groupement de gendarmeire, \u00e0 la pr\u00e9fecture de Vannes"},"content":{"rendered":"Vous devez \u00eatre connect\u00e9 pour voir ce contenu.","protected":false},"excerpt":{"rendered":"Vous devez \u00eatre connect\u00e9 pour voir ce contenu.","protected":false},"author":329,"featured_media":0,"comment_status":"closed","ping_status":"open","sticky":false,"template":"","format":"standard","meta":{"footnotes":""},"categories":[351],"tags":[],"class_list":["post-3508","post","type-post","status-publish","format-standard","hentry","category-manifestations-diverses","wpcat-351-id"],"_links":{"self":[{"href":"http:\/\/www.semlh-morbihan.fr\/wordpress\/wp-json\/wp\/v2\/posts\/3508","targetHints":{"allow":["GET"]}}],"collection":[{"href":"http:\/\/www.semlh-morbihan.fr\/wordpress\/wp-json\/wp\/v2\/posts"}],"about":[{"href":"http:\/\/www.semlh-morbihan.fr\/wordpress\/wp-json\/wp\/v2\/types\/post"}],"author":[{"embeddable":true,"href":"http:\/\/www.semlh-morbihan.fr\/wordpress\/wp-json\/wp\/v2\/users\/329"}],"replies":[{"embeddable":true,"href":"http:\/\/www.semlh-morbihan.fr\/wordpress\/wp-json\/wp\/v2\/comments?post=3508"}],"version-history":[{"count":0,"href":"http:\/\/www.semlh-morbihan.fr\/wordpress\/wp-json\/wp\/v2\/posts\/3508\/revisions"}],"wp:attachment":[{"href":"http:\/\/www.semlh-morbihan.fr\/wordpress\/wp-json\/wp\/v2\/media?parent=3508"}],"wp:term":[{"taxonomy":"category","embeddable":true,"href":"http:\/\/www.semlh-morbihan.fr\/wordpress\/wp-json\/wp\/v2\/categories?post=3508"},{"taxonomy":"post_tag","embeddable":true,"href":"http:\/\/www.semlh-morbihan.fr\/wordpress\/wp-json\/wp\/v2\/tags?post=3508"}],"curies":[{"name":"wp","href":"https:\/\/api.w.org\/{rel}","templated":true}]}}