{"id":3563,"date":"2019-10-20T11:17:44","date_gmt":"2019-10-20T09:17:44","guid":{"rendered":"http:\/\/www.semlh-morbihan.fr\/wordpress\/2019\/10\/20\/compte-rendu-de-lassemblee-locale-du-comite-de-vannes-a-theix-noyalo-le-20-octobre\/"},"modified":"2019-10-20T11:17:44","modified_gmt":"2019-10-20T09:17:44","slug":"compte-rendu-de-lassemblee-locale-du-comite-de-vannes-a-theix-noyalo-le-20-octobre","status":"publish","type":"post","link":"http:\/\/www.semlh-morbihan.fr\/wordpress\/2019\/10\/20\/compte-rendu-de-lassemblee-locale-du-comite-de-vannes-a-theix-noyalo-le-20-octobre\/","title":{"rendered":"Compte rendu de l&rsquo;assembl\u00e9e locale du comit\u00e9 de Vannes \u00e0 Theix Noyalo le 20 octobre"},"content":{"rendered":"Vous devez \u00eatre connect\u00e9 pour voir ce contenu.","protected":false},"excerpt":{"rendered":"Vous devez \u00eatre connect\u00e9 pour voir ce contenu.","protected":false},"author":329,"featured_media":0,"comment_status":"open","ping_status":"open","sticky":false,"template":"","format":"standard","meta":{"footnotes":""},"categories":[350],"tags":[],"class_list":["post-3563","post","type-post","status-publish","format-standard","hentry","category-actualites-comite-du-pays-de-vannes","wpcat-350-id"],"_links":{"self":[{"href":"http:\/\/www.semlh-morbihan.fr\/wordpress\/wp-json\/wp\/v2\/posts\/3563","targetHints":{"allow":["GET"]}}],"collection":[{"href":"http:\/\/www.semlh-morbihan.fr\/wordpress\/wp-json\/wp\/v2\/posts"}],"about":[{"href":"http:\/\/www.semlh-morbihan.fr\/wordpress\/wp-json\/wp\/v2\/types\/post"}],"author":[{"embeddable":true,"href":"http:\/\/www.semlh-morbihan.fr\/wordpress\/wp-json\/wp\/v2\/users\/329"}],"replies":[{"embeddable":true,"href":"http:\/\/www.semlh-morbihan.fr\/wordpress\/wp-json\/wp\/v2\/comments?post=3563"}],"version-history":[{"count":0,"href":"http:\/\/www.semlh-morbihan.fr\/wordpress\/wp-json\/wp\/v2\/posts\/3563\/revisions"}],"wp:attachment":[{"href":"http:\/\/www.semlh-morbihan.fr\/wordpress\/wp-json\/wp\/v2\/media?parent=3563"}],"wp:term":[{"taxonomy":"category","embeddable":true,"href":"http:\/\/www.semlh-morbihan.fr\/wordpress\/wp-json\/wp\/v2\/categories?post=3563"},{"taxonomy":"post_tag","embeddable":true,"href":"http:\/\/www.semlh-morbihan.fr\/wordpress\/wp-json\/wp\/v2\/tags?post=3563"}],"curies":[{"name":"wp","href":"https:\/\/api.w.org\/{rel}","templated":true}]}}