{"id":3583,"date":"2019-11-20T19:31:15","date_gmt":"2019-11-20T18:31:15","guid":{"rendered":"http:\/\/www.semlh-morbihan.fr\/wordpress\/2019\/11\/20\/ceremonie-du-11-novembre-2019-a-theix-noyalo-inauguration-dune-plaque-du-souvenir-pour-agnes-de-nanteuil\/"},"modified":"2019-11-20T19:31:15","modified_gmt":"2019-11-20T18:31:15","slug":"ceremonie-du-11-novembre-2019-a-theix-noyalo-inauguration-dune-plaque-du-souvenir-pour-agnes-de-nanteuil","status":"publish","type":"post","link":"http:\/\/www.semlh-morbihan.fr\/wordpress\/2019\/11\/20\/ceremonie-du-11-novembre-2019-a-theix-noyalo-inauguration-dune-plaque-du-souvenir-pour-agnes-de-nanteuil\/","title":{"rendered":"C\u00e9r\u00e9monie du 11 novembre 2019 \u00e0 Theix-Noyalo. Inauguration d&rsquo;une plaque du souvenir pour Agn\u00e9s De Nanteuil"},"content":{"rendered":"Vous devez \u00eatre connect\u00e9 pour voir ce contenu.","protected":false},"excerpt":{"rendered":"Vous devez \u00eatre connect\u00e9 pour voir ce contenu.","protected":false},"author":329,"featured_media":0,"comment_status":"closed","ping_status":"open","sticky":false,"template":"","format":"standard","meta":{"footnotes":""},"categories":[417],"tags":[],"class_list":["post-3583","post","type-post","status-publish","format-standard","hentry","category-ceremonies-patriotiques","wpcat-417-id"],"_links":{"self":[{"href":"http:\/\/www.semlh-morbihan.fr\/wordpress\/wp-json\/wp\/v2\/posts\/3583","targetHints":{"allow":["GET"]}}],"collection":[{"href":"http:\/\/www.semlh-morbihan.fr\/wordpress\/wp-json\/wp\/v2\/posts"}],"about":[{"href":"http:\/\/www.semlh-morbihan.fr\/wordpress\/wp-json\/wp\/v2\/types\/post"}],"author":[{"embeddable":true,"href":"http:\/\/www.semlh-morbihan.fr\/wordpress\/wp-json\/wp\/v2\/users\/329"}],"replies":[{"embeddable":true,"href":"http:\/\/www.semlh-morbihan.fr\/wordpress\/wp-json\/wp\/v2\/comments?post=3583"}],"version-history":[{"count":0,"href":"http:\/\/www.semlh-morbihan.fr\/wordpress\/wp-json\/wp\/v2\/posts\/3583\/revisions"}],"wp:attachment":[{"href":"http:\/\/www.semlh-morbihan.fr\/wordpress\/wp-json\/wp\/v2\/media?parent=3583"}],"wp:term":[{"taxonomy":"category","embeddable":true,"href":"http:\/\/www.semlh-morbihan.fr\/wordpress\/wp-json\/wp\/v2\/categories?post=3583"},{"taxonomy":"post_tag","embeddable":true,"href":"http:\/\/www.semlh-morbihan.fr\/wordpress\/wp-json\/wp\/v2\/tags?post=3583"}],"curies":[{"name":"wp","href":"https:\/\/api.w.org\/{rel}","templated":true}]}}