{"id":3689,"date":"2020-02-17T16:20:16","date_gmt":"2020-02-17T15:20:16","guid":{"rendered":"http:\/\/www.semlh-morbihan.fr\/wordpress\/2020\/02\/17\/9-fevrier-2020-assemblee-generale-du-musee-de-lescadrille-des-sous-marins-de-latlantique-mesma\/"},"modified":"2020-07-07T08:59:14","modified_gmt":"2020-07-07T06:59:14","slug":"9-fevrier-2020-assemblee-generale-du-musee-de-lescadrille-des-sous-marins-de-latlantique-mesma","status":"publish","type":"post","link":"http:\/\/www.semlh-morbihan.fr\/wordpress\/2020\/02\/17\/9-fevrier-2020-assemblee-generale-du-musee-de-lescadrille-des-sous-marins-de-latlantique-mesma\/","title":{"rendered":"9 f\u00e9vrier 2020 &#8211; Assembl\u00e9e g\u00e9n\u00e9rale du mus\u00e9e de l&rsquo;escadrille des sous-marins de l&rsquo;Atlantique (MESMA\u00b0"},"content":{"rendered":"Vous devez \u00eatre connect\u00e9 pour voir ce contenu.","protected":false},"excerpt":{"rendered":"Vous devez \u00eatre connect\u00e9 pour voir ce contenu.","protected":false},"author":329,"featured_media":0,"comment_status":"closed","ping_status":"open","sticky":false,"template":"","format":"standard","meta":{"footnotes":""},"categories":[355,343],"tags":[],"class_list":["post-3689","post","type-post","status-publish","format-standard","hentry","category-actualites-comite-de-lorient","category-comite-de-lorient","wpcat-355-id","wpcat-343-id"],"_links":{"self":[{"href":"http:\/\/www.semlh-morbihan.fr\/wordpress\/wp-json\/wp\/v2\/posts\/3689","targetHints":{"allow":["GET"]}}],"collection":[{"href":"http:\/\/www.semlh-morbihan.fr\/wordpress\/wp-json\/wp\/v2\/posts"}],"about":[{"href":"http:\/\/www.semlh-morbihan.fr\/wordpress\/wp-json\/wp\/v2\/types\/post"}],"author":[{"embeddable":true,"href":"http:\/\/www.semlh-morbihan.fr\/wordpress\/wp-json\/wp\/v2\/users\/329"}],"replies":[{"embeddable":true,"href":"http:\/\/www.semlh-morbihan.fr\/wordpress\/wp-json\/wp\/v2\/comments?post=3689"}],"version-history":[{"count":0,"href":"http:\/\/www.semlh-morbihan.fr\/wordpress\/wp-json\/wp\/v2\/posts\/3689\/revisions"}],"wp:attachment":[{"href":"http:\/\/www.semlh-morbihan.fr\/wordpress\/wp-json\/wp\/v2\/media?parent=3689"}],"wp:term":[{"taxonomy":"category","embeddable":true,"href":"http:\/\/www.semlh-morbihan.fr\/wordpress\/wp-json\/wp\/v2\/categories?post=3689"},{"taxonomy":"post_tag","embeddable":true,"href":"http:\/\/www.semlh-morbihan.fr\/wordpress\/wp-json\/wp\/v2\/tags?post=3689"}],"curies":[{"name":"wp","href":"https:\/\/api.w.org\/{rel}","templated":true}]}}