{"id":3706,"date":"2020-05-08T12:02:43","date_gmt":"2020-05-08T10:02:43","guid":{"rendered":"http:\/\/www.semlh-morbihan.fr\/wordpress\/2020\/05\/08\/deces-de-monsieur-patrick-lefeubvre-ancien-president-du-souvenir-francais-du-comite-de-quiberon-ria-detel\/"},"modified":"2020-05-08T12:02:43","modified_gmt":"2020-05-08T10:02:43","slug":"deces-de-monsieur-patrick-lefeubvre-ancien-president-du-souvenir-francais-du-comite-de-quiberon-ria-detel","status":"publish","type":"post","link":"http:\/\/www.semlh-morbihan.fr\/wordpress\/2020\/05\/08\/deces-de-monsieur-patrick-lefeubvre-ancien-president-du-souvenir-francais-du-comite-de-quiberon-ria-detel\/","title":{"rendered":"D\u00e9c\u00e8s de monsieur Patrick Lefeubvre, ancien pr\u00e9sident du Souvenir Fran\u00e7ais du comit\u00e9 de Quiberon Ria d&rsquo;Etel"},"content":{"rendered":"Vous devez \u00eatre connect\u00e9 pour voir ce contenu.","protected":false},"excerpt":{"rendered":"Vous devez \u00eatre connect\u00e9 pour voir ce contenu.","protected":false},"author":329,"featured_media":0,"comment_status":"open","ping_status":"open","sticky":false,"template":"","format":"standard","meta":{"footnotes":""},"categories":[403],"tags":[],"class_list":["post-3706","post","type-post","status-publish","format-standard","hentry","category-les-deces-comite-du-pays-dauray","wpcat-403-id"],"_links":{"self":[{"href":"http:\/\/www.semlh-morbihan.fr\/wordpress\/wp-json\/wp\/v2\/posts\/3706","targetHints":{"allow":["GET"]}}],"collection":[{"href":"http:\/\/www.semlh-morbihan.fr\/wordpress\/wp-json\/wp\/v2\/posts"}],"about":[{"href":"http:\/\/www.semlh-morbihan.fr\/wordpress\/wp-json\/wp\/v2\/types\/post"}],"author":[{"embeddable":true,"href":"http:\/\/www.semlh-morbihan.fr\/wordpress\/wp-json\/wp\/v2\/users\/329"}],"replies":[{"embeddable":true,"href":"http:\/\/www.semlh-morbihan.fr\/wordpress\/wp-json\/wp\/v2\/comments?post=3706"}],"version-history":[{"count":0,"href":"http:\/\/www.semlh-morbihan.fr\/wordpress\/wp-json\/wp\/v2\/posts\/3706\/revisions"}],"wp:attachment":[{"href":"http:\/\/www.semlh-morbihan.fr\/wordpress\/wp-json\/wp\/v2\/media?parent=3706"}],"wp:term":[{"taxonomy":"category","embeddable":true,"href":"http:\/\/www.semlh-morbihan.fr\/wordpress\/wp-json\/wp\/v2\/categories?post=3706"},{"taxonomy":"post_tag","embeddable":true,"href":"http:\/\/www.semlh-morbihan.fr\/wordpress\/wp-json\/wp\/v2\/tags?post=3706"}],"curies":[{"name":"wp","href":"https:\/\/api.w.org\/{rel}","templated":true}]}}