{"id":3715,"date":"2020-05-01T16:48:00","date_gmt":"2020-05-01T14:48:00","guid":{"rendered":"http:\/\/www.semlh-morbihan.fr\/wordpress\/2020\/05\/01\/deces-de-jean-paul-hamel-porte-drapeau-du-comite-et-de-la-section-de-vannes-le-10-mai-2020\/"},"modified":"2020-07-14T08:54:54","modified_gmt":"2020-07-14T06:54:54","slug":"deces-de-jean-paul-hamel-porte-drapeau-du-comite-et-de-la-section-de-vannes-le-10-mai-2020","status":"publish","type":"post","link":"http:\/\/www.semlh-morbihan.fr\/wordpress\/2020\/05\/01\/deces-de-jean-paul-hamel-porte-drapeau-du-comite-et-de-la-section-de-vannes-le-10-mai-2020\/","title":{"rendered":"D\u00e9c\u00e8s de Jean-Paul Hamel, porte-drapeau du comit\u00e9 et de la section de Vannes le 10 mai 2020"},"content":{"rendered":"Vous devez \u00eatre connect\u00e9 pour voir ce contenu.","protected":false},"excerpt":{"rendered":"Vous devez \u00eatre connect\u00e9 pour voir ce contenu.","protected":false},"author":329,"featured_media":0,"comment_status":"open","ping_status":"open","sticky":false,"template":"","format":"standard","meta":{"footnotes":""},"categories":[397],"tags":[],"class_list":["post-3715","post","type-post","status-publish","format-standard","hentry","category-deces-de-societaires","wpcat-397-id"],"_links":{"self":[{"href":"http:\/\/www.semlh-morbihan.fr\/wordpress\/wp-json\/wp\/v2\/posts\/3715","targetHints":{"allow":["GET"]}}],"collection":[{"href":"http:\/\/www.semlh-morbihan.fr\/wordpress\/wp-json\/wp\/v2\/posts"}],"about":[{"href":"http:\/\/www.semlh-morbihan.fr\/wordpress\/wp-json\/wp\/v2\/types\/post"}],"author":[{"embeddable":true,"href":"http:\/\/www.semlh-morbihan.fr\/wordpress\/wp-json\/wp\/v2\/users\/329"}],"replies":[{"embeddable":true,"href":"http:\/\/www.semlh-morbihan.fr\/wordpress\/wp-json\/wp\/v2\/comments?post=3715"}],"version-history":[{"count":0,"href":"http:\/\/www.semlh-morbihan.fr\/wordpress\/wp-json\/wp\/v2\/posts\/3715\/revisions"}],"wp:attachment":[{"href":"http:\/\/www.semlh-morbihan.fr\/wordpress\/wp-json\/wp\/v2\/media?parent=3715"}],"wp:term":[{"taxonomy":"category","embeddable":true,"href":"http:\/\/www.semlh-morbihan.fr\/wordpress\/wp-json\/wp\/v2\/categories?post=3715"},{"taxonomy":"post_tag","embeddable":true,"href":"http:\/\/www.semlh-morbihan.fr\/wordpress\/wp-json\/wp\/v2\/tags?post=3715"}],"curies":[{"name":"wp","href":"https:\/\/api.w.org\/{rel}","templated":true}]}}