{"id":3753,"date":"2013-06-24T00:00:00","date_gmt":"2013-06-23T22:00:00","guid":{"rendered":"http:\/\/www.semlh-morbihan.fr\/wordpress\/2013\/06\/24\/vendredi-12-avril-2013-assemblee-locale-du-comite-de-ploermel\/"},"modified":"2020-07-07T07:47:53","modified_gmt":"2020-07-07T05:47:53","slug":"vendredi-12-avril-2013-assemblee-locale-du-comite-de-ploermel","status":"publish","type":"post","link":"http:\/\/www.semlh-morbihan.fr\/wordpress\/2013\/06\/24\/vendredi-12-avril-2013-assemblee-locale-du-comite-de-ploermel\/","title":{"rendered":"vendredi 12 avril 2013 &#8211; assembl\u00e9e locale du comit\u00e9 de Ploermel"},"content":{"rendered":"Vous devez \u00eatre connect\u00e9 pour voir ce contenu.","protected":false},"excerpt":{"rendered":"Vous devez \u00eatre connect\u00e9 pour voir ce contenu.","protected":false},"author":329,"featured_media":0,"comment_status":"open","ping_status":"open","sticky":false,"template":"","format":"standard","meta":{"footnotes":""},"categories":[344],"tags":[],"class_list":["post-3753","post","type-post","status-publish","format-standard","hentry","category-comite-de-ploermel-coetquidan","wpcat-344-id"],"_links":{"self":[{"href":"http:\/\/www.semlh-morbihan.fr\/wordpress\/wp-json\/wp\/v2\/posts\/3753","targetHints":{"allow":["GET"]}}],"collection":[{"href":"http:\/\/www.semlh-morbihan.fr\/wordpress\/wp-json\/wp\/v2\/posts"}],"about":[{"href":"http:\/\/www.semlh-morbihan.fr\/wordpress\/wp-json\/wp\/v2\/types\/post"}],"author":[{"embeddable":true,"href":"http:\/\/www.semlh-morbihan.fr\/wordpress\/wp-json\/wp\/v2\/users\/329"}],"replies":[{"embeddable":true,"href":"http:\/\/www.semlh-morbihan.fr\/wordpress\/wp-json\/wp\/v2\/comments?post=3753"}],"version-history":[{"count":0,"href":"http:\/\/www.semlh-morbihan.fr\/wordpress\/wp-json\/wp\/v2\/posts\/3753\/revisions"}],"wp:attachment":[{"href":"http:\/\/www.semlh-morbihan.fr\/wordpress\/wp-json\/wp\/v2\/media?parent=3753"}],"wp:term":[{"taxonomy":"category","embeddable":true,"href":"http:\/\/www.semlh-morbihan.fr\/wordpress\/wp-json\/wp\/v2\/categories?post=3753"},{"taxonomy":"post_tag","embeddable":true,"href":"http:\/\/www.semlh-morbihan.fr\/wordpress\/wp-json\/wp\/v2\/tags?post=3753"}],"curies":[{"name":"wp","href":"https:\/\/api.w.org\/{rel}","templated":true}]}}