{"id":3756,"date":"2016-04-13T19:03:00","date_gmt":"2016-04-13T17:03:00","guid":{"rendered":"http:\/\/www.semlh-morbihan.fr\/wordpress\/2016\/04\/13\/assemblee-locale-du-comite-de-ploermel-coetquidan-le-26-avril-2016-2\/"},"modified":"2020-07-07T07:46:40","modified_gmt":"2020-07-07T05:46:40","slug":"assemblee-locale-du-comite-de-ploermel-coetquidan-le-26-avril-2016-2","status":"publish","type":"post","link":"http:\/\/www.semlh-morbihan.fr\/wordpress\/2016\/04\/13\/assemblee-locale-du-comite-de-ploermel-coetquidan-le-26-avril-2016-2\/","title":{"rendered":"Assembl\u00e9e locale du comit\u00e9 de Ploermel-Co\u00ebtquidan le 26 avril 2016"},"content":{"rendered":"Vous devez \u00eatre connect\u00e9 pour voir ce contenu.","protected":false},"excerpt":{"rendered":"Vous devez \u00eatre connect\u00e9 pour voir ce contenu.","protected":false},"author":329,"featured_media":0,"comment_status":"open","ping_status":"open","sticky":false,"template":"","format":"standard","meta":{"footnotes":""},"categories":[344],"tags":[],"class_list":["post-3756","post","type-post","status-publish","format-standard","hentry","category-comite-de-ploermel-coetquidan","wpcat-344-id"],"_links":{"self":[{"href":"http:\/\/www.semlh-morbihan.fr\/wordpress\/wp-json\/wp\/v2\/posts\/3756","targetHints":{"allow":["GET"]}}],"collection":[{"href":"http:\/\/www.semlh-morbihan.fr\/wordpress\/wp-json\/wp\/v2\/posts"}],"about":[{"href":"http:\/\/www.semlh-morbihan.fr\/wordpress\/wp-json\/wp\/v2\/types\/post"}],"author":[{"embeddable":true,"href":"http:\/\/www.semlh-morbihan.fr\/wordpress\/wp-json\/wp\/v2\/users\/329"}],"replies":[{"embeddable":true,"href":"http:\/\/www.semlh-morbihan.fr\/wordpress\/wp-json\/wp\/v2\/comments?post=3756"}],"version-history":[{"count":0,"href":"http:\/\/www.semlh-morbihan.fr\/wordpress\/wp-json\/wp\/v2\/posts\/3756\/revisions"}],"wp:attachment":[{"href":"http:\/\/www.semlh-morbihan.fr\/wordpress\/wp-json\/wp\/v2\/media?parent=3756"}],"wp:term":[{"taxonomy":"category","embeddable":true,"href":"http:\/\/www.semlh-morbihan.fr\/wordpress\/wp-json\/wp\/v2\/categories?post=3756"},{"taxonomy":"post_tag","embeddable":true,"href":"http:\/\/www.semlh-morbihan.fr\/wordpress\/wp-json\/wp\/v2\/tags?post=3756"}],"curies":[{"name":"wp","href":"https:\/\/api.w.org\/{rel}","templated":true}]}}