{"id":3760,"date":"2017-10-31T19:21:43","date_gmt":"2017-10-31T18:21:43","guid":{"rendered":"http:\/\/www.semlh-morbihan.fr\/wordpress\/2017\/10\/31\/assemblee-locale-du-comite-le-8-novembre-a-17h30-aux-ecoles-de-coetquidan\/"},"modified":"2020-07-07T07:45:34","modified_gmt":"2020-07-07T05:45:34","slug":"assemblee-locale-du-comite-le-8-novembre-a-17h30-aux-ecoles-de-coetquidan","status":"publish","type":"post","link":"http:\/\/www.semlh-morbihan.fr\/wordpress\/2017\/10\/31\/assemblee-locale-du-comite-le-8-novembre-a-17h30-aux-ecoles-de-coetquidan\/","title":{"rendered":"Assembl\u00e9e locale du comit\u00e9 le 8 novembre \u00e0 17h30 aux \u00e9coles de Coetquidan"},"content":{"rendered":"Vous devez \u00eatre connect\u00e9 pour voir ce contenu.","protected":false},"excerpt":{"rendered":"Vous devez \u00eatre connect\u00e9 pour voir ce contenu.","protected":false},"author":329,"featured_media":0,"comment_status":"open","ping_status":"open","sticky":false,"template":"","format":"standard","meta":{"footnotes":""},"categories":[344],"tags":[],"class_list":["post-3760","post","type-post","status-publish","format-standard","hentry","category-comite-de-ploermel-coetquidan","wpcat-344-id"],"_links":{"self":[{"href":"http:\/\/www.semlh-morbihan.fr\/wordpress\/wp-json\/wp\/v2\/posts\/3760","targetHints":{"allow":["GET"]}}],"collection":[{"href":"http:\/\/www.semlh-morbihan.fr\/wordpress\/wp-json\/wp\/v2\/posts"}],"about":[{"href":"http:\/\/www.semlh-morbihan.fr\/wordpress\/wp-json\/wp\/v2\/types\/post"}],"author":[{"embeddable":true,"href":"http:\/\/www.semlh-morbihan.fr\/wordpress\/wp-json\/wp\/v2\/users\/329"}],"replies":[{"embeddable":true,"href":"http:\/\/www.semlh-morbihan.fr\/wordpress\/wp-json\/wp\/v2\/comments?post=3760"}],"version-history":[{"count":0,"href":"http:\/\/www.semlh-morbihan.fr\/wordpress\/wp-json\/wp\/v2\/posts\/3760\/revisions"}],"wp:attachment":[{"href":"http:\/\/www.semlh-morbihan.fr\/wordpress\/wp-json\/wp\/v2\/media?parent=3760"}],"wp:term":[{"taxonomy":"category","embeddable":true,"href":"http:\/\/www.semlh-morbihan.fr\/wordpress\/wp-json\/wp\/v2\/categories?post=3760"},{"taxonomy":"post_tag","embeddable":true,"href":"http:\/\/www.semlh-morbihan.fr\/wordpress\/wp-json\/wp\/v2\/tags?post=3760"}],"curies":[{"name":"wp","href":"https:\/\/api.w.org\/{rel}","templated":true}]}}