{"id":4345,"date":"2020-07-03T08:02:58","date_gmt":"2020-07-03T06:02:58","guid":{"rendered":"http:\/\/www.semlh-morbihan.fr\/wordpress\/?p=4345"},"modified":"2021-04-11T10:28:17","modified_gmt":"2021-04-11T08:28:17","slug":"les-100-ans-de-jean-toutay","status":"publish","type":"post","link":"http:\/\/www.semlh-morbihan.fr\/wordpress\/2020\/07\/03\/les-100-ans-de-jean-toutay\/","title":{"rendered":"Les 100 ans de Jean Toutay"},"content":{"rendered":"<div class=\"mceTemp\">\n<p><img loading=\"lazy\" decoding=\"async\" src=\"http:\/\/www.semlh-morbihan.fr\/wordpress\/wp-content\/uploads\/2020\/07\/DSC_0151-600x400.jpg\" alt=\"Les 100 ans de Jean Toutay\" width=\"600\" height=\"400\" data-wp-editing=\"1\" \/><\/p>\n<p>de gauche \u00e0 droite, madame Anthony, fille de Toutay, Margareta Sauvageot, Mich\u00e8le Th\u00e9ry, Jean Toutay, Andr\u00e9 Le Vaillant, Annick Guillou-Moinard pr\u00e9sentant le livre offert sur la l\u00e9gion d&rsquo;honneur et la m\u00e9daille grav\u00e9e,\u00a0 Jean-Claude Bietrix, Guillaume Armand, Patrick Lamand\u00e9 et Jacques Le GoasterUne petite d\u00e9l\u00e9gation du bureau du comit\u00e9 d&rsquo;Auray a f\u00eat\u00e9 l&rsquo;anniversaire de notre soci\u00e9taire Jean Toutay dans sa propri\u00e9t\u00e9. Ci-dessous quelques photos (cr\u00e9dits photos : Christine Lamand\u00e9)<!--more--><\/p>\n<p style=\"text-align: center;\"><div id=\"metaslider-id-4582\" style=\"width: 100%;\" class=\"ml-slider-3-108-0 metaslider metaslider-nivo metaslider-4582 ml-slider has-dots-nav ms-theme-default\" role=\"region\" aria-label=\"100 ans de M. Toutay\" data-height=\"800\" data-width=\"800\">\n    <div id=\"metaslider_container_4582\">\n        <div class='slider-wrapper theme-default'><div class='ribbon'><\/div><div id='metaslider_4582' class='nivoSlider'><img loading=\"lazy\" decoding=\"async\" src=\"http:\/\/www.semlh-morbihan.fr\/wordpress\/wp-content\/uploads\/2020\/07\/fort_de_Penthi\u00e8vre_Joly-800x800.jpg\" height=\"800\" width=\"800\" title=\"fort_de_Penthi\u00e8vre_Joly\" alt=\"\" class=\"slider-4582 slide-5081 msDefaultImage\" \/><img loading=\"lazy\" decoding=\"async\" src=\"http:\/\/www.semlh-morbihan.fr\/wordpress\/wp-content\/uploads\/2020\/07\/discours_du_sous_pr\u00e9fet-800x800.jpg\" height=\"800\" width=\"800\" title=\"discours_du_sous_pr\u00e9fet\" alt=\"\" class=\"slider-4582 slide-5082 msDefaultImage\" \/><img loading=\"lazy\" decoding=\"async\" src=\"http:\/\/www.semlh-morbihan.fr\/wordpress\/wp-content\/uploads\/2020\/07\/discours_du_maire_de_Locmin\u00e9-800x800.jpg\" height=\"800\" width=\"800\" title=\"discours_du_maire_de_Locmin\u00e9\" alt=\"\" class=\"slider-4582 slide-5083 msDefaultImage\" \/><img loading=\"lazy\" decoding=\"async\" src=\"http:\/\/www.semlh-morbihan.fr\/wordpress\/wp-content\/uploads\/2020\/07\/discours_de_-800x800.jpg\" height=\"800\" width=\"800\" title=\"discours_de_\" alt=\"\" class=\"slider-4582 slide-5084 msDefaultImage\" \/><img loading=\"lazy\" decoding=\"async\" src=\"http:\/\/www.semlh-morbihan.fr\/wordpress\/wp-content\/uploads\/2020\/07\/vue_globale_des_autorit\u00e9s_et_des_drapeaux-800x800.jpg\" height=\"800\" width=\"800\" title=\"vue_globale_des_autorit\u00e9s_et_des_drapeaux\" alt=\"\" class=\"slider-4582 slide-5085 msDefaultImage\" \/><img loading=\"lazy\" decoding=\"async\" src=\"http:\/\/www.semlh-morbihan.fr\/wordpress\/wp-content\/uploads\/2020\/07\/monument_fort_de_Penthi\u00e8vre-800x800.jpg\" height=\"800\" width=\"800\" title=\"monument_fort_de_Penthi\u00e8vre\" alt=\"\" class=\"slider-4582 slide-5086 msDefaultImage\" \/><img loading=\"lazy\" decoding=\"async\" src=\"http:\/\/www.semlh-morbihan.fr\/wordpress\/wp-content\/uploads\/2020\/07\/le-t\u00e9l\u00e9grappe-800x800.jpg\" height=\"800\" width=\"800\" title=\"le-t\u00e9l\u00e9gramme\" alt=\"\" class=\"slider-4582 slide-5087 msDefaultImage\" \/><\/div><\/div>\n        \n    <\/div>\n<\/div><\/p>\n<p style=\"text-align: center;\"><span style=\"text-decoration: underline;\"><strong>Discours de madame Annick Guillou-Moinard<\/strong><\/span><\/p>\n<p style=\"text-align: justify;\">Jean Toutay est n\u00e9 le 15 mai 1920 \u00e0 Paris ; il a effectu\u00e9 sa scolarit\u00e9 au coll\u00e8ge Albert de Mun.<\/p>\n<p style=\"text-align: justify;\">Il poursuit ses \u00e9tudes \u00e0 la facult\u00e9 de droit puis l&rsquo;\u00e9cole des Sciences politiques de Paris (science Po Paris) et passe avec succ\u00e8s le concours du minist\u00e8re des finances.<\/p>\n<p style=\"text-align: justify;\">Il entre, alors, \u00e0 23 ans au minist\u00e8re des finances o\u00f9 il g\u00e8re plus particuli\u00e8rement le plan Marshall et relance les exportations de vins et cognac.<\/p>\n<p style=\"text-align: justify;\">Il\u00a0 est mut\u00e9 \u00e0 l&rsquo;ambassade de Washington. Il revient en France au minist\u00e8re des finances pour mettre en place les premi\u00e8res n\u00e9gociations d&rsquo;accord \u00e9conomique avec la Russie et les pays de l&rsquo;Est. Il signe le premier accord franco-russe au Kremlin \u00e0 Moscou avec Monsieur Giscard d&rsquo;Estaing, pr\u00e9sident de la r\u00e9publique, qui \u00e0 cette occasion, lui d\u00e9cerne la l\u00e9gion d&rsquo;honneur.<\/p>\n<p style=\"text-align: justify;\">Apr\u00e8s avoir quitt\u00e9 la fonction publique, il entre aux chantiers de l&rsquo;Atlantique o\u00f9 il participe au d\u00e9veloppement avec monsieur Pierre Loyges.<\/p>\n<p style=\"text-align: justify;\">Apr\u00e8s des missions pour Technip et autres soci\u00e9t\u00e9s, il int\u00e8gre la CGE o\u00f9 il obtient le contrat d&rsquo;\u00e9lectrification des \u00celes Philippines. Il est charg\u00e9 \u00e0 Manille de la mis en en place du contrat avec des centrales \u00e0 bois et thermiques. Il programme un projet de centrale nucl\u00e9aire flottante qui n&rsquo;arrivera pas \u00e0 terme en raison d&rsquo;un tsunami.<\/p>\n<p style=\"text-align: justify;\">Jean Toutay d\u00e9cide de s&rsquo;installer dans le Morbihan pour sa retraite. Il a une fille mari\u00e9e, deux petits enfants et quatre arri\u00e8re petits enfants.<\/p>\n<p style=\"text-align: justify;\">Une vie bien remplie qui ne l&#8217;emp\u00eache pas de faire du sport, notamment de la marche \u00e0 pied ; quelque soit le temps, Jean Toutay fait le tour de sa propri\u00e9t\u00e9 sur une distance de 2km.<\/p>\n<p style=\"text-align: justify;\">Devant sa vigueur intellectuelle et physique, nous lui avons souhait\u00e9 un joyeux aniversaire. A cette occasion, le comit\u00e9 d&rsquo;Auray par l&rsquo;entremise de sa pr\u00e9sidente, Annick Guillou-Moinard, lui a remise la m\u00e9daille souvenir de la SMLH, grav\u00e9e pour cette occasion, ainsi qu&rsquo;un beau livre retra\u00e7ant l&rsquo;histoire dans la l\u00e9gion d&rsquo;honneur depuis sa cr\u00e9ation.<\/p>\n<p style=\"text-align: justify;\">Madame Annick Guillou-Moinard<\/p>\n<p style=\"text-align: justify;\">pr\u00e9sidente du comit\u00e9 SMLH d&rsquo;Auray<\/p>\n<p><span style=\"text-decoration: underline;\"><strong>Les articles dans la presse<\/strong><\/span><\/p>\n<p style=\"text-align: left;\"><img loading=\"lazy\" decoding=\"async\" class=\"alignnone size-medium wp-image-4356\" src=\"http:\/\/www.semlh-morbihan.fr\/wordpress\/wp-content\/uploads\/2020\/07\/article_OF_Jean_Toutay_100ans-600x541.jpg\" alt=\"\" width=\"600\" height=\"541\" \/><\/p>\n<p><img loading=\"lazy\" decoding=\"async\" class=\"alignnone size-medium wp-image-4358 alignleft\" src=\"http:\/\/www.semlh-morbihan.fr\/wordpress\/wp-content\/uploads\/2020\/07\/article_le_T\u00e9l\u00e9gramme_Jean_Toutay_100ans-600x461.jpg\" alt=\"article du T\u00e9l\u00e9gramme sur les 100 ans de Jean Toutay\" width=\"600\" height=\"461\" \/><\/p>\n","protected":false},"excerpt":{"rendered":"<p>de gauche \u00e0 droite, madame Anthony, fille de Toutay, Margareta Sauvageot, Mich\u00e8le Th\u00e9ry, Jean Toutay, Andr\u00e9 Le Vaillant, Annick Guillou-Moinard pr\u00e9sentant le livre offert sur&#8230;<\/p>\n","protected":false},"author":329,"featured_media":0,"comment_status":"open","ping_status":"open","sticky":false,"template":"","format":"standard","meta":{"footnotes":""},"categories":[348],"tags":[],"class_list":["post-4345","post","type-post","status-publish","format-standard","hentry","category-actualites","wpcat-348-id"],"_links":{"self":[{"href":"http:\/\/www.semlh-morbihan.fr\/wordpress\/wp-json\/wp\/v2\/posts\/4345","targetHints":{"allow":["GET"]}}],"collection":[{"href":"http:\/\/www.semlh-morbihan.fr\/wordpress\/wp-json\/wp\/v2\/posts"}],"about":[{"href":"http:\/\/www.semlh-morbihan.fr\/wordpress\/wp-json\/wp\/v2\/types\/post"}],"author":[{"embeddable":true,"href":"http:\/\/www.semlh-morbihan.fr\/wordpress\/wp-json\/wp\/v2\/users\/329"}],"replies":[{"embeddable":true,"href":"http:\/\/www.semlh-morbihan.fr\/wordpress\/wp-json\/wp\/v2\/comments?post=4345"}],"version-history":[{"count":5,"href":"http:\/\/www.semlh-morbihan.fr\/wordpress\/wp-json\/wp\/v2\/posts\/4345\/revisions"}],"predecessor-version":[{"id":5805,"href":"http:\/\/www.semlh-morbihan.fr\/wordpress\/wp-json\/wp\/v2\/posts\/4345\/revisions\/5805"}],"wp:attachment":[{"href":"http:\/\/www.semlh-morbihan.fr\/wordpress\/wp-json\/wp\/v2\/media?parent=4345"}],"wp:term":[{"taxonomy":"category","embeddable":true,"href":"http:\/\/www.semlh-morbihan.fr\/wordpress\/wp-json\/wp\/v2\/categories?post=4345"},{"taxonomy":"post_tag","embeddable":true,"href":"http:\/\/www.semlh-morbihan.fr\/wordpress\/wp-json\/wp\/v2\/tags?post=4345"}],"curies":[{"name":"wp","href":"https:\/\/api.w.org\/{rel}","templated":true}]}}