{"id":4762,"date":"2020-07-09T18:19:14","date_gmt":"2020-07-09T16:19:14","guid":{"rendered":"http:\/\/www.semlh-morbihan.fr\/wordpress\/?p=4762"},"modified":"2020-07-12T13:03:49","modified_gmt":"2020-07-12T11:03:49","slug":"commemortion-des-combats-de-saint-marcel","status":"publish","type":"post","link":"http:\/\/www.semlh-morbihan.fr\/wordpress\/2020\/07\/09\/commemortion-des-combats-de-saint-marcel\/","title":{"rendered":"Comm\u00e9moration des combats de Saint Marcel"},"content":{"rendered":"<p>&nbsp;<\/p>\n<p>Il s&rsquo;agissait, comme tous les ans, de la comm\u00e9moration des combats de Saint Marcel, le 18 juin 1944. La c\u00e9r\u00e9monie -a vec une trentaine de drapeaux- s&rsquo;est d\u00e9roul\u00e9e en 2 temps : \u00e0 10 heures, en comit\u00e9 restreint, un d\u00e9p\u00f4t de gerbe \u00e0 la croix des Parachutistes, au milieu des landes de Pinieux, en S\u00e9rent (lieu de massacre de plusieurs parachutistes) et \u00e0 10 h 30, la c\u00e9r\u00e9monie officielle avec les diverses autorit\u00e9s civiles et militaires.<\/p>\n<p>Sur la photo, de gauche \u00e0 droite : le porte drapeau de la commune de S\u00e9rent (les deux monuments sont sur S\u00e9rent), la directrice de l&rsquo;ONAC, Anne Geslin, le maire de S\u00e9rent (nouveau maire) Yves Hutter, Pierre Oillo et ton serviteur.<\/p>\n<p>Guy de Kersabiec<\/p>\n<p>Vice-pr\u00e9sident (H) du Conseil d\u00e9partemental du Morbihan<\/p>\n<p>Maire (H) de Saint Brieuc de Mauron<\/p>\n<p>Pr\u00e9sident du comit\u00e9 de la L\u00e9gion d&rsquo;Honneur de Plo\u00ebrmel-Co\u00ebtquidan<\/p>\n","protected":false},"excerpt":{"rendered":"<p>&nbsp; Il s&rsquo;agissait, comme tous les ans, de la comm\u00e9moration des combats de Saint Marcel, le 18 juin 1944. La c\u00e9r\u00e9monie -a vec une trentaine&#8230;<\/p>\n","protected":false},"author":329,"featured_media":4764,"comment_status":"closed","ping_status":"open","sticky":false,"template":"","format":"standard","meta":{"footnotes":""},"categories":[365,344],"tags":[],"class_list":["post-4762","post","type-post","status-publish","format-standard","has-post-thumbnail","hentry","category-actualites-comite-de-ploermel-coetquidan","category-comite-de-ploermel-coetquidan","wpcat-365-id","wpcat-344-id"],"_links":{"self":[{"href":"http:\/\/www.semlh-morbihan.fr\/wordpress\/wp-json\/wp\/v2\/posts\/4762","targetHints":{"allow":["GET"]}}],"collection":[{"href":"http:\/\/www.semlh-morbihan.fr\/wordpress\/wp-json\/wp\/v2\/posts"}],"about":[{"href":"http:\/\/www.semlh-morbihan.fr\/wordpress\/wp-json\/wp\/v2\/types\/post"}],"author":[{"embeddable":true,"href":"http:\/\/www.semlh-morbihan.fr\/wordpress\/wp-json\/wp\/v2\/users\/329"}],"replies":[{"embeddable":true,"href":"http:\/\/www.semlh-morbihan.fr\/wordpress\/wp-json\/wp\/v2\/comments?post=4762"}],"version-history":[{"count":5,"href":"http:\/\/www.semlh-morbihan.fr\/wordpress\/wp-json\/wp\/v2\/posts\/4762\/revisions"}],"predecessor-version":[{"id":4766,"href":"http:\/\/www.semlh-morbihan.fr\/wordpress\/wp-json\/wp\/v2\/posts\/4762\/revisions\/4766"}],"wp:featuredmedia":[{"embeddable":true,"href":"http:\/\/www.semlh-morbihan.fr\/wordpress\/wp-json\/wp\/v2\/media\/4764"}],"wp:attachment":[{"href":"http:\/\/www.semlh-morbihan.fr\/wordpress\/wp-json\/wp\/v2\/media?parent=4762"}],"wp:term":[{"taxonomy":"category","embeddable":true,"href":"http:\/\/www.semlh-morbihan.fr\/wordpress\/wp-json\/wp\/v2\/categories?post=4762"},{"taxonomy":"post_tag","embeddable":true,"href":"http:\/\/www.semlh-morbihan.fr\/wordpress\/wp-json\/wp\/v2\/tags?post=4762"}],"curies":[{"name":"wp","href":"https:\/\/api.w.org\/{rel}","templated":true}]}}