{"id":5671,"date":"2020-12-07T18:18:16","date_gmt":"2020-12-07T17:18:16","guid":{"rendered":"http:\/\/www.semlh-morbihan.fr\/wordpress\/?p=5671"},"modified":"2020-12-07T18:18:21","modified_gmt":"2020-12-07T17:18:21","slug":"le-general2s-philippe-prevost-remet-les-insignes-dofficier-de-la-legion-dhonneur-a-ladjudant-chef-yves-le-gal-au-plateau-de-la-garenne-vannes","status":"publish","type":"post","link":"http:\/\/www.semlh-morbihan.fr\/wordpress\/2020\/12\/07\/le-general2s-philippe-prevost-remet-les-insignes-dofficier-de-la-legion-dhonneur-a-ladjudant-chef-yves-le-gal-au-plateau-de-la-garenne-vannes\/","title":{"rendered":"Le g\u00e9n\u00e9ral(2s) Philippe Pr\u00e9vost remet les insignes d&rsquo;officier de la l\u00e9gion d&rsquo;honneur \u00e0 l&rsquo;Adjudant-chef Yves Le Gal au plateau de la Garenne, Vannes"},"content":{"rendered":"Vous devez \u00eatre connect\u00e9 pour voir ce contenu.","protected":false},"excerpt":{"rendered":"Vous devez \u00eatre connect\u00e9 pour voir ce contenu.","protected":false},"author":329,"featured_media":5672,"comment_status":"closed","ping_status":"open","sticky":false,"template":"","format":"standard","meta":{"footnotes":""},"categories":[1],"tags":[],"class_list":["post-5671","post","type-post","status-publish","format-standard","has-post-thumbnail","hentry","category-non-classe","wpcat-1-id"],"_links":{"self":[{"href":"http:\/\/www.semlh-morbihan.fr\/wordpress\/wp-json\/wp\/v2\/posts\/5671","targetHints":{"allow":["GET"]}}],"collection":[{"href":"http:\/\/www.semlh-morbihan.fr\/wordpress\/wp-json\/wp\/v2\/posts"}],"about":[{"href":"http:\/\/www.semlh-morbihan.fr\/wordpress\/wp-json\/wp\/v2\/types\/post"}],"author":[{"embeddable":true,"href":"http:\/\/www.semlh-morbihan.fr\/wordpress\/wp-json\/wp\/v2\/users\/329"}],"replies":[{"embeddable":true,"href":"http:\/\/www.semlh-morbihan.fr\/wordpress\/wp-json\/wp\/v2\/comments?post=5671"}],"version-history":[{"count":1,"href":"http:\/\/www.semlh-morbihan.fr\/wordpress\/wp-json\/wp\/v2\/posts\/5671\/revisions"}],"predecessor-version":[{"id":5674,"href":"http:\/\/www.semlh-morbihan.fr\/wordpress\/wp-json\/wp\/v2\/posts\/5671\/revisions\/5674"}],"wp:featuredmedia":[{"embeddable":true,"href":"http:\/\/www.semlh-morbihan.fr\/wordpress\/wp-json\/wp\/v2\/media\/5672"}],"wp:attachment":[{"href":"http:\/\/www.semlh-morbihan.fr\/wordpress\/wp-json\/wp\/v2\/media?parent=5671"}],"wp:term":[{"taxonomy":"category","embeddable":true,"href":"http:\/\/www.semlh-morbihan.fr\/wordpress\/wp-json\/wp\/v2\/categories?post=5671"},{"taxonomy":"post_tag","embeddable":true,"href":"http:\/\/www.semlh-morbihan.fr\/wordpress\/wp-json\/wp\/v2\/tags?post=5671"}],"curies":[{"name":"wp","href":"https:\/\/api.w.org\/{rel}","templated":true}]}}