{"id":5728,"date":"2021-02-26T18:00:04","date_gmt":"2021-02-26T17:00:04","guid":{"rendered":"http:\/\/www.semlh-morbihan.fr\/wordpress\/?p=5728"},"modified":"2021-02-26T17:58:56","modified_gmt":"2021-02-26T16:58:56","slug":"planning-des-ceremonies-du-morbihan-au-cours-de-lannee-2021","status":"publish","type":"post","link":"http:\/\/www.semlh-morbihan.fr\/wordpress\/2021\/02\/26\/planning-des-ceremonies-du-morbihan-au-cours-de-lannee-2021\/","title":{"rendered":"Planning des c\u00e9r\u00e9monies du Morbihan au cours de l&rsquo;ann\u00e9e 2021"},"content":{"rendered":"<p style=\"text-align: center;\"><span style=\"text-decoration: underline; color: #ff0000;\"><span style=\"font-family: 'arial black', sans-serif; font-size: 18pt;\">Planning des c\u00e9r\u00e9monies 2021 dans le Morbihan<\/span><\/span><\/p>\n<p style=\"text-align: center;\"><span style=\"text-decoration: underline;\"><strong>mise \u00e0 jour du 26\/02\/2021<\/strong><\/span><\/p>\n<p style=\"text-align: center;\"><span style=\"font-family: 'arial black', sans-serif; font-size: 14pt;\">page 1<\/span><\/p>\n<p><img loading=\"lazy\" decoding=\"async\" class=\"aligncenter size-medium wp-image-5750\" src=\"http:\/\/www.semlh-morbihan.fr\/wordpress\/wp-content\/uploads\/2021\/02\/tableau_des_ceremonies_du_26-02-2021_Page_1-600x424.jpg\" alt=\"\" width=\"600\" height=\"424\" srcset=\"http:\/\/www.semlh-morbihan.fr\/wordpress\/wp-content\/uploads\/2021\/02\/tableau_des_ceremonies_du_26-02-2021_Page_1-600x424.jpg 600w, http:\/\/www.semlh-morbihan.fr\/wordpress\/wp-content\/uploads\/2021\/02\/tableau_des_ceremonies_du_26-02-2021_Page_1-1024x724.jpg 1024w, http:\/\/www.semlh-morbihan.fr\/wordpress\/wp-content\/uploads\/2021\/02\/tableau_des_ceremonies_du_26-02-2021_Page_1-768x543.jpg 768w, http:\/\/www.semlh-morbihan.fr\/wordpress\/wp-content\/uploads\/2021\/02\/tableau_des_ceremonies_du_26-02-2021_Page_1-1536x1086.jpg 1536w, http:\/\/www.semlh-morbihan.fr\/wordpress\/wp-content\/uploads\/2021\/02\/tableau_des_ceremonies_du_26-02-2021_Page_1-2048x1449.jpg 2048w, http:\/\/www.semlh-morbihan.fr\/wordpress\/wp-content\/uploads\/2021\/02\/tableau_des_ceremonies_du_26-02-2021_Page_1-1218x861.jpg 1218w\" sizes=\"auto, (max-width: 600px) 100vw, 600px\" \/><\/p>\n<p>&nbsp;<\/p>\n<p>&nbsp;<\/p>\n<p style=\"text-align: center;\"><span style=\"font-family: 'arial black', sans-serif; font-size: 14pt;\">page 2<\/span><\/p>\n<p><img loading=\"lazy\" decoding=\"async\" class=\"aligncenter size-medium wp-image-5751\" src=\"http:\/\/www.semlh-morbihan.fr\/wordpress\/wp-content\/uploads\/2021\/02\/tableau_des_ceremonies_du_26-02-2021_Page_2-scaled-e1614358141283-600x106.jpg\" alt=\"\" width=\"600\" height=\"106\" srcset=\"http:\/\/www.semlh-morbihan.fr\/wordpress\/wp-content\/uploads\/2021\/02\/tableau_des_ceremonies_du_26-02-2021_Page_2-scaled-e1614358141283-600x106.jpg 600w, http:\/\/www.semlh-morbihan.fr\/wordpress\/wp-content\/uploads\/2021\/02\/tableau_des_ceremonies_du_26-02-2021_Page_2-scaled-e1614358141283-1024x182.jpg 1024w, http:\/\/www.semlh-morbihan.fr\/wordpress\/wp-content\/uploads\/2021\/02\/tableau_des_ceremonies_du_26-02-2021_Page_2-scaled-e1614358141283-768x136.jpg 768w, http:\/\/www.semlh-morbihan.fr\/wordpress\/wp-content\/uploads\/2021\/02\/tableau_des_ceremonies_du_26-02-2021_Page_2-scaled-e1614358141283-1536x272.jpg 1536w, http:\/\/www.semlh-morbihan.fr\/wordpress\/wp-content\/uploads\/2021\/02\/tableau_des_ceremonies_du_26-02-2021_Page_2-scaled-e1614358141283-2048x363.jpg 2048w, http:\/\/www.semlh-morbihan.fr\/wordpress\/wp-content\/uploads\/2021\/02\/tableau_des_ceremonies_du_26-02-2021_Page_2-scaled-e1614358141283-1218x216.jpg 1218w\" sizes=\"auto, (max-width: 600px) 100vw, 600px\" \/><\/p>\n<p>&nbsp;<\/p>\n<p style=\"text-align: center;\"><span style=\"font-family: 'arial black', sans-serif; font-size: 14pt; color: #ff0000;\">version PDF des c\u00e9r\u00e9monies<\/span><\/p>\n<p style=\"text-align: center;\"><a href=\"http:\/\/www.semlh-morbihan.fr\/wordpress\/wp-content\/uploads\/2021\/02\/tableau_des_ceremonies_du_26-02-2021.pdf\">tableau_des_c\u00e9r\u00e9monies_du_26-02-2021<\/a><\/p>\n","protected":false},"excerpt":{"rendered":"<p>Planning des c\u00e9r\u00e9monies 2021 dans le Morbihan mise \u00e0 jour du 26\/02\/2021 page 1 &nbsp; &nbsp; page 2 &nbsp; version PDF des c\u00e9r\u00e9monies tableau_des_c\u00e9r\u00e9monies_du_26-02-2021<\/p>\n","protected":false},"author":329,"featured_media":5740,"comment_status":"closed","ping_status":"open","sticky":false,"template":"","format":"standard","meta":{"footnotes":""},"categories":[468,353,1],"tags":[],"class_list":["post-5728","post","type-post","status-publish","format-standard","has-post-thumbnail","hentry","category-actualites-la-smlh","category-la-smlh","category-non-classe","wpcat-468-id","wpcat-353-id","wpcat-1-id"],"_links":{"self":[{"href":"http:\/\/www.semlh-morbihan.fr\/wordpress\/wp-json\/wp\/v2\/posts\/5728","targetHints":{"allow":["GET"]}}],"collection":[{"href":"http:\/\/www.semlh-morbihan.fr\/wordpress\/wp-json\/wp\/v2\/posts"}],"about":[{"href":"http:\/\/www.semlh-morbihan.fr\/wordpress\/wp-json\/wp\/v2\/types\/post"}],"author":[{"embeddable":true,"href":"http:\/\/www.semlh-morbihan.fr\/wordpress\/wp-json\/wp\/v2\/users\/329"}],"replies":[{"embeddable":true,"href":"http:\/\/www.semlh-morbihan.fr\/wordpress\/wp-json\/wp\/v2\/comments?post=5728"}],"version-history":[{"count":10,"href":"http:\/\/www.semlh-morbihan.fr\/wordpress\/wp-json\/wp\/v2\/posts\/5728\/revisions"}],"predecessor-version":[{"id":5753,"href":"http:\/\/www.semlh-morbihan.fr\/wordpress\/wp-json\/wp\/v2\/posts\/5728\/revisions\/5753"}],"wp:featuredmedia":[{"embeddable":true,"href":"http:\/\/www.semlh-morbihan.fr\/wordpress\/wp-json\/wp\/v2\/media\/5740"}],"wp:attachment":[{"href":"http:\/\/www.semlh-morbihan.fr\/wordpress\/wp-json\/wp\/v2\/media?parent=5728"}],"wp:term":[{"taxonomy":"category","embeddable":true,"href":"http:\/\/www.semlh-morbihan.fr\/wordpress\/wp-json\/wp\/v2\/categories?post=5728"},{"taxonomy":"post_tag","embeddable":true,"href":"http:\/\/www.semlh-morbihan.fr\/wordpress\/wp-json\/wp\/v2\/tags?post=5728"}],"curies":[{"name":"wp","href":"https:\/\/api.w.org\/{rel}","templated":true}]}}