{"id":5766,"date":"2021-07-16T15:30:05","date_gmt":"2021-07-16T13:30:05","guid":{"rendered":"http:\/\/www.semlh-morbihan.fr\/wordpress\/?p=5766"},"modified":"2021-11-27T17:21:37","modified_gmt":"2021-11-27T16:21:37","slug":"exposes-2021-en-ligne-pour-les-candidats-a-la-naturalisation-inscrits-aux-sessions","status":"publish","type":"post","link":"http:\/\/www.semlh-morbihan.fr\/wordpress\/2021\/07\/16\/exposes-2021-en-ligne-pour-les-candidats-a-la-naturalisation-inscrits-aux-sessions\/","title":{"rendered":"8\u00e8me s\u00e9rie d&rsquo;expos\u00e9s en ligne : les Beaux arts en France"},"content":{"rendered":"<p style=\"text-align: center;\"><a href=\"https:\/\/1drv.ms\/u\/s!AmdpuA0Y1RfHw0eKE727E_Te8tL-?e=uqdiZE\"><span style=\"text-decoration: underline; color: #808000;\"><em><strong>Acc\u00e8s des intervenants aux diff\u00e9rents dossiers de la huiti\u00e8me session<\/strong><\/em><\/span><\/a><\/p>\n<div style=\"width: 960px;\" class=\"wp-video\"><video class=\"wp-video-shortcode\" id=\"video-5766-1\" width=\"960\" height=\"540\" preload=\"metadata\" controls=\"controls\"><source type=\"video\/mp4\" src=\"http:\/\/www.semlh-morbihan.fr\/wordpress\/wp-content\/uploads\/2021\/03\/video_Philippe-Prevost-540.mp4?_=1\" \/><a href=\"http:\/\/www.semlh-morbihan.fr\/wordpress\/wp-content\/uploads\/2021\/03\/video_Philippe-Prevost-540.mp4\">http:\/\/www.semlh-morbihan.fr\/wordpress\/wp-content\/uploads\/2021\/03\/video_Philippe-Prevost-540.mp4<\/a><\/video><\/div>\n<p>En raison de l&rsquo;\u00e9pid\u00e9mie de COVID, les expos\u00e9s au conseil d\u00e9partemental ne peuvent encore se d\u00e9rouler ; comme en 2020, il a \u00e9t\u00e9 choisi de mettre en ligne les expos\u00e9s \u00e0 compter du 17 mars 2021 \u00e0 raison d&rsquo;un expos\u00e9 par quinzaine ;\u00a0 l&rsquo;acc\u00e8s sera fait par un mot de passe valable pour tous les expos\u00e9s qui vous sera diffus\u00e9 individuellement par courriel.<\/p>\n<p>Afin de v\u00e9rifier la bonne lecture des expos\u00e9s de la 8\u00e8me sessions, un questionnaire, appel\u00e9 Qruiz,\u00a0 vous sera soumis au deuxi\u00e8me semestre 2021<\/p>\n<p><span style=\"text-decoration: underline;\"><strong>Pour acc\u00e9der aux expos\u00e9s, il suffit de cliquer sur un des titres ci-dessous et de saisir le mot de passe afin d&rsquo;acc\u00e9der aux pr\u00e9sentations<\/strong><\/span>. Diff\u00e9rents formats sont propos\u00e9s : Powerpoint de Microsoft(lecture en ligne ou en t\u00e9l\u00e9chargement), PDF d&rsquo;Acrobat Reader et XPS de Microsoft (\u00e9quivalent de PDF). Les documents peuvent \u00eatre lus en ligne et t\u00e9l\u00e9charg\u00e9s sur votre ordinateur.\u00a0 Pour lire sur son ordinateur apr\u00e8s avoir t\u00e9l\u00e9charg\u00e9 la pr\u00e9sentation, il faut soit dispos\u00e9 de Powerpoint 2017 de Microsoft (lecture en ligne possible), soir l&rsquo;application Acrobat Reader d&rsquo;Acrobat (t\u00e9l\u00e9chargement libre). La lecture de fichier XPS (\u00e9quivalent de fichiers PDF) se fait nativement dans Windows 10. L&rsquo;acc\u00e8s aux pr\u00e9sentations est pour l&rsquo;instant verrouill\u00e9 et r\u00e9serv\u00e9 aux participants inscrits de l&rsquo;ann\u00e9e 2021.<\/p>\n<ol>\n<li><span style=\"font-size: 10pt;\"><span style=\"font-family: 'arial black', sans-serif;\"><strong><span style=\"color: #808000;\"><a style=\"color: #808000;\" href=\"https:\/\/1drv.ms\/u\/s!AmdpuA0Y1RfHw0tgjVEZkndT0Fdy?e=rQ36Pu\"><span style=\"color: #ff6600;\">Mercredi 17 mars 2021 &#8211; <\/span><\/a><\/span><\/strong><\/span><span style=\"font-family: 'arial black', sans-serif; color: #ff6600;\"><strong><a style=\"color: #ff6600;\" href=\"https:\/\/1drv.ms\/u\/s!AmdpuA0Y1RfHw0tgjVEZkndT0Fdy?e=rQ36Pu\">Accueil du Pr\u00e9sident &#8211; Histoire de la France 1\u00e8re et 2\u00e8me partie\u00a0<\/a><\/strong><\/span><\/span><\/li>\n<li><span style=\"font-family: 'arial black', sans-serif; color: #ff6600;\"><strong><a style=\"color: #ff6600;\" href=\"https:\/\/1drv.ms\/u\/s!AmdpuA0Y1RfHw0yib5IC5yrPGix5?e=n4avQk\">2021 &#8211; la France dans le monde, la constitution de la V\u00e8me r\u00e9publique, les collectivit\u00e9s territoriales<\/a><\/strong><\/span><\/li>\n<li><span style=\"font-family: arial, helvetica, sans-serif; color: #808000;\"><span style=\"color: #ff6600;\"><a style=\"color: #ff6600;\" href=\"https:\/\/1drv.ms\/u\/s!AmdpuA0Y1RfHw03tB0lc5rRS9FcE?e=05m8f7\"><strong><span style=\"font-family: 'arial black', sans-serif;\">2021 &#8211; les partis politiques et les syndicats, la justice en France<\/span><\/strong><\/a><\/span><br \/>\n<\/span><\/li>\n<li><span style=\"font-family: 'arial black', sans-serif; color: #808000;\"><strong><span style=\"color: #ff6600;\"><a style=\"color: #ff6600;\" href=\"https:\/\/1drv.ms\/u\/s!AmdpuA0Y1RfHw07-BYcHkpGogfmA?e=9vzeV6\">2021 &#8211; l&rsquo;\u00c9ducation nationale et Le principe de la\u00efcit\u00e9<\/a><\/span><\/strong><br \/>\n<\/span><\/li>\n<li><span style=\"color: #ff6600; font-family: 'arial black', sans-serif;\"><strong><a style=\"color: #ff6600;\" href=\"https:\/\/1drv.ms\/u\/s!AmdpuA0Y1RfHw0-XeVNr4c06lnuQ?e=BP3Os6\">2021 &#8211; les Droits et devoirs du citoyen &#8211; la litt\u00e9rature fran\u00e7aise<\/a><\/strong><\/span><\/li>\n<li><span style=\"color: #ff6600; font-family: 'arial black', sans-serif;\"><a style=\"color: #ff6600;\" href=\"https:\/\/1drv.ms\/u\/s!AmdpuA0Y1RfHw1AI8gz92Gld5Zq3?e=DzlJ2V\"><strong>2021 &#8211; Les droits de la femme en France &#8211; la protection sociale et la sant\u00e9<\/strong> publique<\/a><\/span><\/li>\n<li><span style=\"text-decoration: underline; font-family: 'arial black', sans-serif;\"><strong><span style=\"color: #0000ff;\"><a style=\"color: #0000ff; text-decoration: underline;\" href=\"https:\/\/1drv.ms\/u\/s!AmdpuA0Y1RfHw1FWaZAYoG_z_6gQ?e=lRU4rC\"><span style=\"color: #ff9900; text-decoration: underline;\"><span style=\"color: #ff6600; text-decoration: underline;\">2021 &#8211; La s\u00e9curit\u00e9 publique et les arm\u00e9es<\/span><\/span><\/a><\/span><\/strong><\/span><\/li>\n<li><a href=\"https:\/\/1drv.ms\/u\/s!AmdpuA0Y1RfHw1KQd-kEpkXtyjZo?e=dF9B8y\"><span style=\"color: #808000; font-family: 'arial black', sans-serif;\"><span style=\"font-family: arial, helvetica, sans-serif;\"><span style=\"font-family: 'arial black', sans-serif; color: #0000ff;\">2021 &#8211; Les Beaux-Arts en France, dermier expos\u00e9<\/span><\/span><\/span><\/a><br \/>\nceci termine donc la diffusion de tous les expos<a href=\"https:\/\/1drv.ms\/u\/s!AmdpuA0Y1RfHw1KQd-kEpkXtyjZo?e=dF9B8y\">\u00e9<\/a>s en 2021 ; les test QCM d\u00e9buteront d\u00e9but ao\u00fbt pour se terminer fin octobre.<\/li>\n<li>2021 &#8211; 2 Tests QCM (questions \u00e0 choix multiples) de 40 questions &#8211; bilan &#8211; envoi des attestations de participation<\/li>\n<\/ol>\n<p>&nbsp;<\/p>\n<p>&nbsp;<\/p>\n","protected":false},"excerpt":{"rendered":"<p>Acc\u00e8s des intervenants aux diff\u00e9rents dossiers de la huiti\u00e8me session En raison de l&rsquo;\u00e9pid\u00e9mie de COVID, les expos\u00e9s au conseil d\u00e9partemental ne peuvent encore se&#8230;<\/p>\n","protected":false},"author":329,"featured_media":5785,"comment_status":"closed","ping_status":"open","sticky":false,"template":"","format":"standard","meta":{"footnotes":""},"categories":[423,353,424],"tags":[],"class_list":["post-5766","post","type-post","status-publish","format-standard","has-post-thumbnail","hentry","category-lhonneur-en-action","category-la-smlh","category-nos-actions-pour-les-futurs-naturalises","wpcat-423-id","wpcat-353-id","wpcat-424-id"],"_links":{"self":[{"href":"http:\/\/www.semlh-morbihan.fr\/wordpress\/wp-json\/wp\/v2\/posts\/5766","targetHints":{"allow":["GET"]}}],"collection":[{"href":"http:\/\/www.semlh-morbihan.fr\/wordpress\/wp-json\/wp\/v2\/posts"}],"about":[{"href":"http:\/\/www.semlh-morbihan.fr\/wordpress\/wp-json\/wp\/v2\/types\/post"}],"author":[{"embeddable":true,"href":"http:\/\/www.semlh-morbihan.fr\/wordpress\/wp-json\/wp\/v2\/users\/329"}],"replies":[{"embeddable":true,"href":"http:\/\/www.semlh-morbihan.fr\/wordpress\/wp-json\/wp\/v2\/comments?post=5766"}],"version-history":[{"count":25,"href":"http:\/\/www.semlh-morbihan.fr\/wordpress\/wp-json\/wp\/v2\/posts\/5766\/revisions"}],"predecessor-version":[{"id":5855,"href":"http:\/\/www.semlh-morbihan.fr\/wordpress\/wp-json\/wp\/v2\/posts\/5766\/revisions\/5855"}],"wp:featuredmedia":[{"embeddable":true,"href":"http:\/\/www.semlh-morbihan.fr\/wordpress\/wp-json\/wp\/v2\/media\/5785"}],"wp:attachment":[{"href":"http:\/\/www.semlh-morbihan.fr\/wordpress\/wp-json\/wp\/v2\/media?parent=5766"}],"wp:term":[{"taxonomy":"category","embeddable":true,"href":"http:\/\/www.semlh-morbihan.fr\/wordpress\/wp-json\/wp\/v2\/categories?post=5766"},{"taxonomy":"post_tag","embeddable":true,"href":"http:\/\/www.semlh-morbihan.fr\/wordpress\/wp-json\/wp\/v2\/tags?post=5766"}],"curies":[{"name":"wp","href":"https:\/\/api.w.org\/{rel}","templated":true}]}}