{"id":5911,"date":"2021-08-06T19:51:51","date_gmt":"2021-08-06T17:51:51","guid":{"rendered":"http:\/\/www.semlh-morbihan.fr\/wordpress\/?p=5911"},"modified":"2021-08-06T20:08:41","modified_gmt":"2021-08-06T18:08:41","slug":"le-livre-de-yann-jondot-il-se-voulait-un-destin-de-jean-claude-noguellou-est-paru","status":"publish","type":"post","link":"http:\/\/www.semlh-morbihan.fr\/wordpress\/2021\/08\/06\/le-livre-de-yann-jondot-il-se-voulait-un-destin-de-jean-claude-noguellou-est-paru\/","title":{"rendered":"le livre qui met \u00e0 nu Yann Jondot, l\u2019ancien maire parapl\u00e9gique de Lango\u00eblan, est paru\u00a0!"},"content":{"rendered":"<p>Jean-Claude Noguellou raconte dans un livre le parcours de Yann Jondot, ancien maire de Lango\u00eblan, parap\u00e9lgique et ambassadeur de l&rsquo;accessibilit\u00e9.<\/p>\n<p>Le livre est vendu 18 euros et peut \u00eatre command\u00e9 sur soizicou@orange.fr ou directement aupr\u00e8s de l&rsquo;auteur a 06 07 43 88 18.<\/p>\n<p>Il est disponible au petit magasin de Lango\u00eblan, \u00e0 Intermarch\u00e9 de Gu\u00e9men\u00e9, \u00e0 la maison de la presse de Rostronen.<\/p>\n<p>Ci-dessous, les articles publi\u00e9s dans la presse.<\/p>\n<p style=\"text-align: center;\"><span style=\"text-decoration: underline;\"><strong>Publi\u00e9 dans Ouest-France du 03\/08\/2021<\/strong><\/span><\/p>\n<p><img loading=\"lazy\" decoding=\"async\" class=\"size-full wp-image-5912\" src=\"http:\/\/www.semlh-morbihan.fr\/wordpress\/wp-content\/uploads\/2021\/08\/article_OF_sur_Yann-Jandot.jpg\" alt=\"\" width=\"716\" height=\"746\" srcset=\"http:\/\/www.semlh-morbihan.fr\/wordpress\/wp-content\/uploads\/2021\/08\/article_OF_sur_Yann-Jandot.jpg 716w, http:\/\/www.semlh-morbihan.fr\/wordpress\/wp-content\/uploads\/2021\/08\/article_OF_sur_Yann-Jandot-576x600.jpg 576w\" sizes=\"auto, (max-width: 716px) 100vw, 716px\" \/><\/p>\n<p>&nbsp;<\/p>\n<p style=\"text-align: center;\"><span style=\"text-decoration: underline;\"><strong>Publi\u00e9 dans le Journal l&rsquo;Actu de Pontiv<\/strong><\/span><strong>y<\/strong><\/p>\n<p>&nbsp;<\/p>\n<p style=\"text-align: center;\">Morbihan : <strong>le livre qui met \u00e0 nu Yann Jondot, l\u2019ancien maire parapl\u00e9gique de Lango\u00eblan, est paru\u00a0!<\/strong><\/p>\n<p>&nbsp;<\/p>\n<p>Par\u00a0<strong><a href=\"https:\/\/actu.fr\/auteur\/franck-baudouin\">Franck Baudouin<\/a><\/strong> Publi\u00e9 le\u00a030 Juil 21 \u00e0 15:28\u00a0Pontivy Journal<\/p>\n<p>Jean-Claude Noguellou vient d\u2019achever le livre consacr\u00e9 \u00e0 Yann Jondot, l\u2019ancien maire de Lango\u00eblan (Morbihan). (\u00a9Pontivy Journal)<\/p>\n<p><strong>Jean-Claude Noguellou<\/strong>\u00a0a mis un point final au\u00a0<strong>livre<\/strong>\u00a0qu\u2019il a consacr\u00e9 \u00e0 un personnage qui ne laisse pas indiff\u00e9rent :\u00a0<strong>Yann Jondot<\/strong>, ancien maire de\u00a0<strong>Lango\u00eblan<\/strong>\u00a0(Morbihan) et\u00a0<strong>ambassadeur des ambassadeurs de l\u2019accessibilit\u00e9<\/strong>.<\/p>\n<p>\u00ab Aller au bout du bonhomme \u00bb<\/p>\n<p>\u00ab J\u2019ai mis un an et demi pour \u00e9crire ce livre. J\u2019ai voulu aller au bout du bonhomme. \u00bb Le bonhomme en question, c\u2019est Yann Jondot. C\u2019est aussi le personnage au c\u0153ur du dernier ouvrage de Jean-Claude Noguellou intitul\u00e9, Yann Jondot, il se voulait un destin, paru aux \u00e9ditions Logodenn, le 16 juillet 2021.<\/p>\n<p>Le maire parapl\u00e9gique au sommet du Kilimandjaro<\/p>\n<p>Tout commence en 2017 lorsque Jean-Claude Noguellou d\u00e9cide de revenir au pays. Il s\u2019installe \u00e0 Lango\u00eblan. \u00c0 l\u2019\u00e9poque, le maire de cette petite commune vient d\u2019accomplir un sacr\u00e9 exploit : alors qu\u2019il est\u00a0<strong>parapl\u00e9gique<\/strong>\u00a0depuis l\u2019\u00e2ge de 22 ans, Yann Jondot atteint le sommet du\u00a0<strong>Kilimandjaro<\/strong>\u00a0;\u00a0<a href=\"https:\/\/actu.fr\/bretagne\/langoelan_56099\/yann-jondot-maire-paraplegique-langoelan-apres-kilimandjaro-lamazonie_25654252.html\">le toit de l\u2019Afrique culmine \u00e0 5 895 m<\/a>. Son objectif : alerter les pouvoirs publics sur les\u00a0<a href=\"https:\/\/actu.fr\/bretagne\/pontivy_56178\/on-a-teste-le-centre-ville-de-pontivy-en-fauteuil-roulant-c-est-la-galere_39381945.html\">probl\u00e8mes d\u2019accessibilit\u00e9 des personnes en situation de handicap<\/a>\u00a0aux b\u00e2timents qui re\u00e7oivent du public.<\/p>\n<p>Un maire atypique<\/p>\n<p>Yann Jondot fait la Une des journaux. Il est l\u2019objet de nombreux reportages t\u00e9l\u00e9vis\u00e9s. Il est m\u00eame re\u00e7u en grande pompe par\u00a0<a href=\"https:\/\/actu.fr\/ile-de-france\/paris_75056\/yann-jondot-maire-paraplegique-langoelan-recu-senat_14533315.html\">les pr\u00e9sidents du S\u00e9nat et de l\u2019Assembl\u00e9e nationale<\/a>\u2026<\/p>\n<p>Bref, le personnage intrigue Jean-Claude Noguellou, au point que ce dernier d\u00e9cide d\u2019\u00e9crire un ouvrage sur ce maire atypique.<\/p>\n<p>\u00ab Je voulais savoir ce qu\u2019il y avait derri\u00e8re le paravent du fauteuil roulant \u00bb.<\/p>\n<p>Jean-Claude Noguellou ne va pas \u00eatre d\u00e9\u00e7u\u2026<\/p>\n<p>L\u2019auteur, un ancien commandant de l\u2019arm\u00e9e de l\u2019Air<\/p>\n<p>Jean-Claude Noguellou est n\u00e9 \u00e0\u00a0<strong>Plo\u00ebrdut<\/strong>\u00a0(Morbihan) il y a 84 ans.<\/p>\n<p>Gamin, il se r\u00eavait en Georges Briquet, c\u00e9l\u00e8bre journaliste sportif des ann\u00e9es 30 \u00e0 50. Plus tard, il se voit instituteur comme son p\u00e8re, d\u00e9c\u00e9d\u00e9 en 1940. \u00ab Mais, j\u2019ai loup\u00e9 l\u2019\u00c9cole normale\u2026 \u00bb Alors, il se tourne vers l\u2019arm\u00e9e. Passe le premier concours qui se pr\u00e9sente ; celui du personnel navigant. Et c\u2019est ainsi qu\u2019il se retrouve \u00e0 piloter des\u00a0<strong>Noratlas<\/strong>\u00a0ici et l\u00e0 : C\u00f4te d\u2019Ivoire, Maroc, Alg\u00e9rie, S\u00e9n\u00e9gal\u2026 Le mythique avion de transport lui inspire m\u00eame un livre : Un \u00e9quipage sur Noratlas. L\u2019ouvrage en est aujourd\u2019hui \u00e0 sa troisi\u00e8me r\u00e9\u00e9dition.<\/p>\n<p>Pigiste au Proven\u00e7al<\/p>\n<p>\u00c0 l\u2019\u00e2ge de 48 ans et \u00e0 l\u2019issue de 28 ann\u00e9es de service, le commandant Noguellou quitte l\u2019arm\u00e9e de l\u2019Air. Il se reconvertit dans le journalisme et devient pigiste pour le Proven\u00e7al, \u00e0 Istres. Puis, il rejoint le service communication de la Ville d\u2019Istres jusqu\u2019\u00e0 ce que sonne l\u2019heure de la retraite.<\/p>\n<p>Jean-Claude Noguellou est \u00e9galement l\u2019auteur d\u2019un autre livre, Juge kozh, qui raconte son enfance au pays pourleth\u2026<\/p>\n<p>Avec ses failles, ses souffrances<\/p>\n<p>C\u2019est en mars 2020 que Jean-Claude Noguellou a commenc\u00e9 ses entretiens avec Yann Jondot.<\/p>\n<p>\u00ab C&rsquo;est un personnage hors normes dans tous les domaines : dans son courage, dans sa volont\u00e9 de faire les choses, parfois dans ses exc\u00e8s. Il a besoin d&rsquo;aller au bout des choses, il est entier. \u00bb<\/p>\n<p>En 186 pages, Jean-Claude Noguellou dresse le portrait d\u2019un homme avec ses failles, ses grandeurs, ses souffrances\u2026 \u00ab Ce n\u2019est pas une biographie dans le sens o\u00f9 c\u2019est un \u00e9change avec Yann et qu\u2019il y a de nombreux t\u00e9moignages \u00bb.<\/p>\n<p>En filigrane, cet ouvrage raconte le combat d\u2019une vie pour que l\u2019accessibilit\u00e9 des personnes en situation de handicap devienne universelle.<\/p>\n<p>Infos pratiques. \u00bbYann Jondot, il se voulait un destin \u00bb, de Jean-Claude Noguellou, aux \u00e9ditions Logodenn. 186 pages. Prix : 15 euros. En vente au Petit magasin de Lango\u00eblan, \u00e0 Intermarch\u00e9 de Gu\u00e9men\u00e9, \u00e0 la Maison de la presse de Rostronen, ou aupr\u00e8s de l\u2019auteur, t\u00e9l. 06 07 43 88 18.<\/p>\n<p>&nbsp;<\/p>\n","protected":false},"excerpt":{"rendered":"<p>Jean-Claude Noguellou raconte dans un livre le parcours de Yann Jondot, ancien maire de Lango\u00eblan, parap\u00e9lgique et ambassadeur de l&rsquo;accessibilit\u00e9. Le livre est vendu 18&#8230;<\/p>\n","protected":false},"author":329,"featured_media":5917,"comment_status":"closed","ping_status":"open","sticky":false,"template":"","format":"standard","meta":{"footnotes":""},"categories":[361,345],"tags":[],"class_list":["post-5911","post","type-post","status-publish","format-standard","has-post-thumbnail","hentry","category-actualites-comite-du-pays-de-pontivy","category-comite-du-pays-de-pontivy","wpcat-361-id","wpcat-345-id"],"_links":{"self":[{"href":"http:\/\/www.semlh-morbihan.fr\/wordpress\/wp-json\/wp\/v2\/posts\/5911","targetHints":{"allow":["GET"]}}],"collection":[{"href":"http:\/\/www.semlh-morbihan.fr\/wordpress\/wp-json\/wp\/v2\/posts"}],"about":[{"href":"http:\/\/www.semlh-morbihan.fr\/wordpress\/wp-json\/wp\/v2\/types\/post"}],"author":[{"embeddable":true,"href":"http:\/\/www.semlh-morbihan.fr\/wordpress\/wp-json\/wp\/v2\/users\/329"}],"replies":[{"embeddable":true,"href":"http:\/\/www.semlh-morbihan.fr\/wordpress\/wp-json\/wp\/v2\/comments?post=5911"}],"version-history":[{"count":4,"href":"http:\/\/www.semlh-morbihan.fr\/wordpress\/wp-json\/wp\/v2\/posts\/5911\/revisions"}],"predecessor-version":[{"id":5916,"href":"http:\/\/www.semlh-morbihan.fr\/wordpress\/wp-json\/wp\/v2\/posts\/5911\/revisions\/5916"}],"wp:featuredmedia":[{"embeddable":true,"href":"http:\/\/www.semlh-morbihan.fr\/wordpress\/wp-json\/wp\/v2\/media\/5917"}],"wp:attachment":[{"href":"http:\/\/www.semlh-morbihan.fr\/wordpress\/wp-json\/wp\/v2\/media?parent=5911"}],"wp:term":[{"taxonomy":"category","embeddable":true,"href":"http:\/\/www.semlh-morbihan.fr\/wordpress\/wp-json\/wp\/v2\/categories?post=5911"},{"taxonomy":"post_tag","embeddable":true,"href":"http:\/\/www.semlh-morbihan.fr\/wordpress\/wp-json\/wp\/v2\/tags?post=5911"}],"curies":[{"name":"wp","href":"https:\/\/api.w.org\/{rel}","templated":true}]}}