{"id":5987,"date":"2021-09-06T12:06:57","date_gmt":"2021-09-06T10:06:57","guid":{"rendered":"http:\/\/www.semlh-morbihan.fr\/wordpress\/?p=5987"},"modified":"2021-09-06T12:14:44","modified_gmt":"2021-09-06T10:14:44","slug":"genevieve-asse-une-inhumation-dans-lintimite-a-lile-aux-moinses-le-vendredi-20-aout-2021","status":"publish","type":"post","link":"http:\/\/www.semlh-morbihan.fr\/wordpress\/2021\/09\/06\/genevieve-asse-une-inhumation-dans-lintimite-a-lile-aux-moinses-le-vendredi-20-aout-2021\/","title":{"rendered":"Genevi\u00e8ve Asse : une inhumation dans l&rsquo;intimit\u00e9 \u00e0 l&rsquo;\u00cele aux Moinses le vendredi 20 ao\u00fbt 2021"},"content":{"rendered":"Vous devez \u00eatre connect\u00e9 pour voir ce contenu.","protected":false},"excerpt":{"rendered":"Vous devez \u00eatre connect\u00e9 pour voir ce contenu.","protected":false},"author":329,"featured_media":5990,"comment_status":"closed","ping_status":"open","sticky":false,"template":"","format":"standard","meta":{"footnotes":""},"categories":[346,409],"tags":[],"class_list":["post-5987","post","type-post","status-publish","format-standard","has-post-thumbnail","hentry","category-comite-du-pays-de-vannes","category-les-deces-comite-du-pays-de-vannes","wpcat-346-id","wpcat-409-id"],"_links":{"self":[{"href":"http:\/\/www.semlh-morbihan.fr\/wordpress\/wp-json\/wp\/v2\/posts\/5987","targetHints":{"allow":["GET"]}}],"collection":[{"href":"http:\/\/www.semlh-morbihan.fr\/wordpress\/wp-json\/wp\/v2\/posts"}],"about":[{"href":"http:\/\/www.semlh-morbihan.fr\/wordpress\/wp-json\/wp\/v2\/types\/post"}],"author":[{"embeddable":true,"href":"http:\/\/www.semlh-morbihan.fr\/wordpress\/wp-json\/wp\/v2\/users\/329"}],"replies":[{"embeddable":true,"href":"http:\/\/www.semlh-morbihan.fr\/wordpress\/wp-json\/wp\/v2\/comments?post=5987"}],"version-history":[{"count":5,"href":"http:\/\/www.semlh-morbihan.fr\/wordpress\/wp-json\/wp\/v2\/posts\/5987\/revisions"}],"predecessor-version":[{"id":5994,"href":"http:\/\/www.semlh-morbihan.fr\/wordpress\/wp-json\/wp\/v2\/posts\/5987\/revisions\/5994"}],"wp:featuredmedia":[{"embeddable":true,"href":"http:\/\/www.semlh-morbihan.fr\/wordpress\/wp-json\/wp\/v2\/media\/5990"}],"wp:attachment":[{"href":"http:\/\/www.semlh-morbihan.fr\/wordpress\/wp-json\/wp\/v2\/media?parent=5987"}],"wp:term":[{"taxonomy":"category","embeddable":true,"href":"http:\/\/www.semlh-morbihan.fr\/wordpress\/wp-json\/wp\/v2\/categories?post=5987"},{"taxonomy":"post_tag","embeddable":true,"href":"http:\/\/www.semlh-morbihan.fr\/wordpress\/wp-json\/wp\/v2\/tags?post=5987"}],"curies":[{"name":"wp","href":"https:\/\/api.w.org\/{rel}","templated":true}]}}