{"id":6362,"date":"2021-11-03T18:09:53","date_gmt":"2021-11-03T17:09:53","guid":{"rendered":"http:\/\/www.semlh-morbihan.fr\/wordpress\/?p=6362"},"modified":"2021-11-11T18:07:55","modified_gmt":"2021-11-11T17:07:55","slug":"1er-novembre-2021-ceremonies-en-hommage-aux-morts-pour-la-france","status":"publish","type":"post","link":"http:\/\/www.semlh-morbihan.fr\/wordpress\/2021\/11\/03\/1er-novembre-2021-ceremonies-en-hommage-aux-morts-pour-la-france\/","title":{"rendered":"1er novembre 2021 &#8211; C\u00e9r\u00e9monies en hommage aux morts pour la France"},"content":{"rendered":"<p>&nbsp;<\/p>\n<p style=\"text-align: center;\"><em><span style=\"text-decoration: underline;\">photo et article Ouest-France<\/span> &#8211; une gerbe a \u00e9t\u00e9 d\u00e9pos\u00e9e devant le monument aux morts de la Garenne, \u00e0 Vannes, par une d\u00e9l\u00e9gation officielle et en pr\u00e9sence de nombreux anciens combattants.<\/em><\/p>\n<p style=\"text-align: justify;\">Les c\u00e9r\u00e9monies du 1er novembre, en hommage aux morts pour la France, se sont tenues ce lundi matin, aux cimeti\u00e8res de Boismoreau et Calmont, au monument aux morts de la Garenne et \u00e0 la gare SNCF.<\/p>\n<p style=\"text-align: justify;\">Quatre c\u00e9r\u00e9monies du souvenir, comm\u00e9morant tous les morts pour la France, se sont d\u00e9roul\u00e9es ce lundi 1<sup>er<\/sup>\u00a0novembre 2021, \u00e0\u00a0<a href=\"https:\/\/www.ouest-france.fr\/bretagne\/vannes-56000\/\" target=\"_self\" rel=\"noopener\">Vannes<\/a>\u00a0(<a href=\"https:\/\/www.ouest-france.fr\/bretagne\/morbihan\/\" target=\"_self\" rel=\"noopener\">Morbihan<\/a>), en pr\u00e9sence de nombreux anciens combattants.<\/p>\n<p style=\"text-align: justify;\">Le d\u00e9l\u00e9gu\u00e9 g\u00e9n\u00e9ral de l\u2019association du Souvenir Fran\u00e7ais du Morbihan, Fran\u00e7ois Loeuillet, accompagn\u00e9 de personnalit\u00e9s politiques, dont Jo\u00ebl Mathurin, pr\u00e9fet du Morbihan, David Robo, maire de Vannes, et Christine Penhou\u00ebt, vice-pr\u00e9sidente du conseil d\u00e9partemental, se sont rendus successivement au carr\u00e9 militaire du cimeti\u00e8re de Calmont, puis ont d\u00e9pos\u00e9 une gerbe devant le monument aux morts de la Garenne, avant de rejoindre le carr\u00e9 militaire du cimeti\u00e8re de Boismoreau.<\/p>\n<p style=\"text-align: justify;\">Enfin, la d\u00e9l\u00e9gation s\u2019est rendue sur le parvis de la gare, pour y rendre hommage aux morts en d\u00e9portation.<\/p>\n<p>&nbsp;<\/p>\n<p style=\"text-align: center;\"><span style=\"text-decoration: underline;\"><strong>Article et photo du T\u00e9l\u00e9gramme<\/strong><\/span><\/p>\n<figure id=\"attachment_6366\" aria-describedby=\"caption-attachment-6366\" style=\"width: 600px\" class=\"wp-caption aligncenter\"><img loading=\"lazy\" decoding=\"async\" class=\"size-medium wp-image-6366\" src=\"http:\/\/www.semlh-morbihan.fr\/wordpress\/wp-content\/uploads\/2021\/11\/ceremonie_du_1er_novembre_a_Vannes_telegramme-600x390.jpg\" alt=\"\" width=\"600\" height=\"390\" srcset=\"http:\/\/www.semlh-morbihan.fr\/wordpress\/wp-content\/uploads\/2021\/11\/ceremonie_du_1er_novembre_a_Vannes_telegramme-600x390.jpg 600w, http:\/\/www.semlh-morbihan.fr\/wordpress\/wp-content\/uploads\/2021\/11\/ceremonie_du_1er_novembre_a_Vannes_telegramme.jpg 676w\" sizes=\"auto, (max-width: 600px) 100vw, 600px\" \/><figcaption id=\"caption-attachment-6366\" class=\"wp-caption-text\">1er novembre \u00e0 Vannes &#8211; le T\u00e9l\u00e9gramme<\/figcaption><\/figure>\n<p style=\"text-align: justify;\">Lundi 1er novembre, jour de la Toussaint, le maire, David Robo entour\u00e9 de ses adjoints ; le Pr\u00e9fet du Morbihan, Jo\u00ebl Mathurin ; Christine Penhou\u00ebt, vice-pr\u00e9sident du Conseil d\u00e9partemnetal ; et les porte-drapeaux et repr\u00e9sentants du Souvenir Fran\u00e7ais, se sont recueillis aux cimeti\u00e8res de Calmont et Boismoreau sur les tombes des Vannetais morts pour la France.<\/p>\n<p style=\"text-align: justify;\">Une c\u00e9r\u00e9monie \u00e9tait \u00e9galement organis\u00e9e au plateau de la Garenne o\u00f9 plusieurs gerbes ont \u00e9t\u00e9 d\u00e9pos\u00e9es ainsi qu&rsquo;\u00e0 la gare de Vannes devant la plaque \u00e0 la m\u00e9moire des cheminots Favrelet et Liney.<\/p>\n<p style=\"text-align: justify;\">La section de la l\u00e9gion d&rsquo;honneur du Morbihan \u00e9tait repr\u00e9sent\u00e9e par son 1er vice-pr\u00e9sident, Pascal Lecomte et son porte-drapeau Jean-Pierre Tessier.<\/p>\n<p><img loading=\"lazy\" decoding=\"async\" class=\"aligncenter size-medium wp-image-6386\" src=\"http:\/\/www.semlh-morbihan.fr\/wordpress\/wp-content\/uploads\/2021\/11\/IMG_0683-600x400.jpg\" alt=\"\" width=\"600\" height=\"400\" srcset=\"http:\/\/www.semlh-morbihan.fr\/wordpress\/wp-content\/uploads\/2021\/11\/IMG_0683-600x400.jpg 600w, http:\/\/www.semlh-morbihan.fr\/wordpress\/wp-content\/uploads\/2021\/11\/IMG_0683-768x512.jpg 768w, http:\/\/www.semlh-morbihan.fr\/wordpress\/wp-content\/uploads\/2021\/11\/IMG_0683.jpg 1024w\" sizes=\"auto, (max-width: 600px) 100vw, 600px\" \/> <img loading=\"lazy\" decoding=\"async\" class=\"aligncenter size-medium wp-image-6387\" src=\"http:\/\/www.semlh-morbihan.fr\/wordpress\/wp-content\/uploads\/2021\/11\/IMG_0746-600x400.jpg\" alt=\"\" width=\"600\" height=\"400\" srcset=\"http:\/\/www.semlh-morbihan.fr\/wordpress\/wp-content\/uploads\/2021\/11\/IMG_0746-600x400.jpg 600w, http:\/\/www.semlh-morbihan.fr\/wordpress\/wp-content\/uploads\/2021\/11\/IMG_0746-768x512.jpg 768w, http:\/\/www.semlh-morbihan.fr\/wordpress\/wp-content\/uploads\/2021\/11\/IMG_0746.jpg 1024w\" sizes=\"auto, (max-width: 600px) 100vw, 600px\" \/> <img loading=\"lazy\" decoding=\"async\" class=\"aligncenter size-medium wp-image-6389\" src=\"http:\/\/www.semlh-morbihan.fr\/wordpress\/wp-content\/uploads\/2021\/11\/IMG_0672-600x400.jpg\" alt=\"\" width=\"600\" height=\"400\" srcset=\"http:\/\/www.semlh-morbihan.fr\/wordpress\/wp-content\/uploads\/2021\/11\/IMG_0672-600x400.jpg 600w, http:\/\/www.semlh-morbihan.fr\/wordpress\/wp-content\/uploads\/2021\/11\/IMG_0672-768x512.jpg 768w, http:\/\/www.semlh-morbihan.fr\/wordpress\/wp-content\/uploads\/2021\/11\/IMG_0672.jpg 1024w\" sizes=\"auto, (max-width: 600px) 100vw, 600px\" \/><\/p>\n<p>&nbsp;<\/p>\n","protected":false},"excerpt":{"rendered":"<p>&nbsp; photo et article Ouest-France &#8211; une gerbe a \u00e9t\u00e9 d\u00e9pos\u00e9e devant le monument aux morts de la Garenne, \u00e0 Vannes, par une d\u00e9l\u00e9gation officielle&#8230;<\/p>\n","protected":false},"author":338,"featured_media":6364,"comment_status":"closed","ping_status":"open","sticky":false,"template":"","format":"standard","meta":{"footnotes":""},"categories":[417,337],"tags":[],"class_list":["post-6362","post","type-post","status-publish","format-standard","has-post-thumbnail","hentry","category-ceremonies-patriotiques","category-la-section","wpcat-417-id","wpcat-337-id"],"_links":{"self":[{"href":"http:\/\/www.semlh-morbihan.fr\/wordpress\/wp-json\/wp\/v2\/posts\/6362","targetHints":{"allow":["GET"]}}],"collection":[{"href":"http:\/\/www.semlh-morbihan.fr\/wordpress\/wp-json\/wp\/v2\/posts"}],"about":[{"href":"http:\/\/www.semlh-morbihan.fr\/wordpress\/wp-json\/wp\/v2\/types\/post"}],"author":[{"embeddable":true,"href":"http:\/\/www.semlh-morbihan.fr\/wordpress\/wp-json\/wp\/v2\/users\/338"}],"replies":[{"embeddable":true,"href":"http:\/\/www.semlh-morbihan.fr\/wordpress\/wp-json\/wp\/v2\/comments?post=6362"}],"version-history":[{"count":6,"href":"http:\/\/www.semlh-morbihan.fr\/wordpress\/wp-json\/wp\/v2\/posts\/6362\/revisions"}],"predecessor-version":[{"id":6391,"href":"http:\/\/www.semlh-morbihan.fr\/wordpress\/wp-json\/wp\/v2\/posts\/6362\/revisions\/6391"}],"wp:featuredmedia":[{"embeddable":true,"href":"http:\/\/www.semlh-morbihan.fr\/wordpress\/wp-json\/wp\/v2\/media\/6364"}],"wp:attachment":[{"href":"http:\/\/www.semlh-morbihan.fr\/wordpress\/wp-json\/wp\/v2\/media?parent=6362"}],"wp:term":[{"taxonomy":"category","embeddable":true,"href":"http:\/\/www.semlh-morbihan.fr\/wordpress\/wp-json\/wp\/v2\/categories?post=6362"},{"taxonomy":"post_tag","embeddable":true,"href":"http:\/\/www.semlh-morbihan.fr\/wordpress\/wp-json\/wp\/v2\/tags?post=6362"}],"curies":[{"name":"wp","href":"https:\/\/api.w.org\/{rel}","templated":true}]}}