{"id":6393,"date":"2021-11-08T18:24:29","date_gmt":"2021-11-08T17:24:29","guid":{"rendered":"http:\/\/www.semlh-morbihan.fr\/wordpress\/?p=6393"},"modified":"2021-11-11T18:58:47","modified_gmt":"2021-11-11T17:58:47","slug":"7-novembre-messe-en-hommage-au-general-de-gaulle","status":"publish","type":"post","link":"http:\/\/www.semlh-morbihan.fr\/wordpress\/2021\/11\/08\/7-novembre-messe-en-hommage-au-general-de-gaulle\/","title":{"rendered":"7 novembre  &#8211; messe en hommage au g\u00e9n\u00e9ral De Gaulle"},"content":{"rendered":"<p>&nbsp;<\/p>\n<p style=\"text-align: center;\"><span style=\"text-decoration: underline;\"><strong>article de Ouest-France<\/strong><\/span><\/p>\n<p style=\"text-align: justify;\">Cette ann\u00e9e 2021 est celle du cinquanti\u00e8me anniversaire de la mort du G\u00e9n\u00e9ral de Gaulle d\u00e9c\u00e9d\u00e9 le 9\u00a0novembre 1970. \u00c0 Vannes (Morbihan), une messe en son hommage a \u00e9t\u00e9 rendue ce dimanche 7\u00a0novembre \u00e0 la cath\u00e9drale.<\/p>\n<p style=\"text-align: justify;\">Le 9 novembre 1970,\u00a0le g\u00e9n\u00e9ral de Gaulle est d\u00e9c\u00e9d\u00e9, terrass\u00e9 par une rupture d\u2019an\u00e9vrisme, vers 19 h, \u00e0 Colombey-les-Deux-Eglises (Haute-Marne),\u00a0dans sa propri\u00e9t\u00e9 de la Boisserie. Une mort que les Fran\u00e7ais n\u2019apprendront que le lendemain, les autorit\u00e9s l\u2019ayant tenue secr\u00e8te toute la nuit.<\/p>\n<p style=\"text-align: justify;\">Pour lui rendre hommage, ainsi qu\u2019aux Fran\u00e7ais libres,\u00a0une c\u00e9r\u00e9monie religieuse dans la cath\u00e9drale de Vannes (Morbihan), a \u00e9t\u00e9 c\u00e9l\u00e9br\u00e9e par le p\u00e8re Patrice Marivin, ce dimanche 7 novembre 2021. La premi\u00e8re lecture et la pri\u00e8re universelle ont \u00e9t\u00e9 confi\u00e9es \u00e0 des Amis de la France libre.<\/p>\n<p><img loading=\"lazy\" decoding=\"async\" class=\"aligncenter size-medium wp-image-6388\" src=\"http:\/\/www.semlh-morbihan.fr\/wordpress\/wp-content\/uploads\/2021\/11\/IMG_0826-600x400.jpg\" alt=\"\" width=\"600\" height=\"400\" srcset=\"http:\/\/www.semlh-morbihan.fr\/wordpress\/wp-content\/uploads\/2021\/11\/IMG_0826-600x400.jpg 600w, http:\/\/www.semlh-morbihan.fr\/wordpress\/wp-content\/uploads\/2021\/11\/IMG_0826-768x512.jpg 768w, http:\/\/www.semlh-morbihan.fr\/wordpress\/wp-content\/uploads\/2021\/11\/IMG_0826.jpg 1024w\" sizes=\"auto, (max-width: 600px) 100vw, 600px\" \/><\/p>\n<p style=\"text-align: center;\">Pascal Lecomte accompagn\u00e9 de Liliane Beaugrand, tous deux vice-pr\u00e9sidents de la section SMLH du Morbihan<\/p>\n<p style=\"text-align: center;\"><span style=\"text-decoration: underline;\"><strong>Article du T\u00e9l\u00e9gram<\/strong><strong>me<\/strong><\/span><\/p>\n<p><img loading=\"lazy\" decoding=\"async\" class=\"aligncenter size-medium wp-image-6400\" src=\"http:\/\/www.semlh-morbihan.fr\/wordpress\/wp-content\/uploads\/2021\/11\/le_telegramme_homage_charles_de_Gaulle-e1636653323329-600x350.jpg\" alt=\"\" width=\"600\" height=\"350\" srcset=\"http:\/\/www.semlh-morbihan.fr\/wordpress\/wp-content\/uploads\/2021\/11\/le_telegramme_homage_charles_de_Gaulle-e1636653323329-600x350.jpg 600w, http:\/\/www.semlh-morbihan.fr\/wordpress\/wp-content\/uploads\/2021\/11\/le_telegramme_homage_charles_de_Gaulle-e1636653323329-768x448.jpg 768w, http:\/\/www.semlh-morbihan.fr\/wordpress\/wp-content\/uploads\/2021\/11\/le_telegramme_homage_charles_de_Gaulle-e1636653323329.jpg 820w\" sizes=\"auto, (max-width: 600px) 100vw, 600px\" \/><\/p>\n<p style=\"text-align: justify;\">Hommage a \u00e9t\u00e9 rendu \u00e0 Charles de Gaulle ce dimanche 7\u00a0novembre lors de la messe de\u00a011\u00a0h \u00e0 la cath\u00e9drale de Vannes. Une date choisie pour associer les Vannetais plus nombreux qu\u2019ils n\u2019auraient \u00e9t\u00e9 si l\u2019hommage avait \u00e9t\u00e9 rendu \u00e0 la date anniversaire de sa mort mardi prochain, 9\u00a0novembre.<\/p>\n<p style=\"text-align: justify;\">\u00c0 11\u00a0h, le P\u00e8re Marivin, cur\u00e9 de la cath\u00e9drale, a accueilli les porte-drapeaux\u00a0; le\u00a0Colonel Barot, d\u00e9l\u00e9gu\u00e9 militaire d\u00e9partemental du Morbihan\u00a0; et Pierre Oillo, pr\u00e9sident des Amis de la\u00a0France libre. \u00ab\u00a0Le G\u00e9n\u00e9ral de Gaulle a cr\u00e9\u00e9 la France libre. C\u2019est un exemple pour le pays qu\u2019on ne doit pas oublier\u00a0\u00bb, a d\u00e9clar\u00e9 Pierre Oillo. \u00c0 l\u2019issue de la messe, le Colonel Barot\u00a0; Pierre Oillo\u00a0; Christine Penhouh\u00ebt, vice-pr\u00e9sidente du Conseil d\u00e9partemental\u00a0; Monique Jean, maire-adjointe \u00e0 la s\u00e9curit\u00e9, ont salu\u00e9\u00a0les porte-drapeaux.<\/p>\n","protected":false},"excerpt":{"rendered":"<p>&nbsp; article de Ouest-France Cette ann\u00e9e 2021 est celle du cinquanti\u00e8me anniversaire de la mort du G\u00e9n\u00e9ral de Gaulle d\u00e9c\u00e9d\u00e9 le 9\u00a0novembre 1970. \u00c0 Vannes&#8230;<\/p>\n","protected":false},"author":329,"featured_media":6396,"comment_status":"closed","ping_status":"open","sticky":false,"template":"","format":"standard","meta":{"footnotes":""},"categories":[417,337],"tags":[],"class_list":["post-6393","post","type-post","status-publish","format-standard","has-post-thumbnail","hentry","category-ceremonies-patriotiques","category-la-section","wpcat-417-id","wpcat-337-id"],"_links":{"self":[{"href":"http:\/\/www.semlh-morbihan.fr\/wordpress\/wp-json\/wp\/v2\/posts\/6393","targetHints":{"allow":["GET"]}}],"collection":[{"href":"http:\/\/www.semlh-morbihan.fr\/wordpress\/wp-json\/wp\/v2\/posts"}],"about":[{"href":"http:\/\/www.semlh-morbihan.fr\/wordpress\/wp-json\/wp\/v2\/types\/post"}],"author":[{"embeddable":true,"href":"http:\/\/www.semlh-morbihan.fr\/wordpress\/wp-json\/wp\/v2\/users\/329"}],"replies":[{"embeddable":true,"href":"http:\/\/www.semlh-morbihan.fr\/wordpress\/wp-json\/wp\/v2\/comments?post=6393"}],"version-history":[{"count":5,"href":"http:\/\/www.semlh-morbihan.fr\/wordpress\/wp-json\/wp\/v2\/posts\/6393\/revisions"}],"predecessor-version":[{"id":6401,"href":"http:\/\/www.semlh-morbihan.fr\/wordpress\/wp-json\/wp\/v2\/posts\/6393\/revisions\/6401"}],"wp:featuredmedia":[{"embeddable":true,"href":"http:\/\/www.semlh-morbihan.fr\/wordpress\/wp-json\/wp\/v2\/media\/6396"}],"wp:attachment":[{"href":"http:\/\/www.semlh-morbihan.fr\/wordpress\/wp-json\/wp\/v2\/media?parent=6393"}],"wp:term":[{"taxonomy":"category","embeddable":true,"href":"http:\/\/www.semlh-morbihan.fr\/wordpress\/wp-json\/wp\/v2\/categories?post=6393"},{"taxonomy":"post_tag","embeddable":true,"href":"http:\/\/www.semlh-morbihan.fr\/wordpress\/wp-json\/wp\/v2\/tags?post=6393"}],"curies":[{"name":"wp","href":"https:\/\/api.w.org\/{rel}","templated":true}]}}