{"id":7334,"date":"2022-06-23T16:42:06","date_gmt":"2022-06-23T14:42:06","guid":{"rendered":"http:\/\/www.semlh-morbihan.fr\/wordpress\/?p=7334"},"modified":"2023-03-03T17:21:12","modified_gmt":"2023-03-03T16:21:12","slug":"9eme-session-dexposes-au-conseil-departemental-pour-les-candidats-a-la-naturalisation","status":"publish","type":"post","link":"http:\/\/www.semlh-morbihan.fr\/wordpress\/2022\/06\/23\/9eme-session-dexposes-au-conseil-departemental-pour-les-candidats-a-la-naturalisation\/","title":{"rendered":"Remise des attestations lors de la cl\u00f4ture de la 9\u00e8me session d&rsquo;expos\u00e9s au conseil d\u00e9partemental pour les candidats \u00e0 la naturalisation"},"content":{"rendered":"<p>&nbsp;<\/p>\n<figure id=\"attachment_7995\" aria-describedby=\"caption-attachment-7995\" style=\"width: 791px\" class=\"wp-caption aligncenter\"><img loading=\"lazy\" decoding=\"async\" class=\" wp-image-7995\" src=\"http:\/\/www.semlh-morbihan.fr\/wordpress\/wp-content\/uploads\/2022\/06\/cr_remise_des_attestations_21-06-2022-2-600x192.jpg\" alt=\"\" width=\"791\" height=\"253\" srcset=\"http:\/\/www.semlh-morbihan.fr\/wordpress\/wp-content\/uploads\/2022\/06\/cr_remise_des_attestations_21-06-2022-2-600x192.jpg 600w, http:\/\/www.semlh-morbihan.fr\/wordpress\/wp-content\/uploads\/2022\/06\/cr_remise_des_attestations_21-06-2022-2-768x246.jpg 768w, http:\/\/www.semlh-morbihan.fr\/wordpress\/wp-content\/uploads\/2022\/06\/cr_remise_des_attestations_21-06-2022-2.jpg 917w\" sizes=\"auto, (max-width: 791px) 100vw, 791px\" \/><figcaption id=\"caption-attachment-7995\" class=\"wp-caption-text\">article de Ouest-France du mercredi 23 juin 2022 sur la remise des attestations au conseil d\u00e9partemental le mardi 21 juin 2022<\/figcaption><\/figure>\n<p style=\"text-align: center;\"><div id=\"metaslider-id-7402\" style=\"width: 100%; margin: 0 auto;\" class=\"ml-slider-3-108-0 metaslider metaslider-flex metaslider-7402 ml-slider has-dots-nav has-carousel-mode ms-theme-default\" role=\"region\" aria-label=\"expos\u00e9s au conseil d\u00e9partemental en 2022\" data-height=\"500\" data-width=\"700\">\n    <div id=\"metaslider_container_7402\">\n        <div id=\"metaslider_7402\">\n            <ul class='slides'>\n                <li style=\"display: none; width: 100%;\" class=\"slide-7403 ms-image \" aria-roledescription=\"slide\" data-date=\"2022-03-21 20:26:57\" data-filename=\"Diapositive1-700x500.jpg\" data-slide-type=\"image\"><img loading=\"lazy\" decoding=\"async\" src=\"http:\/\/www.semlh-morbihan.fr\/wordpress\/wp-content\/uploads\/2022\/03\/Diapositive1-700x500.jpg\" height=\"500\" width=\"700\" alt=\"\" class=\"slider-7402 slide-7403 msDefaultImage\" title=\"Diapositive1\" \/><\/li>\n                <li style=\"display: none; width: 100%;\" class=\"slide-7404 ms-image \" aria-roledescription=\"slide\" data-date=\"2022-03-21 20:26:57\" data-filename=\"Diapositive3-700x500.jpg\" data-slide-type=\"image\"><img loading=\"lazy\" decoding=\"async\" src=\"http:\/\/www.semlh-morbihan.fr\/wordpress\/wp-content\/uploads\/2022\/03\/Diapositive3-700x500.jpg\" height=\"500\" width=\"700\" alt=\"\" class=\"slider-7402 slide-7404 msDefaultImage\" title=\"Diapositive3\" \/><\/li>\n                <li style=\"display: none; width: 100%;\" class=\"slide-7405 ms-image \" aria-roledescription=\"slide\" data-date=\"2022-03-21 20:26:57\" data-filename=\"Diapositive2-700x500.jpg\" data-slide-type=\"image\"><img loading=\"lazy\" decoding=\"async\" src=\"http:\/\/www.semlh-morbihan.fr\/wordpress\/wp-content\/uploads\/2022\/03\/Diapositive2-700x500.jpg\" height=\"500\" width=\"700\" alt=\"\" class=\"slider-7402 slide-7405 msDefaultImage\" title=\"Diapositive2\" \/><\/li>\n                <li style=\"display: none; width: 100%;\" class=\"slide-7420 ms-image \" aria-roledescription=\"slide\" data-date=\"2022-03-23 17:54:29\" data-filename=\"Diapositive1-700x500.jpg\" data-slide-type=\"image\"><img loading=\"lazy\" decoding=\"async\" src=\"http:\/\/www.semlh-morbihan.fr\/wordpress\/wp-content\/uploads\/2022\/02\/Diapositive1-700x500.jpg\" height=\"500\" width=\"700\" alt=\"\" class=\"slider-7402 slide-7420 msDefaultImage\" title=\"Diapositive1\" \/><\/li>\n                <li style=\"display: none; width: 100%;\" class=\"slide-7421 ms-image \" aria-roledescription=\"slide\" data-date=\"2022-03-23 17:54:29\" data-filename=\"Diapositive2-700x500.jpg\" data-slide-type=\"image\"><img loading=\"lazy\" decoding=\"async\" src=\"http:\/\/www.semlh-morbihan.fr\/wordpress\/wp-content\/uploads\/2022\/02\/Diapositive2-700x500.jpg\" height=\"500\" width=\"700\" alt=\"\" class=\"slider-7402 slide-7421 msDefaultImage\" title=\"Diapositive2\" \/><\/li>\n            <\/ul>\n        <\/div>\n        \n    <\/div>\n<\/div><\/p>\n<p>&nbsp;<\/p>\n<ul>\n<li><span style=\"text-decoration: underline;\"><strong>La premi\u00e8re s\u00e9ance<\/strong><\/span> de la neuvi\u00e8me session de \u00ab\u00a0Devenir Fran\u00e7ais\u00a0\u00bb , organis\u00e9e au profit des futurs naturalis\u00e9s fran\u00e7ais r\u00e9sidant dans le Morbihan, s&rsquo;est d\u00e9roul\u00e9e le 22 F\u00e9vrier dernier de 18h30 \u00e0 20h au sein de l&rsquo;h\u00e9micycle du Conseil D\u00e9partemental , en pr\u00e9sence de 33 auditeurs et d&rsquo;une dizaine de membres de notre section, organisateurs et intervenants dans la session.Madame Christine Penhou\u00ebt, vice-pr\u00e9sidente du Conseil D\u00e9partemental, accompagn\u00e9 de Mr Fran\u00e7ois Fontaine, directeur g\u00e9n\u00e9ral adjoint du d\u00e9partement, a souhait\u00e9 la bienvenue aux participants en rappelant le soutien du Conseil \u00e0 cette action de notre section, puis notre Pr\u00e9sident, le G\u00e9n\u00e9ral Philippe Pr\u00e9vost a donn\u00e9 des informations pratiques et pr\u00e9sent\u00e9 les caract\u00e9ristiques essentielles de la soci\u00e9t\u00e9 des membres de la L\u00e9gion d&rsquo;Honneur.Enfin, Pascal Lecomte, 1er vice-pr\u00e9sident de la section, a pr\u00e9sent\u00e9 les deux premiers modules consacr\u00e9s \u00e0 \u00ab\u00a0la France dans le Monde \u00a0\u00bb et \u00ab\u00a0la Constitution de la V\u00e8me R\u00e9publique\u00a0\u00bb, assist\u00e9 par notre Webmaster-tr\u00e9sorier Patrick Lamand\u00e9 pour la projection des diapositives.<\/li>\n<\/ul>\n<p>&nbsp;<\/p>\n<ul>\n<li><span style=\"text-decoration: underline;\"><strong>La deuxi\u00e8me s\u00e9ance<\/strong><\/span> de la 9\u00e8me session de \u00ab\u00a0Devenir Frean\u00e7ais\u00a0\u00bb s&rsquo;est d\u00e9roul\u00e9e le 8 mars 2022 dans la salle pl\u00e9ni\u00e8re du conseil d\u00e9partemental \u00e0 Vannes. Tous les membres du bureau de la section \u00e9taient pr\u00e9sents avec notre pr\u00e9sident, le g\u00e9n\u00e9ral Pr\u00e9vost, qui a introduit les orateurs, en charge des modules \u00ab\u00a0histoire de France \u00a0\u00bb et \u00ab\u00a0collectivit\u00e9s territoriales aupr\u00e8s des 32 auditeurs, tr\u00e8s attentifs jsuqu&rsquo;\u00e0 la fin des interventions.<\/li>\n<\/ul>\n<p>&nbsp;<\/p>\n<ul>\n<li><span style=\"text-decoration: underline;\"><strong>La troisi\u00e8me s\u00e9ance<\/strong> <\/span>de la session 2022 de \u00ab\u00a0Devenir Fran\u00e7ais\u00a0\u00bb s&rsquo;est tenue le mardi 22 mars dans la salle pl\u00e9ni\u00e8re du conseil d\u00e9partemental en pr\u00e9sence de notre pr\u00e9sident, le g\u00e9n\u00e9ral(2s) Philippe Pr\u00e9vost, de Roland Mergel, secr\u00e9taire de la section, de Chantal Lesconnec, d&rsquo;Anne-Marie Duro et de jacques Joly, membres du bureau et de Guy de Kersabiec, pr\u00e9sident du comit\u00e9 de Ploermel-Co\u00ebtquidan.<br \/>\nIls ont accueilli la trentaine d&rsquo;auditeurs venus entendre les modules du 1er vice-pr\u00e9sident, Pascal Lecomte sur \u00ab\u00a0les partis politiques et les syndicats en France\u00a0\u00bb et ceux de mesdames Annick Guillou-Moinard, pr\u00e9sidente du comit\u00e9 du pays d&rsquo;Auray, et Liliane Beaugrand, 2\u00e8me vice-pr\u00e9sidente, sur \u00ab\u00a0la justice en France\u00a0\u00bb.<br \/>\nComme d&rsquo;habitude, les intervenants se sont servi de diaporamas projet\u00e9s sur grand \u00e9cran depuis la tribune par notre webmaster, Patrick Lamand\u00e9.<br \/>\nPascal Lecomte<\/li>\n<\/ul>\n<p>&nbsp;<\/p>\n<ul>\n<li><span style=\"text-decoration: underline;\"><strong>La quatri\u00e8me s\u00e9ance<\/strong><\/span> de la sessions 2022 s&rsquo;est tenue le mardi 26 avril 2022 ; \u00e0 cette occasion l&rsquo;\u00e9ducation nationale a \u00e9t\u00e9 pr\u00e9sent\u00e9e par madame MIch\u00e8le Th\u00e9ry, vice-pr\u00e9sidente du comit\u00e9 SMLH du pays d&rsquo;Auray et le principe de la la\u00efcit\u00e9 par M. Guy Puyo, membre de la section SMLH Morbihan.<\/li>\n<\/ul>\n<p>&nbsp;<\/p>\n<ul>\n<li style=\"text-align: left;\"><strong>La cinqui\u00e8me s\u00e9ance<\/strong> de la session 2020 s&rsquo;est tenue le mardi 10 mai 2022 ; \u00e0 cette occasion les droits et devoirs du citoyen ont \u00e9t\u00e9 pr\u00e9sent\u00e9s par monsieur Pascal Lecomte ainsi que quelques grands \u00e9crivains et scintifiques ont \u00e9t\u00e9 abord\u00e9s par madame Mich\u00e8le Th\u00e9ry.<br \/>\nci-dessous, quelques vues des expos\u00e9s :<\/li>\n<\/ul>\n<p style=\"text-align: center;\"><div id=\"metaslider-id-7904\" style=\"width: 100%; margin: 0 auto;\" class=\"ml-slider-3-108-0 metaslider metaslider-flex metaslider-7904 ml-slider has-dots-nav has-carousel-mode ms-theme-default\" role=\"region\" aria-label=\"expos\u00e9s du mardi 10 mai 2022 de Mich\u00e8le Th\u00e9ry et de Pascal Lecomte\" data-height=\"500\" data-width=\"700\">\n    <div id=\"metaslider_container_7904\">\n        <div id=\"metaslider_7904\">\n            <ul class='slides'>\n                <li style=\"display: none; width: 100%;\" class=\"slide-7913 ms-image \" aria-roledescription=\"slide\" data-date=\"2022-06-06 16:09:20\" data-filename=\"56a29fbc-1e94-41c7-a508-287b479ae069-700x500.jpg\" data-slide-type=\"image\"><img loading=\"lazy\" decoding=\"async\" src=\"http:\/\/www.semlh-morbihan.fr\/wordpress\/wp-content\/uploads\/2022\/03\/56a29fbc-1e94-41c7-a508-287b479ae069-700x500.jpg\" height=\"500\" width=\"700\" alt=\"\" class=\"slider-7904 slide-7913 msDefaultImage\" title=\"56a29fbc-1e94-41c7-a508-287b479ae069\" \/><\/li>\n                <li style=\"display: none; width: 100%;\" class=\"slide-7914 ms-image \" aria-roledescription=\"slide\" data-date=\"2022-06-06 16:09:20\" data-filename=\"8df15585-fa4f-4f6f-91db-4e755513b82d-700x500.jpg\" data-slide-type=\"image\"><img loading=\"lazy\" decoding=\"async\" src=\"http:\/\/www.semlh-morbihan.fr\/wordpress\/wp-content\/uploads\/2022\/03\/8df15585-fa4f-4f6f-91db-4e755513b82d-700x500.jpg\" height=\"500\" width=\"700\" alt=\"\" class=\"slider-7904 slide-7914 msDefaultImage\" title=\"8df15585-fa4f-4f6f-91db-4e755513b82d\" \/><\/li>\n                <li style=\"display: none; width: 100%;\" class=\"slide-7915 ms-image \" aria-roledescription=\"slide\" data-date=\"2022-06-06 16:09:20\" data-filename=\"a3351355-5fd6-4a25-9f1e-a83b26125740-700x500.jpg\" data-slide-type=\"image\"><img loading=\"lazy\" decoding=\"async\" src=\"http:\/\/www.semlh-morbihan.fr\/wordpress\/wp-content\/uploads\/2022\/03\/a3351355-5fd6-4a25-9f1e-a83b26125740-700x500.jpg\" height=\"500\" width=\"700\" alt=\"\" class=\"slider-7904 slide-7915 msDefaultImage\" title=\"a3351355-5fd6-4a25-9f1e-a83b26125740\" \/><\/li>\n                <li style=\"display: none; width: 100%;\" class=\"slide-7916 ms-image \" aria-roledescription=\"slide\" data-date=\"2022-06-06 16:09:20\" data-filename=\"99178a07-1f3a-4b22-a1b2-4993126ba05d-700x500.jpg\" data-slide-type=\"image\"><img loading=\"lazy\" decoding=\"async\" src=\"http:\/\/www.semlh-morbihan.fr\/wordpress\/wp-content\/uploads\/2022\/03\/99178a07-1f3a-4b22-a1b2-4993126ba05d-700x500.jpg\" height=\"500\" width=\"700\" alt=\"\" class=\"slider-7904 slide-7916 msDefaultImage\" title=\"99178a07-1f3a-4b22-a1b2-4993126ba05d\" \/><\/li>\n                <li style=\"display: none; width: 100%;\" class=\"slide-7917 ms-image \" aria-roledescription=\"slide\" data-date=\"2022-06-06 16:09:20\" data-filename=\"184d4ac2-24a9-4955-b5df-8be7976d6e22-700x500.jpg\" data-slide-type=\"image\"><img loading=\"lazy\" decoding=\"async\" src=\"http:\/\/www.semlh-morbihan.fr\/wordpress\/wp-content\/uploads\/2022\/03\/184d4ac2-24a9-4955-b5df-8be7976d6e22-700x500.jpg\" height=\"500\" width=\"700\" alt=\"\" class=\"slider-7904 slide-7917 msDefaultImage\" title=\"184d4ac2-24a9-4955-b5df-8be7976d6e22\" \/><\/li>\n                <li style=\"display: none; width: 100%;\" class=\"slide-7918 ms-image \" aria-roledescription=\"slide\" data-date=\"2022-06-06 16:09:20\" data-filename=\"72e22f99-66b8-48d3-87cc-8e0d62734218-700x500.jpg\" data-slide-type=\"image\"><img loading=\"lazy\" decoding=\"async\" src=\"http:\/\/www.semlh-morbihan.fr\/wordpress\/wp-content\/uploads\/2022\/03\/72e22f99-66b8-48d3-87cc-8e0d62734218-700x500.jpg\" height=\"500\" width=\"700\" alt=\"\" class=\"slider-7904 slide-7918 msDefaultImage\" title=\"72e22f99-66b8-48d3-87cc-8e0d62734218\" \/><\/li>\n            <\/ul>\n        <\/div>\n        \n    <\/div>\n<\/div><\/p>\n<ul>\n<li><strong>La sixi\u00e8me s\u00e9ance<\/strong> de la session 2020 s&rsquo;est tenue le mardi 24 mai 2022 ;\u00a0 \u00e0 cette occasion les droits de la femme en France ont \u00e9t\u00e9 pr\u00e9sent\u00e9s par mesdames Chantal Lesconnec et Anne-Marie Duro tandis que la protection sociale et la sant\u00e9 publique ont \u00e9t\u00e9 respectivement abord\u00e9s par monsieur Philippe Minne et madame Noelle Vescovali.<\/li>\n<li><span style=\"text-decoration: underline;\"><strong>la 7\u00e8me s\u00e9ance<\/strong><\/span>, le mardi 7 juin, a port\u00e9 sur la s\u00e9curit\u00e9 publique et les arm\u00e9es. Deux repr\u00e9sentants de la police nationale ont remplac\u00e9 le commandant divisionnaire Le Barre, atteint du COVID et l&rsquo;adjoint DMD, le lieutenant-colonel Lenon a pr\u00e9sent\u00e9 la d\u00e9fenses nationale<img loading=\"lazy\" decoding=\"async\" class=\"aligncenter size-medium wp-image-7989\" src=\"http:\/\/www.semlh-morbihan.fr\/wordpress\/wp-content\/uploads\/2022\/03\/police01-600x277.jpg\" alt=\"\" width=\"600\" height=\"277\" srcset=\"http:\/\/www.semlh-morbihan.fr\/wordpress\/wp-content\/uploads\/2022\/03\/police01-600x277.jpg 600w, http:\/\/www.semlh-morbihan.fr\/wordpress\/wp-content\/uploads\/2022\/03\/police01-1024x473.jpg 1024w, http:\/\/www.semlh-morbihan.fr\/wordpress\/wp-content\/uploads\/2022\/03\/police01-768x355.jpg 768w, http:\/\/www.semlh-morbihan.fr\/wordpress\/wp-content\/uploads\/2022\/03\/police01-1536x709.jpg 1536w, http:\/\/www.semlh-morbihan.fr\/wordpress\/wp-content\/uploads\/2022\/03\/police01-1218x563.jpg 1218w, http:\/\/www.semlh-morbihan.fr\/wordpress\/wp-content\/uploads\/2022\/03\/police01.jpg 1600w\" sizes=\"auto, (max-width: 600px) 100vw, 600px\" \/>\n<p><figure id=\"attachment_7988\" aria-describedby=\"caption-attachment-7988\" style=\"width: 600px\" class=\"wp-caption aligncenter\"><img loading=\"lazy\" decoding=\"async\" class=\"size-medium wp-image-7988\" src=\"http:\/\/www.semlh-morbihan.fr\/wordpress\/wp-content\/uploads\/2022\/03\/police02-600x277.jpg\" alt=\"\" width=\"600\" height=\"277\" srcset=\"http:\/\/www.semlh-morbihan.fr\/wordpress\/wp-content\/uploads\/2022\/03\/police02-600x277.jpg 600w, http:\/\/www.semlh-morbihan.fr\/wordpress\/wp-content\/uploads\/2022\/03\/police02-1024x473.jpg 1024w, http:\/\/www.semlh-morbihan.fr\/wordpress\/wp-content\/uploads\/2022\/03\/police02-768x355.jpg 768w, http:\/\/www.semlh-morbihan.fr\/wordpress\/wp-content\/uploads\/2022\/03\/police02-1536x709.jpg 1536w, http:\/\/www.semlh-morbihan.fr\/wordpress\/wp-content\/uploads\/2022\/03\/police02-1218x563.jpg 1218w, http:\/\/www.semlh-morbihan.fr\/wordpress\/wp-content\/uploads\/2022\/03\/police02.jpg 1600w\" sizes=\"auto, (max-width: 600px) 100vw, 600px\" \/><figcaption id=\"caption-attachment-7988\" class=\"wp-caption-text\">vue des auditeurs et des conf\u00e9renciers, Adjoint DMD et police<\/figcaption><\/figure><\/li>\n<li><strong>La 8\u00e8me s\u00e9ance<\/strong> qui cl\u00f4t l&rsquo;ensemble des expos\u00e9s a \u00e9t\u00e9 l&rsquo;occasion de pr\u00e9senter par madame Anne-Marie Duro les beaux arts en France ; puis l&rsquo;ensemble des auditeurs pr\u00e9sents, soit une trentaine se sont vus remettre leur attestation dans la salle biblioth\u00e8que au niveau des drapeaux. Une photo de groupe de l&rsquo;ensemble des participants a \u00e9t\u00e9 prise par la presse. Un cocktail offert par le conseil d\u00e9partemental a clos cette s\u00e9rie d&rsquo;expos\u00e9s.<\/li>\n<\/ul>\n<p><img loading=\"lazy\" decoding=\"async\" class=\"aligncenter size-medium wp-image-7920\" src=\"http:\/\/www.semlh-morbihan.fr\/wordpress\/wp-content\/uploads\/2022\/03\/a3351355-5fd6-4a25-9f1e-a83b26125740-1-600x277.jpg\" alt=\"\" width=\"600\" height=\"277\" srcset=\"http:\/\/www.semlh-morbihan.fr\/wordpress\/wp-content\/uploads\/2022\/03\/a3351355-5fd6-4a25-9f1e-a83b26125740-1-600x277.jpg 600w, http:\/\/www.semlh-morbihan.fr\/wordpress\/wp-content\/uploads\/2022\/03\/a3351355-5fd6-4a25-9f1e-a83b26125740-1-1024x473.jpg 1024w, http:\/\/www.semlh-morbihan.fr\/wordpress\/wp-content\/uploads\/2022\/03\/a3351355-5fd6-4a25-9f1e-a83b26125740-1-768x355.jpg 768w, http:\/\/www.semlh-morbihan.fr\/wordpress\/wp-content\/uploads\/2022\/03\/a3351355-5fd6-4a25-9f1e-a83b26125740-1-1536x709.jpg 1536w, http:\/\/www.semlh-morbihan.fr\/wordpress\/wp-content\/uploads\/2022\/03\/a3351355-5fd6-4a25-9f1e-a83b26125740-1-1218x563.jpg 1218w, http:\/\/www.semlh-morbihan.fr\/wordpress\/wp-content\/uploads\/2022\/03\/a3351355-5fd6-4a25-9f1e-a83b26125740-1.jpg 1600w\" sizes=\"auto, (max-width: 600px) 100vw, 600px\" \/><\/p>\n<p><span style=\"font-family: 'arial black', sans-serif;\"><strong><em>Vous trouverez, ci-dessous, la liste des s\u00e9ances avec, en cliquant sur le titre de la s\u00e9ance, l&rsquo;acc\u00e8s aux documents pr\u00e9sent\u00e9s en s\u00e9ance.<\/em><\/strong><\/span><\/p>\n<p><span style=\"font-family: 'arial black', sans-serif;\"><strong><em>L&rsquo;acc\u00e8s aux documents n&rsquo;est possible qu&rsquo;apr\u00e8s la tenue de la conf\u00e9rence.<\/em><\/strong><\/span><\/p>\n<p>&nbsp;<\/p>\n<ol>\n<li><a href=\"https:\/\/drive.google.com\/drive\/folders\/1hguKfEcTbdKKSXULFQwGcPZdVopjymQx?usp=sharing\"><span style=\"color: #ff0000;\"><strong>\u00a0mardi 22 f\u00e9vrier 2022 : accueil par le pr\u00e9sident de section suivi de la France dans le monde et la constitution de la V\u00e8me r\u00e9publique.<\/strong><\/span><\/a><\/li>\n<li><span style=\"color: #ff0000;\"><strong>\u00a0<a style=\"color: #ff0000;\" href=\"https:\/\/drive.google.com\/drive\/folders\/1PypdCKz5r8U-ICoKhH0EgKMAlkD4ajFY?usp=sharing\">mardi 8 mars 2022 : histoire de la France 1\u00e8re et 2\u00e8me partie, les collectivit\u00e9s territoriale.<\/a><\/strong><\/span><\/li>\n<li><span style=\"color: #ff0000;\"><strong>\u00a0<a style=\"color: #ff0000;\" href=\"https:\/\/drive.google.com\/drive\/folders\/1y_xyP7BzZRZRjuz-twFL6yGJc85SlZpW?usp=sharing\">mardi 22 mars : les partis politiques et les syndicats, la justice en France.<\/a><\/strong><\/span><\/li>\n<li><span style=\"color: #ff0000;\"><strong>\u00a0<a style=\"color: #ff0000;\" href=\"https:\/\/drive.google.com\/drive\/folders\/1sajo_E-dV3avD7y2A7uuKFOmmxNrxq6o?usp=sharing\">mardi 26 avril : l&rsquo;\u00c9ducation nationale et le principe de La\u00efcit\u00e9.<\/a><\/strong><\/span><\/li>\n<li><span style=\"color: #ff0000;\"><strong>\u00a0<a style=\"color: #ff0000;\" href=\"https:\/\/drive.google.com\/drive\/folders\/15VMajTl_8Uq-vlC3ScWLaUkU-ErMe1I4?usp=sharing\">mardi 10 mai : les droits et devoirs du citoyen et quelques \u00e9crivains, scientifiques fran\u00e7ais.<\/a><\/strong><\/span><\/li>\n<li><a href=\"https:\/\/drive.google.com\/drive\/folders\/1sLpBxhPtl5BaGXX7j36nGaJhY8Be0fhZ?usp=sharing\"><span style=\"color: #ff6600;\">\u00a0<strong><span style=\"color: #800000;\">mardi 24 mai : les droits de la femme en France, la protection sociale et la sant\u00e9 publiqu<\/span><\/strong>e.<\/span><\/a><\/li>\n<li><span style=\"color: #ff6600;\">\u00a0<span style=\"color: #800000;\"><strong><a style=\"color: #800000;\" href=\"https:\/\/drive.google.com\/drive\/folders\/1zskGV1bucpofPQSAU3VDJX6wph5ckKmR?usp=sharing\">mardi 7 juin : la s\u00e9curit\u00e9 publique et les arm\u00e9es.<\/a><\/strong><\/span><\/span><\/li>\n<li><span style=\"color: #ff6600;\">\u00a0<strong><a href=\"https:\/\/drive.google.com\/drive\/folders\/1Rb2u78aXa_6K-Kx08yaX2y_8REthVlxh?usp=sharing\">mardi 21 juin : les Beaux-arts en France suivi du bilan et de la remise des attestations.<\/a><\/strong><\/span><\/li>\n<\/ol>\n<figure id=\"attachment_7990\" aria-describedby=\"caption-attachment-7990\" style=\"width: 600px\" class=\"wp-caption aligncenter\"><img loading=\"lazy\" decoding=\"async\" class=\"size-medium wp-image-7990\" src=\"http:\/\/www.semlh-morbihan.fr\/wordpress\/wp-content\/uploads\/2022\/03\/reunion_de_bureau_du_21-06-2022-600x277.jpg\" alt=\"\" width=\"600\" height=\"277\" srcset=\"http:\/\/www.semlh-morbihan.fr\/wordpress\/wp-content\/uploads\/2022\/03\/reunion_de_bureau_du_21-06-2022-600x277.jpg 600w, http:\/\/www.semlh-morbihan.fr\/wordpress\/wp-content\/uploads\/2022\/03\/reunion_de_bureau_du_21-06-2022-1024x473.jpg 1024w, http:\/\/www.semlh-morbihan.fr\/wordpress\/wp-content\/uploads\/2022\/03\/reunion_de_bureau_du_21-06-2022-768x355.jpg 768w, http:\/\/www.semlh-morbihan.fr\/wordpress\/wp-content\/uploads\/2022\/03\/reunion_de_bureau_du_21-06-2022-1536x709.jpg 1536w, http:\/\/www.semlh-morbihan.fr\/wordpress\/wp-content\/uploads\/2022\/03\/reunion_de_bureau_du_21-06-2022-1218x563.jpg 1218w, http:\/\/www.semlh-morbihan.fr\/wordpress\/wp-content\/uploads\/2022\/03\/reunion_de_bureau_du_21-06-2022.jpg 1600w\" sizes=\"auto, (max-width: 600px) 100vw, 600px\" \/><figcaption id=\"caption-attachment-7990\" class=\"wp-caption-text\">R\u00e9union de bureau pr\u00e9paratoire \u00e0 la derni\u00e8re s\u00e9ance de \u00ab\u00a0Devenir fran\u00e7ais\u00a0\u00bb. De gauche \u00e0 droite,, autour de la table de r\u00e9union, Jacques Joly, Annick Guillou-Moinard, Jo Rouxel, Raymond Le Lan, Guy de Kersabiec, Philippe Pr\u00e9vost, Bruno Bodard, Michel Decourtis, Guy Sinel, Anne-Marie Duro, Patrick Lamand\u00e9, Liliane Beaugrand.<\/figcaption><\/figure>\n<p>&nbsp;<\/p>\n<p style=\"text-align: center;\"><div id=\"metaslider-id-8007\" style=\"width: 100%; margin: 0 auto;\" class=\"ml-slider-3-108-0 metaslider metaslider-flex metaslider-8007 ml-slider has-dots-nav has-carousel-mode ms-theme-default\" role=\"region\" aria-label=\"photos de cl\u00f4ture de la 9\u00e8me session au conseil d\u00e9partemental le 21 juin 2022\" data-height=\"500\" data-width=\"700\">\n    <div id=\"metaslider_container_8007\">\n        <div id=\"metaslider_8007\">\n            <ul class='slides'>\n                <li style=\"display: none; width: 100%;\" class=\"slide-8008 ms-image \" aria-roledescription=\"slide\" data-date=\"2022-06-25 17:39:26\" data-filename=\"copie-0_20220621_200142-700x500.jpg\" data-slide-type=\"image\"><img loading=\"lazy\" decoding=\"async\" src=\"http:\/\/www.semlh-morbihan.fr\/wordpress\/wp-content\/uploads\/2022\/06\/copie-0_20220621_200142-700x500.jpg\" height=\"500\" width=\"700\" alt=\"\" class=\"slider-8007 slide-8008 msDefaultImage\" title=\"_copie-0_20220621_200142\" \/><\/li>\n                <li style=\"display: none; width: 100%;\" class=\"slide-8009 ms-image \" aria-roledescription=\"slide\" data-date=\"2022-06-25 17:39:26\" data-filename=\"copie-0_20220621_195652-700x500.jpg\" data-slide-type=\"image\"><img loading=\"lazy\" decoding=\"async\" src=\"http:\/\/www.semlh-morbihan.fr\/wordpress\/wp-content\/uploads\/2022\/06\/copie-0_20220621_195652-700x500.jpg\" height=\"500\" width=\"700\" alt=\"\" class=\"slider-8007 slide-8009 msDefaultImage\" title=\"_copie-0_20220621_195652\" \/><\/li>\n                <li style=\"display: none; width: 100%;\" class=\"slide-8010 ms-image \" aria-roledescription=\"slide\" data-date=\"2022-06-25 17:39:26\" data-filename=\"copie-0_20220621_193622-700x500.jpg\" data-slide-type=\"image\"><img loading=\"lazy\" decoding=\"async\" src=\"http:\/\/www.semlh-morbihan.fr\/wordpress\/wp-content\/uploads\/2022\/06\/copie-0_20220621_193622-700x500.jpg\" height=\"500\" width=\"700\" alt=\"\" class=\"slider-8007 slide-8010 msDefaultImage\" title=\"_copie-0_20220621_193622\" \/><\/li>\n                <li style=\"display: none; width: 100%;\" class=\"slide-8011 ms-image \" aria-roledescription=\"slide\" data-date=\"2022-06-25 17:39:26\" data-filename=\"copie-0_20220621_192105-700x500.jpg\" data-slide-type=\"image\"><img loading=\"lazy\" decoding=\"async\" src=\"http:\/\/www.semlh-morbihan.fr\/wordpress\/wp-content\/uploads\/2022\/06\/copie-0_20220621_192105-700x500.jpg\" height=\"500\" width=\"700\" alt=\"\" class=\"slider-8007 slide-8011 msDefaultImage\" title=\"_copie-0_20220621_192105\" \/><\/li>\n                <li style=\"display: none; width: 100%;\" class=\"slide-8012 ms-image \" aria-roledescription=\"slide\" data-date=\"2022-06-25 17:39:27\" data-filename=\"copie-0_20220621_192051-700x500.jpg\" data-slide-type=\"image\"><img loading=\"lazy\" decoding=\"async\" src=\"http:\/\/www.semlh-morbihan.fr\/wordpress\/wp-content\/uploads\/2022\/06\/copie-0_20220621_192051-700x500.jpg\" height=\"500\" width=\"700\" alt=\"\" class=\"slider-8007 slide-8012 msDefaultImage\" title=\"_copie-0_20220621_192051\" \/><\/li>\n                <li style=\"display: none; width: 100%;\" class=\"slide-8013 ms-image \" aria-roledescription=\"slide\" data-date=\"2022-06-25 17:39:27\" data-filename=\"copie-0_20220621_171259-700x500.jpg\" data-slide-type=\"image\"><img loading=\"lazy\" decoding=\"async\" src=\"http:\/\/www.semlh-morbihan.fr\/wordpress\/wp-content\/uploads\/2022\/06\/copie-0_20220621_171259-700x500.jpg\" height=\"500\" width=\"700\" alt=\"\" class=\"slider-8007 slide-8013 msDefaultImage\" title=\"_copie-0_20220621_171259\" \/><\/li>\n                <li style=\"display: none; width: 100%;\" class=\"slide-8014 ms-image \" aria-roledescription=\"slide\" data-date=\"2022-06-25 17:39:27\" data-filename=\"IMG_6340-scaled-700x500.jpg\" data-slide-type=\"image\"><img loading=\"lazy\" decoding=\"async\" src=\"http:\/\/www.semlh-morbihan.fr\/wordpress\/wp-content\/uploads\/2022\/06\/IMG_6340-scaled-700x500.jpg\" height=\"500\" width=\"700\" alt=\"\" class=\"slider-8007 slide-8014 msDefaultImage\" title=\"IMG_6340\" \/><\/li>\n                <li style=\"display: none; width: 100%;\" class=\"slide-8015 ms-image \" aria-roledescription=\"slide\" data-date=\"2022-06-25 17:39:27\" data-filename=\"IMG_6340-2-scaled-700x500.jpg\" data-slide-type=\"image\"><img loading=\"lazy\" decoding=\"async\" src=\"http:\/\/www.semlh-morbihan.fr\/wordpress\/wp-content\/uploads\/2022\/06\/IMG_6340-2-scaled-700x500.jpg\" height=\"500\" width=\"700\" alt=\"\" class=\"slider-8007 slide-8015 msDefaultImage\" title=\"IMG_6340 (2)\" \/><\/li>\n                <li style=\"display: none; width: 100%;\" class=\"slide-8016 ms-image \" aria-roledescription=\"slide\" data-date=\"2022-06-25 17:39:27\" data-filename=\"DSC_0015-scaled-700x500.jpg\" data-slide-type=\"image\"><img loading=\"lazy\" decoding=\"async\" src=\"http:\/\/www.semlh-morbihan.fr\/wordpress\/wp-content\/uploads\/2022\/06\/DSC_0015-scaled-700x500.jpg\" height=\"500\" width=\"700\" alt=\"\" class=\"slider-8007 slide-8016 msDefaultImage\" title=\"DSC_0015\" \/><\/li>\n                <li style=\"display: none; width: 100%;\" class=\"slide-8017 ms-image \" aria-roledescription=\"slide\" data-date=\"2022-06-25 17:39:27\" data-filename=\"DSC_0014-scaled-700x500.jpg\" data-slide-type=\"image\"><img loading=\"lazy\" decoding=\"async\" src=\"http:\/\/www.semlh-morbihan.fr\/wordpress\/wp-content\/uploads\/2022\/06\/DSC_0014-scaled-700x500.jpg\" height=\"500\" width=\"700\" alt=\"\" class=\"slider-8007 slide-8017 msDefaultImage\" title=\"DSC_0014\" \/><\/li>\n            <\/ul>\n        <\/div>\n        \n    <\/div>\n<\/div><\/p>\n<p><span style=\"color: #ff6600;\"><img loading=\"lazy\" decoding=\"async\" class=\"aligncenter size-medium wp-image-7341\" src=\"http:\/\/www.semlh-morbihan.fr\/wordpress\/wp-content\/uploads\/2022\/02\/programme_9eme_session-472x600.png\" alt=\"\" width=\"472\" height=\"600\" srcset=\"http:\/\/www.semlh-morbihan.fr\/wordpress\/wp-content\/uploads\/2022\/02\/programme_9eme_session-472x600.png 472w, http:\/\/www.semlh-morbihan.fr\/wordpress\/wp-content\/uploads\/2022\/02\/programme_9eme_session.png 662w\" sizes=\"auto, (max-width: 472px) 100vw, 472px\" \/><\/span><\/p>\n<p>&nbsp;<\/p>\n<p style=\"text-align: center;\"><strong>Le livret du citoyen, version actualis\u00e9e 2022<\/strong><\/p>\n<p style=\"text-align: center;\"><a href=\"https:\/\/www.immigration.interieur.gouv.fr\/Integration-et-Acces-a-la-nationalite\/La-nationalite-francaise\/Le-livret-du-citoyen\">Integration-et-Acces-a-la-nationalite\/La-nationalite-francaise\/Le-livret-du-citoyen<\/a><\/p>\n<p><img loading=\"lazy\" decoding=\"async\" class=\"aligncenter size-medium wp-image-7368\" src=\"http:\/\/www.semlh-morbihan.fr\/wordpress\/wp-content\/uploads\/2022\/02\/le-livret-du-citoyen-ministere-de-linterieur-600x422.jpg\" alt=\"\" width=\"600\" height=\"422\" srcset=\"http:\/\/www.semlh-morbihan.fr\/wordpress\/wp-content\/uploads\/2022\/02\/le-livret-du-citoyen-ministere-de-linterieur-600x422.jpg 600w, http:\/\/www.semlh-morbihan.fr\/wordpress\/wp-content\/uploads\/2022\/02\/le-livret-du-citoyen-ministere-de-linterieur-768x540.jpg 768w, http:\/\/www.semlh-morbihan.fr\/wordpress\/wp-content\/uploads\/2022\/02\/le-livret-du-citoyen-ministere-de-linterieur.jpg 776w\" sizes=\"auto, (max-width: 600px) 100vw, 600px\" \/><\/p>\n<p>&nbsp;<\/p>\n<figure id=\"attachment_7349\" aria-describedby=\"caption-attachment-7349\" style=\"width: 600px\" class=\"wp-caption aligncenter\"><img loading=\"lazy\" decoding=\"async\" class=\"size-medium wp-image-7349\" src=\"http:\/\/www.semlh-morbihan.fr\/wordpress\/wp-content\/uploads\/2022\/02\/20220222_183343-600x450.jpg\" alt=\"\" width=\"600\" height=\"450\" \/><figcaption id=\"caption-attachment-7349\" class=\"wp-caption-text\">de gauche \u00e0 droite, le g\u00e9n\u00e9ral Philippe Pr\u00e9vost, pr\u00e9sident de la section SMLH du Morbihan pr\u00e9sente les diverses sessions accompagn\u00e9 de madame Christine Hervo\u00ebt, 1\u00e8re vice-pr\u00e9sident du conseil d\u00e9partemental et de monsieur Fontaines, directeur g\u00e9n\u00e9ral adjoint du d\u00e9partement.<\/figcaption><\/figure>\n<p>&nbsp;<\/p>\n<p>&nbsp;<\/p>\n","protected":false},"excerpt":{"rendered":"<p>&nbsp; &nbsp; La premi\u00e8re s\u00e9ance de la neuvi\u00e8me session de \u00ab\u00a0Devenir Fran\u00e7ais\u00a0\u00bb , organis\u00e9e au profit des futurs naturalis\u00e9s fran\u00e7ais r\u00e9sidant dans le Morbihan, s&rsquo;est&#8230;<\/p>\n","protected":false},"author":329,"featured_media":7994,"comment_status":"closed","ping_status":"open","sticky":false,"template":"","format":"standard","meta":{"footnotes":""},"categories":[337,353,424],"tags":[],"class_list":["post-7334","post","type-post","status-publish","format-standard","has-post-thumbnail","hentry","category-la-section","category-la-smlh","category-nos-actions-pour-les-futurs-naturalises","wpcat-337-id","wpcat-353-id","wpcat-424-id"],"_links":{"self":[{"href":"http:\/\/www.semlh-morbihan.fr\/wordpress\/wp-json\/wp\/v2\/posts\/7334","targetHints":{"allow":["GET"]}}],"collection":[{"href":"http:\/\/www.semlh-morbihan.fr\/wordpress\/wp-json\/wp\/v2\/posts"}],"about":[{"href":"http:\/\/www.semlh-morbihan.fr\/wordpress\/wp-json\/wp\/v2\/types\/post"}],"author":[{"embeddable":true,"href":"http:\/\/www.semlh-morbihan.fr\/wordpress\/wp-json\/wp\/v2\/users\/329"}],"replies":[{"embeddable":true,"href":"http:\/\/www.semlh-morbihan.fr\/wordpress\/wp-json\/wp\/v2\/comments?post=7334"}],"version-history":[{"count":28,"href":"http:\/\/www.semlh-morbihan.fr\/wordpress\/wp-json\/wp\/v2\/posts\/7334\/revisions"}],"predecessor-version":[{"id":8019,"href":"http:\/\/www.semlh-morbihan.fr\/wordpress\/wp-json\/wp\/v2\/posts\/7334\/revisions\/8019"}],"wp:featuredmedia":[{"embeddable":true,"href":"http:\/\/www.semlh-morbihan.fr\/wordpress\/wp-json\/wp\/v2\/media\/7994"}],"wp:attachment":[{"href":"http:\/\/www.semlh-morbihan.fr\/wordpress\/wp-json\/wp\/v2\/media?parent=7334"}],"wp:term":[{"taxonomy":"category","embeddable":true,"href":"http:\/\/www.semlh-morbihan.fr\/wordpress\/wp-json\/wp\/v2\/categories?post=7334"},{"taxonomy":"post_tag","embeddable":true,"href":"http:\/\/www.semlh-morbihan.fr\/wordpress\/wp-json\/wp\/v2\/tags?post=7334"}],"curies":[{"name":"wp","href":"https:\/\/api.w.org\/{rel}","templated":true}]}}