{"id":8215,"date":"2022-09-19T19:08:59","date_gmt":"2022-09-19T17:08:59","guid":{"rendered":"http:\/\/www.semlh-morbihan.fr\/wordpress\/?p=8215"},"modified":"2022-09-20T15:53:45","modified_gmt":"2022-09-20T13:53:45","slug":"remise-de-la-legion-dhonneur-a-m-pourriere-par-le-general2s-philippe-prevost-president-de-la-section","status":"publish","type":"post","link":"http:\/\/www.semlh-morbihan.fr\/wordpress\/2022\/09\/19\/remise-de-la-legion-dhonneur-a-m-pourriere-par-le-general2s-philippe-prevost-president-de-la-section\/","title":{"rendered":"Remise de la l\u00e9gion d&rsquo;honneur \u00e0 M. Jean-Louis Pourri\u00e8re par le g\u00e9n\u00e9ral(2s) Philippe Pr\u00e9vost, pr\u00e9sident de la section"},"content":{"rendered":"<figure id=\"attachment_8238\" aria-describedby=\"caption-attachment-8238\" style=\"width: 452px\" class=\"wp-caption aligncenter\"><img loading=\"lazy\" decoding=\"async\" class=\"size-medium wp-image-8238\" src=\"http:\/\/www.semlh-morbihan.fr\/wordpress\/wp-content\/uploads\/2022\/09\/75b3ad28-0305-4378-ab53-97fff043e77a-452x600.jpg\" alt=\"\" width=\"452\" height=\"600\" srcset=\"http:\/\/www.semlh-morbihan.fr\/wordpress\/wp-content\/uploads\/2022\/09\/75b3ad28-0305-4378-ab53-97fff043e77a-452x600.jpg 452w, http:\/\/www.semlh-morbihan.fr\/wordpress\/wp-content\/uploads\/2022\/09\/75b3ad28-0305-4378-ab53-97fff043e77a-771x1024.jpg 771w, http:\/\/www.semlh-morbihan.fr\/wordpress\/wp-content\/uploads\/2022\/09\/75b3ad28-0305-4378-ab53-97fff043e77a-768x1021.jpg 768w, http:\/\/www.semlh-morbihan.fr\/wordpress\/wp-content\/uploads\/2022\/09\/75b3ad28-0305-4378-ab53-97fff043e77a-1156x1536.jpg 1156w, http:\/\/www.semlh-morbihan.fr\/wordpress\/wp-content\/uploads\/2022\/09\/75b3ad28-0305-4378-ab53-97fff043e77a.jpg 1204w\" sizes=\"auto, (max-width: 452px) 100vw, 452px\" \/><figcaption id=\"caption-attachment-8238\" class=\"wp-caption-text\">Jean-Louis Pourri\u00e8re, direteur des soins, centre hospitalier de la c\u00f4te Basque<\/figcaption><\/figure>\n<p>Le 17 septembre 2022, le g\u00e9n\u00e9ral (2s) Philippe Pr\u00e9vost a remis la croix de chevalier de la l\u00e9gion d&rsquo;honneur \u00e0 M. Pourriere dans les salons de la mairie de Quiberon en pr\u00e9sence d&rsquo;une d\u00e9l\u00e9gation du comit\u00e9 SMLH du pays d&rsquo;Auray, notamment Mme Mich\u00e8le Th\u00e9ry, vice-pr\u00e9sident du comit\u00e9, repr\u00e9sentant la pr\u00e9sidente en voyage, M. Pierre Baudic, soci\u00e9taire de proximit\u00e9 \u00e0 Quiberon.<\/p>\n<p>\u00c2pr\u00e8s plus de quarante ann\u00e9es au service de la sant\u00e9, Jean-Louis Pourri\u00e8re s&rsquo;est install\u00e9e \u00e0 Quiberon, ville \u00e0 laquelle il est tr\u00e8s attach\u00e9 et dont son \u00e9pouse est native.<\/p>\n<p>Il a \u00e9t\u00e9 d\u00e9cor\u00e9 de la l\u00e9gion d&rsquo;honneur et ce notamment pour son action dans le cadre de l&rsquo;\u00e9pid\u00e9mie COVID. La c\u00e9r\u00e9monie s&rsquo;est d\u00e9roul\u00e9e \u00e0 la mairie de Quiberon le 17 septembre 2022 dans la plus stricte intimit\u00e9.<\/p>\n<p>L&rsquo;ordre du jour \u00e9tait le suivant :<\/p>\n<ul>\n<li>Accueil par le premier adjoint de Quiberon,<\/li>\n<li>Pr\u00e9sentation par notre pr\u00e9sident,<\/li>\n<li>lecture des m\u00e9rites par une des filles<\/li>\n<li>remises de la d\u00e9co<\/li>\n<li>mot de remerciement du d\u00e9cor\u00e9<\/li>\n<li>photos avec le pr\u00e9sident, drapeau, les membres LH pr\u00e9sents et la famille<\/li>\n<li>photos avec la famille (d\u00e9cor\u00e9 \u00e9pouse deux filles avec conjoints et deux petits enfants<img loading=\"lazy\" decoding=\"async\" class=\"aligncenter size-full wp-image-8232\" src=\"http:\/\/www.semlh-morbihan.fr\/wordpress\/wp-content\/uploads\/2022\/09\/LH-271.jpg\" alt=\"\" width=\"451\" height=\"486\" \/> <img loading=\"lazy\" decoding=\"async\" class=\"aligncenter size-medium wp-image-8233\" src=\"http:\/\/www.semlh-morbihan.fr\/wordpress\/wp-content\/uploads\/2022\/09\/LH-281-272x600.jpg\" alt=\"\" width=\"272\" height=\"600\" srcset=\"http:\/\/www.semlh-morbihan.fr\/wordpress\/wp-content\/uploads\/2022\/09\/LH-281-272x600.jpg 272w, http:\/\/www.semlh-morbihan.fr\/wordpress\/wp-content\/uploads\/2022\/09\/LH-281-465x1024.jpg 465w, http:\/\/www.semlh-morbihan.fr\/wordpress\/wp-content\/uploads\/2022\/09\/LH-281-768x1691.jpg 768w, http:\/\/www.semlh-morbihan.fr\/wordpress\/wp-content\/uploads\/2022\/09\/LH-281-698x1536.jpg 698w, http:\/\/www.semlh-morbihan.fr\/wordpress\/wp-content\/uploads\/2022\/09\/LH-281.jpg 822w\" sizes=\"auto, (max-width: 272px) 100vw, 272px\" \/> <img loading=\"lazy\" decoding=\"async\" class=\"aligncenter size-medium wp-image-8234\" src=\"http:\/\/www.semlh-morbihan.fr\/wordpress\/wp-content\/uploads\/2022\/09\/LH-221-600x408.jpg\" alt=\"\" width=\"600\" height=\"408\" srcset=\"http:\/\/www.semlh-morbihan.fr\/wordpress\/wp-content\/uploads\/2022\/09\/LH-221-600x408.jpg 600w, http:\/\/www.semlh-morbihan.fr\/wordpress\/wp-content\/uploads\/2022\/09\/LH-221.jpg 715w\" sizes=\"auto, (max-width: 600px) 100vw, 600px\" \/> <img loading=\"lazy\" decoding=\"async\" class=\"aligncenter size-medium wp-image-8235\" src=\"http:\/\/www.semlh-morbihan.fr\/wordpress\/wp-content\/uploads\/2022\/09\/LH-261.jpg\" alt=\"\" width=\"468\" height=\"486\" \/><\/li>\n<\/ul>\n<p>&nbsp;<\/p>\n<p>Voici quelques photos prises lors de cette c\u00e9r\u00e9monie<\/p>\n<p>&nbsp;<\/p>\n","protected":false},"excerpt":{"rendered":"<p>Le 17 septembre 2022, le g\u00e9n\u00e9ral (2s) Philippe Pr\u00e9vost a remis la croix de chevalier de la l\u00e9gion d&rsquo;honneur \u00e0 M. Pourriere dans les salons&#8230;<\/p>\n","protected":false},"author":329,"featured_media":8216,"comment_status":"closed","ping_status":"open","sticky":false,"template":"","format":"standard","meta":{"footnotes":""},"categories":[495,342],"tags":[],"class_list":["post-8215","post","type-post","status-publish","format-standard","has-post-thumbnail","hentry","category-ceremonies-comite-du-pays-dauray","category-comite-du-pays-dauray","wpcat-495-id","wpcat-342-id"],"_links":{"self":[{"href":"http:\/\/www.semlh-morbihan.fr\/wordpress\/wp-json\/wp\/v2\/posts\/8215","targetHints":{"allow":["GET"]}}],"collection":[{"href":"http:\/\/www.semlh-morbihan.fr\/wordpress\/wp-json\/wp\/v2\/posts"}],"about":[{"href":"http:\/\/www.semlh-morbihan.fr\/wordpress\/wp-json\/wp\/v2\/types\/post"}],"author":[{"embeddable":true,"href":"http:\/\/www.semlh-morbihan.fr\/wordpress\/wp-json\/wp\/v2\/users\/329"}],"replies":[{"embeddable":true,"href":"http:\/\/www.semlh-morbihan.fr\/wordpress\/wp-json\/wp\/v2\/comments?post=8215"}],"version-history":[{"count":6,"href":"http:\/\/www.semlh-morbihan.fr\/wordpress\/wp-json\/wp\/v2\/posts\/8215\/revisions"}],"predecessor-version":[{"id":8239,"href":"http:\/\/www.semlh-morbihan.fr\/wordpress\/wp-json\/wp\/v2\/posts\/8215\/revisions\/8239"}],"wp:featuredmedia":[{"embeddable":true,"href":"http:\/\/www.semlh-morbihan.fr\/wordpress\/wp-json\/wp\/v2\/media\/8216"}],"wp:attachment":[{"href":"http:\/\/www.semlh-morbihan.fr\/wordpress\/wp-json\/wp\/v2\/media?parent=8215"}],"wp:term":[{"taxonomy":"category","embeddable":true,"href":"http:\/\/www.semlh-morbihan.fr\/wordpress\/wp-json\/wp\/v2\/categories?post=8215"},{"taxonomy":"post_tag","embeddable":true,"href":"http:\/\/www.semlh-morbihan.fr\/wordpress\/wp-json\/wp\/v2\/tags?post=8215"}],"curies":[{"name":"wp","href":"https:\/\/api.w.org\/{rel}","templated":true}]}}