{"id":8241,"date":"2022-09-27T18:52:22","date_gmt":"2022-09-27T16:52:22","guid":{"rendered":"http:\/\/www.semlh-morbihan.fr\/wordpress\/?p=8241"},"modified":"2023-03-11T16:31:40","modified_gmt":"2023-03-11T15:31:40","slug":"mise-a-lhonneur-de-notre-grand-croix-le-colonel-marce-le-guyader-a-quiberon-lors-de-la-ceremonie-en-hommage-aux-harkis-l-e25-septembre","status":"publish","type":"post","link":"http:\/\/www.semlh-morbihan.fr\/wordpress\/2022\/09\/27\/mise-a-lhonneur-de-notre-grand-croix-le-colonel-marce-le-guyader-a-quiberon-lors-de-la-ceremonie-en-hommage-aux-harkis-l-e25-septembre\/","title":{"rendered":"Notre Grand Croix, le colonel Marcel Le Guyader, mis \u00e0 l&rsquo;honneur lors de la c\u00e9r\u00e9monie en hommage aux harkis le 25 septembre"},"content":{"rendered":"<p>Le colonel(er) Marcel Le Guyader, Grand Croix de la l\u00e9gion d&rsquo;honneur, a \u00e9t\u00e9 honor\u00e9 lors de la c\u00e9r\u00e9monie d&rsquo;hommage aux harkis le dimanche 25 septembre \u00e0 Quiberon.<\/p>\n<p>\u00c1 cette occasion, une d\u00e9l\u00e9gations de l\u00e9gionnaires de la section \u00e9taient pr\u00e9sents, notamment, Pascal Lecomte, vice-pr\u00e9sident de section, repr\u00e9sentant le g\u00e9n\u00e9ral(2s) Philippe Pr\u00e9vost, Mich\u00e8le Th\u00e9ry, vice-pr\u00e9sident du comit\u00e9 SMLH du pays d&rsquo;Auray, repr\u00e9sentant la pr\u00e9sidente du comit\u00e9, Annick Guillou-Moinard, Alain Gontard, et Jean-Claude Bietrix, notre porte-drapeau.<\/p>\n<p>Pascal Lecomte a remis au colonel(er) Le Guyader, la m\u00e9daille grav\u00e9e du centenaire de la SMLH.<\/p>\n<p>voir ci-dessous, l&rsquo;article de Ouest-France<\/p>\n<p><img loading=\"lazy\" decoding=\"async\" class=\"aligncenter size-medium wp-image-8247\" src=\"http:\/\/www.semlh-morbihan.fr\/wordpress\/wp-content\/uploads\/2022\/09\/of_le_guyader-533x600.jpg\" alt=\"\" width=\"533\" height=\"600\" srcset=\"http:\/\/www.semlh-morbihan.fr\/wordpress\/wp-content\/uploads\/2022\/09\/of_le_guyader-533x600.jpg 533w, http:\/\/www.semlh-morbihan.fr\/wordpress\/wp-content\/uploads\/2022\/09\/of_le_guyader-768x864.jpg 768w, http:\/\/www.semlh-morbihan.fr\/wordpress\/wp-content\/uploads\/2022\/09\/of_le_guyader.jpg 872w\" sizes=\"auto, (max-width: 533px) 100vw, 533px\" \/><\/p>\n<p>&nbsp;<\/p>\n<figure id=\"attachment_8249\" aria-describedby=\"caption-attachment-8249\" style=\"width: 277px\" class=\"wp-caption aligncenter\"><img loading=\"lazy\" decoding=\"async\" class=\"size-medium wp-image-8249\" src=\"http:\/\/www.semlh-morbihan.fr\/wordpress\/wp-content\/uploads\/2022\/09\/remise_medaille_Lh_Le_Guyader-277x600.jpeg\" alt=\"\" width=\"277\" height=\"600\" srcset=\"http:\/\/www.semlh-morbihan.fr\/wordpress\/wp-content\/uploads\/2022\/09\/remise_medaille_Lh_Le_Guyader-277x600.jpeg 277w, http:\/\/www.semlh-morbihan.fr\/wordpress\/wp-content\/uploads\/2022\/09\/remise_medaille_Lh_Le_Guyader-473x1024.jpeg 473w, http:\/\/www.semlh-morbihan.fr\/wordpress\/wp-content\/uploads\/2022\/09\/remise_medaille_Lh_Le_Guyader-709x1536.jpeg 709w, http:\/\/www.semlh-morbihan.fr\/wordpress\/wp-content\/uploads\/2022\/09\/remise_medaille_Lh_Le_Guyader.jpeg 739w\" sizes=\"auto, (max-width: 277px) 100vw, 277px\" \/><figcaption id=\"caption-attachment-8249\" class=\"wp-caption-text\">Remise de la m\u00e9daille du centenaire de la SMLH au colonel(er) Marcel Le Guyader, par le vice-pr\u00e9sident de section, Pascal Lecomte, lors de la c\u00e9r\u00e9monie en hommage aux harkis le dimanche 25 septembre 2022 \u00e0 Quiberon<\/figcaption><\/figure>\n","protected":false},"excerpt":{"rendered":"<p>Le colonel(er) Marcel Le Guyader, Grand Croix de la l\u00e9gion d&rsquo;honneur, a \u00e9t\u00e9 honor\u00e9 lors de la c\u00e9r\u00e9monie d&rsquo;hommage aux harkis le dimanche 25 septembre&#8230;<\/p>\n","protected":false},"author":329,"featured_media":8242,"comment_status":"closed","ping_status":"open","sticky":false,"template":"","format":"standard","meta":{"footnotes":""},"categories":[348,342],"tags":[],"class_list":["post-8241","post","type-post","status-publish","format-standard","has-post-thumbnail","hentry","category-actualites","category-comite-du-pays-dauray","wpcat-348-id","wpcat-342-id"],"_links":{"self":[{"href":"http:\/\/www.semlh-morbihan.fr\/wordpress\/wp-json\/wp\/v2\/posts\/8241","targetHints":{"allow":["GET"]}}],"collection":[{"href":"http:\/\/www.semlh-morbihan.fr\/wordpress\/wp-json\/wp\/v2\/posts"}],"about":[{"href":"http:\/\/www.semlh-morbihan.fr\/wordpress\/wp-json\/wp\/v2\/types\/post"}],"author":[{"embeddable":true,"href":"http:\/\/www.semlh-morbihan.fr\/wordpress\/wp-json\/wp\/v2\/users\/329"}],"replies":[{"embeddable":true,"href":"http:\/\/www.semlh-morbihan.fr\/wordpress\/wp-json\/wp\/v2\/comments?post=8241"}],"version-history":[{"count":9,"href":"http:\/\/www.semlh-morbihan.fr\/wordpress\/wp-json\/wp\/v2\/posts\/8241\/revisions"}],"predecessor-version":[{"id":8253,"href":"http:\/\/www.semlh-morbihan.fr\/wordpress\/wp-json\/wp\/v2\/posts\/8241\/revisions\/8253"}],"wp:featuredmedia":[{"embeddable":true,"href":"http:\/\/www.semlh-morbihan.fr\/wordpress\/wp-json\/wp\/v2\/media\/8242"}],"wp:attachment":[{"href":"http:\/\/www.semlh-morbihan.fr\/wordpress\/wp-json\/wp\/v2\/media?parent=8241"}],"wp:term":[{"taxonomy":"category","embeddable":true,"href":"http:\/\/www.semlh-morbihan.fr\/wordpress\/wp-json\/wp\/v2\/categories?post=8241"},{"taxonomy":"post_tag","embeddable":true,"href":"http:\/\/www.semlh-morbihan.fr\/wordpress\/wp-json\/wp\/v2\/tags?post=8241"}],"curies":[{"name":"wp","href":"https:\/\/api.w.org\/{rel}","templated":true}]}}