{"id":8261,"date":"2022-10-24T16:19:28","date_gmt":"2022-10-24T14:19:28","guid":{"rendered":"http:\/\/www.semlh-morbihan.fr\/wordpress\/?p=8261"},"modified":"2023-03-11T16:29:57","modified_gmt":"2023-03-11T15:29:57","slug":"assemblee-annuelle-du-comite-du-pays-de-pontivy20-oct-2022","status":"publish","type":"post","link":"http:\/\/www.semlh-morbihan.fr\/wordpress\/2022\/10\/24\/assemblee-annuelle-du-comite-du-pays-de-pontivy20-oct-2022\/","title":{"rendered":"ASSEMBLEE ANNUELLE DU COMITE DU PAYS DE PONTIVY20.OCT.2022"},"content":{"rendered":"<p><img loading=\"lazy\" decoding=\"async\" class=\"size-medium wp-image-8257 aligncenter\" src=\"http:\/\/www.semlh-morbihan.fr\/wordpress\/wp-content\/uploads\/2022\/10\/photo-pontivy-journal-20-10-2022-600x338.jpg\" alt=\"LES PARTICIPANTS LE 20.10.2022\" width=\"600\" height=\"338\" \/><\/p>\n<p>&nbsp;<\/p>\n<p>A l&rsquo;invitation du bureau, les membres du comit\u00e9 se sont r\u00e9unis \u00e0 l&rsquo;AMISEP de Kerimaux en pr\u00e9sence du vice-pr\u00e9sident d\u00e9partemental Pascal Lecomte. Apr\u00e8s les travaux, Yann Jondot ambassadeur de l&rsquo;accessibilit\u00e9 a pr\u00e9sent\u00e9 les actions qu&rsquo;il conduit actuellement, ainsi que notre vice pr\u00e9sident qui a expos\u00e9 les initiatives de la section au cours de l&rsquo;ann\u00e9e. A l&rsquo;issue, le restaurant d&rsquo;application a pr\u00e9par\u00e9 un excellent d\u00e9jeuner partag\u00e9 dans la cordialit\u00e9 par l\u2019ensemble des participants. Ci dessous, un article de presse diffus\u00e9 dans le quotidien Ouest France. Si la situation sanitaire ne se d\u00e9grade pas \u00e0 nouveau, nous nous retrouverons fin janvier autour de la galette des rois pour \u00e9changer les v\u0153ux.<\/p>\n<p>Joseph Rouxel, pr\u00e9sident du comit\u00e9.<\/p>\n<p>&nbsp;<\/p>\n<figure id=\"attachment_8269\" aria-describedby=\"caption-attachment-8269\" style=\"width: 579px\" class=\"wp-caption aligncenter\"><img loading=\"lazy\" decoding=\"async\" class=\"size-medium wp-image-8269\" src=\"http:\/\/www.semlh-morbihan.fr\/wordpress\/wp-content\/uploads\/2022\/10\/al_pontivy-579x600.jpg\" alt=\"\" width=\"579\" height=\"600\" srcset=\"http:\/\/www.semlh-morbihan.fr\/wordpress\/wp-content\/uploads\/2022\/10\/al_pontivy-579x600.jpg 579w, http:\/\/www.semlh-morbihan.fr\/wordpress\/wp-content\/uploads\/2022\/10\/al_pontivy.jpg 615w\" sizes=\"auto, (max-width: 579px) 100vw, 579px\" \/><figcaption id=\"caption-attachment-8269\" class=\"wp-caption-text\">asembl\u00e9e locale du comit\u00e9 du pays e Pontivy<\/figcaption><\/figure>\n<p>&nbsp;<\/p>\n<figure id=\"attachment_8356\" aria-describedby=\"caption-attachment-8356\" style=\"width: 600px\" class=\"wp-caption aligncenter\"><img loading=\"lazy\" decoding=\"async\" class=\"size-full wp-image-8356\" src=\"http:\/\/www.semlh-morbihan.fr\/wordpress\/wp-content\/uploads\/2022\/10\/yann_Jondot-600x277-1.jpg\" alt=\"\" width=\"600\" height=\"277\" \/><figcaption id=\"caption-attachment-8356\" class=\"wp-caption-text\">Yann Jondot donne des informations sur ses actions de r\u00e9cup\u00e9ration de fauteuils usag\u00e9s. A droite, l&rsquo;adjoint au maire de Pontivy, M. Jean-Pierre Le Clainche, charg\u00e9 des actions m\u00e9morielles, \u00e0 c\u00f4t\u00e9 de la conseill\u00e8re d\u00e9partementale, Mme Soizic Perrault.<\/figcaption><\/figure>\n<p>&nbsp;<\/p>\n<figure id=\"attachment_8358\" aria-describedby=\"caption-attachment-8358\" style=\"width: 439px\" class=\"wp-caption aligncenter\"><img loading=\"lazy\" decoding=\"async\" class=\"size-full wp-image-8358\" src=\"http:\/\/www.semlh-morbihan.fr\/wordpress\/wp-content\/uploads\/2022\/10\/lettre-de-convocation-pontivy.jpg\" alt=\"\" width=\"439\" height=\"600\" \/><figcaption id=\"caption-attachment-8358\" class=\"wp-caption-text\">Lettre de convocation \u00e0 l&rsquo;assembl\u00e9e locale du comit\u00e9 SMLH du pays de Pontivy<\/figcaption><\/figure>\n","protected":false},"excerpt":{"rendered":"<p>&nbsp; A l&rsquo;invitation du bureau, les membres du comit\u00e9 se sont r\u00e9unis \u00e0 l&rsquo;AMISEP de Kerimaux en pr\u00e9sence du vice-pr\u00e9sident d\u00e9partemental Pascal Lecomte. Apr\u00e8s les&#8230;<\/p>\n","protected":false},"author":332,"featured_media":8271,"comment_status":"closed","ping_status":"open","sticky":false,"template":"","format":"standard","meta":{"footnotes":""},"categories":[361,345],"tags":[608],"class_list":["post-8261","post","type-post","status-publish","format-standard","has-post-thumbnail","hentry","category-actualites-comite-du-pays-de-pontivy","category-comite-du-pays-de-pontivy","tag-comite-smlh-du-pays-de-pontivy","wpcat-361-id","wpcat-345-id"],"_links":{"self":[{"href":"http:\/\/www.semlh-morbihan.fr\/wordpress\/wp-json\/wp\/v2\/posts\/8261","targetHints":{"allow":["GET"]}}],"collection":[{"href":"http:\/\/www.semlh-morbihan.fr\/wordpress\/wp-json\/wp\/v2\/posts"}],"about":[{"href":"http:\/\/www.semlh-morbihan.fr\/wordpress\/wp-json\/wp\/v2\/types\/post"}],"author":[{"embeddable":true,"href":"http:\/\/www.semlh-morbihan.fr\/wordpress\/wp-json\/wp\/v2\/users\/332"}],"replies":[{"embeddable":true,"href":"http:\/\/www.semlh-morbihan.fr\/wordpress\/wp-json\/wp\/v2\/comments?post=8261"}],"version-history":[{"count":6,"href":"http:\/\/www.semlh-morbihan.fr\/wordpress\/wp-json\/wp\/v2\/posts\/8261\/revisions"}],"predecessor-version":[{"id":8359,"href":"http:\/\/www.semlh-morbihan.fr\/wordpress\/wp-json\/wp\/v2\/posts\/8261\/revisions\/8359"}],"wp:featuredmedia":[{"embeddable":true,"href":"http:\/\/www.semlh-morbihan.fr\/wordpress\/wp-json\/wp\/v2\/media\/8271"}],"wp:attachment":[{"href":"http:\/\/www.semlh-morbihan.fr\/wordpress\/wp-json\/wp\/v2\/media?parent=8261"}],"wp:term":[{"taxonomy":"category","embeddable":true,"href":"http:\/\/www.semlh-morbihan.fr\/wordpress\/wp-json\/wp\/v2\/categories?post=8261"},{"taxonomy":"post_tag","embeddable":true,"href":"http:\/\/www.semlh-morbihan.fr\/wordpress\/wp-json\/wp\/v2\/tags?post=8261"}],"curies":[{"name":"wp","href":"https:\/\/api.w.org\/{rel}","templated":true}]}}