{"id":8265,"date":"2022-10-24T16:37:50","date_gmt":"2022-10-24T14:37:50","guid":{"rendered":"http:\/\/www.semlh-morbihan.fr\/wordpress\/?p=8265"},"modified":"2023-03-11T16:30:35","modified_gmt":"2023-03-11T15:30:35","slug":"deces-de-madame-la-docteure-denyse-lyard-legionnaire-brehan","status":"publish","type":"post","link":"http:\/\/www.semlh-morbihan.fr\/wordpress\/2022\/10\/24\/deces-de-madame-la-docteure-denyse-lyard-legionnaire-brehan\/","title":{"rendered":"DECES DE MADAME LA DOCTEURE DENYSE LYARD LEGIONNAIRE BREHAN"},"content":{"rendered":"<p><img loading=\"lazy\" decoding=\"async\" class=\"alignnone size-full wp-image-8266\" src=\"http:\/\/www.semlh-morbihan.fr\/wordpress\/wp-content\/uploads\/2022\/10\/MjAyMjA3ZjI3NDZhODY0ZmZlYjUzZmEzNjAxOWRhYzMxNTJhOTU.jpg\" alt=\"\" width=\"320\" height=\"198\" \/><\/p>\n<p>&nbsp;<\/p>\n<p>Le 04 Juillet dernier, la docteure\u00a0 neuropsychiatre\u00a0 qui avait vou\u00e9 sa vie \u00e0 l&rsquo;\u00e9volution des soins en faveur de l&rsquo;enfance handicap\u00e9e est d\u00e9c\u00e9d\u00e9e \u00e0 Br\u00e9han \u00e0 l&rsquo;\u00e2ge de 94 ans. Arriv\u00e9e \u00e0 Br\u00e9han avec le docteur Saulnier qui avait initi\u00e9 \u00e0 Br\u00e9han les \u00e9tablissements de la fondation Claude Pompidou, elle n&rsquo;a plus quitt\u00e9 la Bretagne.<\/p>\n<p>&nbsp;<\/p>\n<h1 class=\"western\">Br\u00e9han. Denyse Lyard, neuropsychiatre engag\u00e9e, est d\u00e9c\u00e9d\u00e9e<\/h1>\n<p>La neuropsychiatre Denyse Lyard, qui a \u0153uvr\u00e9 pour le soin et l\u2019accompagnement des enfants polyhandicap\u00e9s \u00e0 Br\u00e9han (Morbihan), est d\u00e9c\u00e9d\u00e9e ce lundi 4\u00a0juillet 2022.<\/p>\n<p>La docteure Denyse Lyard, \u00e0 gauche, en pr\u00e9sence de Bernadette Chirac et de Louis Guillemot, pr\u00e9sident de l\u2019association Kervihan de Br\u00e9han (Morbihan). | ASSOCIATION KERVIHAN<\/p>\n<p><a href=\"https:\/\/www.ouest-france.fr\/\">Ouest-France <\/a>Publi\u00e9 le 07\/07\/2022 \u00e0 09h00<\/p>\n<div id=\"bloc_3quarts_1__parentOf__abo_journal\" dir=\"LTR\"><\/div>\n<div id=\"bloc_3quarts_1__parentOf__inscription_newsletter\" dir=\"LTR\"><\/div>\n<div id=\"article-detail\" dir=\"LTR\">\n<p>Ce lundi 4 juillet 2022, la docteure Denyse Lyard, neuropsychiatre, install\u00e9e d\u00e9finitivement \u00e0 <a href=\"https:\/\/www.ouest-france.fr\/bretagne\/brehan-56580\/\">Br\u00e9han <\/a>(<a href=\"https:\/\/www.ouest-france.fr\/bretagne\/morbihan\/\">Morbihan<\/a>) depuis sa retraite, est d\u00e9c\u00e9d\u00e9e dans sa 96<sup>e<\/sup> ann\u00e9e. Louis Guillemot, pr\u00e9sident de l\u2019association Kervihan, qui \u0153uvre pour les enfants polyhandicap\u00e9s, l\u2019a c\u00f4toy\u00e9e pendant de nombreuses ann\u00e9es. Il retrace son parcours et son engagement : La docteure Lyard \u00e9tait bien connue des plus anciens salari\u00e9s de Kervihan. Son nom est indissociable de celui du docteur Saulnier avec qui elle a \u0153uvr\u00e9 pour le soin et l\u2019accompagnement des enfants polyhandicap\u00e9s. De leur rencontre en 1964 na\u00eetront une solide amiti\u00e9, mais aussi l\u2019\u00e9laboration \u00e0 partir de 1968 d\u2019un projet de centre, pour la prise en charge des grands polyhandicap\u00e9s lourdement d\u00e9ficitaires.<\/p>\n<p>Son engagement sur le terrain dans l\u2019accompagnement des familles et des personnes accueillies se double de celui de formation et d\u2019accompagnement des jeunes professionnels.<\/p>\n<h2 class=\"western\">M\u00e9decin et b\u00e9n\u00e9vole mobilis\u00e9e<\/h2>\n<p>Pendant18 ann\u00e9es, de 1973 \u00e0 1991, Denyse Lyard \u00e9tait le m\u00e9decin du centre d\u2019observation, de soins et de guidance de Kervihan, devenu depuis, l\u2019IME Enfants de Kervihan.<\/p>\n<p>Elle partageait son temps entre Paris et Br\u00e9han. Elle est devenue secr\u00e9taire puis vice-pr\u00e9sidente de l\u2019association. Elle est rest\u00e9e membre du Conseil d\u2019administration et du bureau jusqu\u2019\u00e0 son dernier jour.<\/p>\n<p>Depuis quelques ann\u00e9es et malgr\u00e9 un \u00e9tat de sant\u00e9 qui l\u2019immobilisait \u00e0 domicile, elle \u00e9tait particuli\u00e8rement vigilante et inform\u00e9e de l\u2019actualit\u00e9 de l\u2019association.<\/p>\n<p>Idem pour l\u2019Association Barr H\u00e9ol, un Ehpad priv\u00e9e de Br\u00e9han.<\/p>\n<p>Le directeur de l\u2019association a tenu \u00e0 rappeler son professionnalisme, sa grande int\u00e9grit\u00e9, son engagement f\u00e9roce et son d\u00e9vouement aupr\u00e8s des enfants polyhandicap\u00e9s \u00bb.<br \/>\nSes obs\u00e8ques ont \u00e9t\u00e9 c\u00e9l\u00e9br\u00e9es le jeudi 7 juillet 2022, \u00e0 14 h 30, en l\u2019\u00e9glise de Br\u00e9han.<\/p>\n<\/div>\n","protected":false},"excerpt":{"rendered":"<p>&nbsp; Le 04 Juillet dernier, la docteure\u00a0 neuropsychiatre\u00a0 qui avait vou\u00e9 sa vie \u00e0 l&rsquo;\u00e9volution des soins en faveur de l&rsquo;enfance handicap\u00e9e est d\u00e9c\u00e9d\u00e9e \u00e0&#8230;<\/p>\n","protected":false},"author":332,"featured_media":8266,"comment_status":"closed","ping_status":"open","sticky":false,"template":"","format":"standard","meta":{"footnotes":""},"categories":[402],"tags":[],"class_list":["post-8265","post","type-post","status-publish","format-standard","has-post-thumbnail","hentry","category-les-deces","wpcat-402-id"],"_links":{"self":[{"href":"http:\/\/www.semlh-morbihan.fr\/wordpress\/wp-json\/wp\/v2\/posts\/8265","targetHints":{"allow":["GET"]}}],"collection":[{"href":"http:\/\/www.semlh-morbihan.fr\/wordpress\/wp-json\/wp\/v2\/posts"}],"about":[{"href":"http:\/\/www.semlh-morbihan.fr\/wordpress\/wp-json\/wp\/v2\/types\/post"}],"author":[{"embeddable":true,"href":"http:\/\/www.semlh-morbihan.fr\/wordpress\/wp-json\/wp\/v2\/users\/332"}],"replies":[{"embeddable":true,"href":"http:\/\/www.semlh-morbihan.fr\/wordpress\/wp-json\/wp\/v2\/comments?post=8265"}],"version-history":[{"count":1,"href":"http:\/\/www.semlh-morbihan.fr\/wordpress\/wp-json\/wp\/v2\/posts\/8265\/revisions"}],"predecessor-version":[{"id":8267,"href":"http:\/\/www.semlh-morbihan.fr\/wordpress\/wp-json\/wp\/v2\/posts\/8265\/revisions\/8267"}],"wp:featuredmedia":[{"embeddable":true,"href":"http:\/\/www.semlh-morbihan.fr\/wordpress\/wp-json\/wp\/v2\/media\/8266"}],"wp:attachment":[{"href":"http:\/\/www.semlh-morbihan.fr\/wordpress\/wp-json\/wp\/v2\/media?parent=8265"}],"wp:term":[{"taxonomy":"category","embeddable":true,"href":"http:\/\/www.semlh-morbihan.fr\/wordpress\/wp-json\/wp\/v2\/categories?post=8265"},{"taxonomy":"post_tag","embeddable":true,"href":"http:\/\/www.semlh-morbihan.fr\/wordpress\/wp-json\/wp\/v2\/tags?post=8265"}],"curies":[{"name":"wp","href":"https:\/\/api.w.org\/{rel}","templated":true}]}}