{"id":8286,"date":"2022-10-25T14:12:21","date_gmt":"2022-10-25T12:12:21","guid":{"rendered":"http:\/\/www.semlh-morbihan.fr\/wordpress\/?p=8286"},"modified":"2022-10-27T16:12:56","modified_gmt":"2022-10-27T14:12:56","slug":"henri-le-breton-senateur-honoraire-du-morbihan-est-decede","status":"publish","type":"post","link":"http:\/\/www.semlh-morbihan.fr\/wordpress\/2022\/10\/25\/henri-le-breton-senateur-honoraire-du-morbihan-est-decede\/","title":{"rendered":"HENRI LE BRETON SENATEUR HONORAIRE DU MORBIHAN  EST DECEDE"},"content":{"rendered":"<p><img loading=\"lazy\" decoding=\"async\" class=\"alignnone size-full wp-image-8287\" src=\"http:\/\/www.semlh-morbihan.fr\/wordpress\/wp-content\/uploads\/2022\/10\/Image-MEDIUM-22060181.jpg\" alt=\"\" width=\"512\" height=\"418\" \/><\/p>\n<p>&nbsp;<\/p>\n<p>Henri Le Breton 94 ans est d\u00e9c\u00e9d\u00e9 le mardi 18 Octobre \u00e0 son domicile \u00e0 Locmin\u00e9.<\/p>\n<p>Celui qui avait \u00e9t\u00e9 le plus jeune maire de France en 1953 est rest\u00e9 maire de Bul\u00e9on pendant 48 ans .<\/p>\n<p>Conseiller g\u00e9n\u00e9ral du canton de ST Jean Br\u00e9velay, puis s\u00e9nateur du Morbihan pendant 20 ann\u00e9es cons\u00e9cutives. Il faisait l&rsquo;unanimit\u00e9 dans son entourage. Tr\u00e8s d\u00e9vou\u00e9 et altruiste, il a bien rempli sa vie et les hommages qui lui ont \u00e9t\u00e9 rendus d\u00e9montrent son engagement d\u00e9sint\u00e9ress\u00e9 pour la vie publique.<\/p>\n<p>Nous perdons un ami l\u00e9gionnaire qui aimait particuli\u00e8rement les\u00a0 rencontres organis\u00e9es par notre comit\u00e9.<\/p>\n<p>Joseph Rouxel.<\/p>\n<p><img loading=\"lazy\" decoding=\"async\" class=\"alignnone size-medium wp-image-8289\" src=\"http:\/\/www.semlh-morbihan.fr\/wordpress\/wp-content\/uploads\/2022\/10\/2022-10-25-13_34_40-Journal-Ouest-France-\u2014-Mozilla-Firefox-600x516.png\" alt=\"\" width=\"600\" height=\"516\" srcset=\"http:\/\/www.semlh-morbihan.fr\/wordpress\/wp-content\/uploads\/2022\/10\/2022-10-25-13_34_40-Journal-Ouest-France-\u2014-Mozilla-Firefox-600x516.png 600w, http:\/\/www.semlh-morbihan.fr\/wordpress\/wp-content\/uploads\/2022\/10\/2022-10-25-13_34_40-Journal-Ouest-France-\u2014-Mozilla-Firefox.png 629w\" sizes=\"auto, (max-width: 600px) 100vw, 600px\" \/><\/p>\n<p>&nbsp;<\/p>\n","protected":false},"excerpt":{"rendered":"<p>&nbsp; Henri Le Breton 94 ans est d\u00e9c\u00e9d\u00e9 le mardi 18 Octobre \u00e0 son domicile \u00e0 Locmin\u00e9. Celui qui avait \u00e9t\u00e9 le plus jeune maire&#8230;<\/p>\n","protected":false},"author":332,"featured_media":8287,"comment_status":"closed","ping_status":"open","sticky":false,"template":"","format":"standard","meta":{"footnotes":""},"categories":[402],"tags":[],"class_list":["post-8286","post","type-post","status-publish","format-standard","has-post-thumbnail","hentry","category-les-deces","wpcat-402-id"],"_links":{"self":[{"href":"http:\/\/www.semlh-morbihan.fr\/wordpress\/wp-json\/wp\/v2\/posts\/8286","targetHints":{"allow":["GET"]}}],"collection":[{"href":"http:\/\/www.semlh-morbihan.fr\/wordpress\/wp-json\/wp\/v2\/posts"}],"about":[{"href":"http:\/\/www.semlh-morbihan.fr\/wordpress\/wp-json\/wp\/v2\/types\/post"}],"author":[{"embeddable":true,"href":"http:\/\/www.semlh-morbihan.fr\/wordpress\/wp-json\/wp\/v2\/users\/332"}],"replies":[{"embeddable":true,"href":"http:\/\/www.semlh-morbihan.fr\/wordpress\/wp-json\/wp\/v2\/comments?post=8286"}],"version-history":[{"count":3,"href":"http:\/\/www.semlh-morbihan.fr\/wordpress\/wp-json\/wp\/v2\/posts\/8286\/revisions"}],"predecessor-version":[{"id":8291,"href":"http:\/\/www.semlh-morbihan.fr\/wordpress\/wp-json\/wp\/v2\/posts\/8286\/revisions\/8291"}],"wp:featuredmedia":[{"embeddable":true,"href":"http:\/\/www.semlh-morbihan.fr\/wordpress\/wp-json\/wp\/v2\/media\/8287"}],"wp:attachment":[{"href":"http:\/\/www.semlh-morbihan.fr\/wordpress\/wp-json\/wp\/v2\/media?parent=8286"}],"wp:term":[{"taxonomy":"category","embeddable":true,"href":"http:\/\/www.semlh-morbihan.fr\/wordpress\/wp-json\/wp\/v2\/categories?post=8286"},{"taxonomy":"post_tag","embeddable":true,"href":"http:\/\/www.semlh-morbihan.fr\/wordpress\/wp-json\/wp\/v2\/tags?post=8286"}],"curies":[{"name":"wp","href":"https:\/\/api.w.org\/{rel}","templated":true}]}}