{"id":8301,"date":"2022-10-08T20:53:24","date_gmt":"2022-10-08T18:53:24","guid":{"rendered":"http:\/\/www.semlh-morbihan.fr\/wordpress\/?p=8301"},"modified":"2022-11-08T19:40:25","modified_gmt":"2022-11-08T18:40:25","slug":"compte-rendu-de-lassemblee-du-vendredi-7-octobre-du-comite-smlh-du-pays-de-lorient","status":"publish","type":"post","link":"http:\/\/www.semlh-morbihan.fr\/wordpress\/2022\/10\/08\/compte-rendu-de-lassemblee-du-vendredi-7-octobre-du-comite-smlh-du-pays-de-lorient\/","title":{"rendered":"Assembl\u00e9e locale du vendredi 7 octobre du comit\u00e9 SMLH du pays de Lorient"},"content":{"rendered":"<p style=\"text-align: center;\"><a href=\"http:\/\/www.semlh-morbihan.fr\/wordpress\/wp-content\/uploads\/2022\/11\/cr-ass-07102022-smlh-lor.docx\">compte rendu assembl\u00e9e locale du comit\u00e9 au format docx<\/a><\/p>\n<p style=\"text-align: center;\"><a href=\"http:\/\/www.semlh-morbihan.fr\/wordpress\/wp-content\/uploads\/2022\/11\/cr-ass-07102022-smlh-lor.pdf\">compte rendu de l&rsquo;assembl\u00e9e locale du comit\u00e9 au format pdf<\/a><\/p>\n<p style=\"text-align: center;\"><div id=\"metaslider-id-8330\" style=\"width: 100%; margin: 0 auto;\" class=\"ml-slider-3-108-0 metaslider metaslider-flex metaslider-8330 ml-slider has-dots-nav has-carousel-mode ms-theme-default\" role=\"region\" aria-label=\"Assembl\u00e9e locale le 7 octobre 2022 du comit\u00e9 SMLH du pays de Lorient\" data-height=\"500\" data-width=\"700\">\n    <div id=\"metaslider_container_8330\">\n        <div id=\"metaslider_8330\">\n            <ul class='slides'>\n                <li style=\"display: none; width: 100%;\" class=\"slide-8331 ms-image \" aria-roledescription=\"slide\" data-date=\"2022-11-08 17:59:39\" data-filename=\"20221007_114206-2-scaled-700x500.jpg\" data-slide-type=\"image\"><img loading=\"lazy\" decoding=\"async\" src=\"http:\/\/www.semlh-morbihan.fr\/wordpress\/wp-content\/uploads\/2022\/10\/20221007_114206-2-scaled-700x500.jpg\" height=\"500\" width=\"700\" alt=\"\" class=\"slider-8330 slide-8331 msDefaultImage\" title=\"20221007_114206 (2)\" \/><\/li>\n                <li style=\"display: none; width: 100%;\" class=\"slide-8332 ms-image \" aria-roledescription=\"slide\" data-date=\"2022-11-08 17:59:39\" data-filename=\"20221007_111936-2-scaled-700x500.jpg\" data-slide-type=\"image\"><img loading=\"lazy\" decoding=\"async\" src=\"http:\/\/www.semlh-morbihan.fr\/wordpress\/wp-content\/uploads\/2022\/10\/20221007_111936-2-scaled-700x500.jpg\" height=\"500\" width=\"700\" alt=\"\" class=\"slider-8330 slide-8332 msDefaultImage\" title=\"20221007_111936 (2)\" \/><div class=\"caption-wrap\"><div class=\"caption\">Le dipl\u00f4me d'honneur de porte-drapeau est remis par Mme Anne Geslin, directrice de l'ONACVG du Morbihan.<\/div><\/div><\/li>\n                <li style=\"display: none; width: 100%;\" class=\"slide-8333 ms-image \" aria-roledescription=\"slide\" data-date=\"2022-11-08 17:59:39\" data-filename=\"20221007_105440-2-700x500.jpg\" data-slide-type=\"image\"><img loading=\"lazy\" decoding=\"async\" src=\"http:\/\/www.semlh-morbihan.fr\/wordpress\/wp-content\/uploads\/2022\/10\/20221007_105440-2-700x500.jpg\" height=\"500\" width=\"700\" alt=\"\" class=\"slider-8330 slide-8333 msDefaultImage\" title=\"20221007_105440 (2)\" \/><div class=\"caption-wrap\"><div class=\"caption\">intervention du secr\u00e9taire, M. Alain Houlou<\/div><\/div><\/li>\n                <li style=\"display: none; width: 100%;\" class=\"slide-8334 ms-image \" aria-roledescription=\"slide\" data-date=\"2022-11-08 17:59:39\" data-filename=\"20221007_115231-2-scaled-700x500.jpg\" data-slide-type=\"image\"><img loading=\"lazy\" decoding=\"async\" src=\"http:\/\/www.semlh-morbihan.fr\/wordpress\/wp-content\/uploads\/2022\/10\/20221007_115231-2-scaled-700x500.jpg\" height=\"500\" width=\"700\" alt=\"\" class=\"slider-8330 slide-8334 msDefaultImage\" title=\"20221007_115231 (2)\" \/><div class=\"caption-wrap\"><div class=\"caption\">madame Geslin de l'ONACVG recevant la m\u00e9daille du centenaire de la SMLH<\/div><\/div><\/li>\n                <li style=\"display: none; width: 100%;\" class=\"slide-8335 ms-image \" aria-roledescription=\"slide\" data-date=\"2022-11-08 17:59:39\" data-filename=\"20221007_103728-2-scaled-700x500.jpg\" data-slide-type=\"image\"><img loading=\"lazy\" decoding=\"async\" src=\"http:\/\/www.semlh-morbihan.fr\/wordpress\/wp-content\/uploads\/2022\/10\/20221007_103728-2-scaled-700x500.jpg\" height=\"500\" width=\"700\" alt=\"\" class=\"slider-8330 slide-8335 msDefaultImage\" title=\"20221007_103728 (2)\" \/><\/li>\n                <li style=\"display: none; width: 100%;\" class=\"slide-8336 ms-image \" aria-roledescription=\"slide\" data-date=\"2022-11-08 17:59:39\" data-filename=\"20221007_100604-700x500.jpg\" data-slide-type=\"image\"><img loading=\"lazy\" decoding=\"async\" src=\"http:\/\/www.semlh-morbihan.fr\/wordpress\/wp-content\/uploads\/2022\/10\/20221007_100604-700x500.jpg\" height=\"500\" width=\"700\" alt=\"\" class=\"slider-8330 slide-8336 msDefaultImage\" title=\"20221007_100604\" \/><div class=\"caption-wrap\"><div class=\"caption\">diverses photos de l'AL du comit\u00e9 SMLH du pays de Lorient<\/div><\/div><\/li>\n            <\/ul>\n        <\/div>\n        \n    <\/div>\n<\/div><\/p>\n<p><img loading=\"lazy\" decoding=\"async\" class=\"aligncenter size-medium wp-image-8305\" src=\"http:\/\/www.semlh-morbihan.fr\/wordpress\/wp-content\/uploads\/2022\/11\/debut-du-compte-rendu-527x600.jpg\" alt=\"\" width=\"527\" height=\"600\" srcset=\"http:\/\/www.semlh-morbihan.fr\/wordpress\/wp-content\/uploads\/2022\/11\/debut-du-compte-rendu-527x600.jpg 527w, http:\/\/www.semlh-morbihan.fr\/wordpress\/wp-content\/uploads\/2022\/11\/debut-du-compte-rendu.jpg 669w\" sizes=\"auto, (max-width: 527px) 100vw, 527px\" \/><\/p>\n<p>&nbsp;<\/p>\n<p>&nbsp;<\/p>\n","protected":false},"excerpt":{"rendered":"<p>compte rendu assembl\u00e9e locale du comit\u00e9 au format docx compte rendu de l&rsquo;assembl\u00e9e locale du comit\u00e9 au format pdf &nbsp; &nbsp;<\/p>\n","protected":false},"author":329,"featured_media":8302,"comment_status":"closed","ping_status":"open","sticky":false,"template":"","format":"standard","meta":{"footnotes":""},"categories":[355],"tags":[605,604],"class_list":["post-8301","post","type-post","status-publish","format-standard","has-post-thumbnail","hentry","category-actualites-comite-de-lorient","tag-comite-smlh-du-pays-de-lorient","tag-compte-rendu-lorient","wpcat-355-id"],"_links":{"self":[{"href":"http:\/\/www.semlh-morbihan.fr\/wordpress\/wp-json\/wp\/v2\/posts\/8301","targetHints":{"allow":["GET"]}}],"collection":[{"href":"http:\/\/www.semlh-morbihan.fr\/wordpress\/wp-json\/wp\/v2\/posts"}],"about":[{"href":"http:\/\/www.semlh-morbihan.fr\/wordpress\/wp-json\/wp\/v2\/types\/post"}],"author":[{"embeddable":true,"href":"http:\/\/www.semlh-morbihan.fr\/wordpress\/wp-json\/wp\/v2\/users\/329"}],"replies":[{"embeddable":true,"href":"http:\/\/www.semlh-morbihan.fr\/wordpress\/wp-json\/wp\/v2\/comments?post=8301"}],"version-history":[{"count":4,"href":"http:\/\/www.semlh-morbihan.fr\/wordpress\/wp-json\/wp\/v2\/posts\/8301\/revisions"}],"predecessor-version":[{"id":8354,"href":"http:\/\/www.semlh-morbihan.fr\/wordpress\/wp-json\/wp\/v2\/posts\/8301\/revisions\/8354"}],"wp:featuredmedia":[{"embeddable":true,"href":"http:\/\/www.semlh-morbihan.fr\/wordpress\/wp-json\/wp\/v2\/media\/8302"}],"wp:attachment":[{"href":"http:\/\/www.semlh-morbihan.fr\/wordpress\/wp-json\/wp\/v2\/media?parent=8301"}],"wp:term":[{"taxonomy":"category","embeddable":true,"href":"http:\/\/www.semlh-morbihan.fr\/wordpress\/wp-json\/wp\/v2\/categories?post=8301"},{"taxonomy":"post_tag","embeddable":true,"href":"http:\/\/www.semlh-morbihan.fr\/wordpress\/wp-json\/wp\/v2\/tags?post=8301"}],"curies":[{"name":"wp","href":"https:\/\/api.w.org\/{rel}","templated":true}]}}