{"id":8313,"date":"2022-10-25T16:57:43","date_gmt":"2022-10-25T14:57:43","guid":{"rendered":"http:\/\/www.semlh-morbihan.fr\/wordpress\/?p=8313"},"modified":"2022-11-08T17:04:14","modified_gmt":"2022-11-08T16:04:14","slug":"interventions-du-comite-de-lorient-vis-a-vis-des-cadets-de-la-securite-civile-du-college-trefaven-le-24-octobre-2022","status":"publish","type":"post","link":"http:\/\/www.semlh-morbihan.fr\/wordpress\/2022\/10\/25\/interventions-du-comite-de-lorient-vis-a-vis-des-cadets-de-la-securite-civile-du-college-trefaven-le-24-octobre-2022\/","title":{"rendered":"Interventions du comit\u00e9 de Lorient vis \u00e0 vis des cadets de la s\u00e9curit\u00e9 civile du coll\u00e8ge Tr\u00e9faven le 24 octobre 2022"},"content":{"rendered":"<p style=\"text-align: center;\"><span style=\"font-family: 'arial black', sans-serif;\"><strong>Les Cadets de la s\u00e9curit\u00e9 civile du coll\u00e8ge Tr\u00e9faven (Lorient ) et le Comit\u00e9 Lorient-SMLH.<\/strong><\/span><\/p>\n<p style=\"text-align: justify;\">Des liens existent d\u00e9j\u00e0 entre le coll\u00e8ge et notre Comit\u00e9. et nous sommes d\u00e9j\u00e0, l&rsquo; ann\u00e9e derni\u00e8re, intervenus aupr\u00e8s des Cadets.<\/p>\n<p style=\"text-align: justify;\">Rassemblant jusqu&rsquo;\u00e0 45 \u00e9l\u00e8ves de la 5\u00e8me \u00e0 la 3\u00e8me ( 15 par niveau ), ce dispositif a pour objectifs principaux de favoriser la culture de la s\u00e9curit\u00e9, d\u00e9velopper le sens civique, favoriser l&rsquo;engagement et \u0153uvrer \u00e0 la m\u00e9moire et \u00e0 la coh\u00e9sion nationale..<\/p>\n<p style=\"text-align: justify;\">Pierre G\u00e9min et Guy Sinel, membres de notre comit\u00e9 sont intervenus une premi\u00e8re fois, au d\u00e9but de cette ann\u00e9e scolaire, le 24 octobre, aupr\u00e8s des Cadets pour :<\/p>\n<p style=\"text-align: justify;\">* leur pr\u00e9senter la citoyennet\u00e9, la R\u00e9publique, ses valeurs et ses symboles et les collectivit\u00e9s territoriales,<\/p>\n<p style=\"text-align: justify;\">* les pr\u00e9parer aux c\u00e9r\u00e9monies patriotiques auxquelles, ils vont participer et tr\u00e8s prochainement le 11 novembre ;i ls ont aussi chanter la Marseillaise.<\/p>\n<p style=\"text-align: justify;\">D&rsquo;autres interventions seront programm\u00e9es.<\/p>\n<p style=\"text-align: justify;\">C.V( H) guy Sinel<\/p>\n<p style=\"text-align: justify;\">pr\u00e9sident du Comit\u00e9 du Pays de Lorient SMLH<\/p>\n","protected":false},"excerpt":{"rendered":"<p>Les Cadets de la s\u00e9curit\u00e9 civile du coll\u00e8ge Tr\u00e9faven (Lorient ) et le Comit\u00e9 Lorient-SMLH. Des liens existent d\u00e9j\u00e0 entre le coll\u00e8ge et notre Comit\u00e9&#8230;.<\/p>\n","protected":false},"author":329,"featured_media":8315,"comment_status":"closed","ping_status":"open","sticky":false,"template":"","format":"standard","meta":{"footnotes":""},"categories":[355,343],"tags":[605],"class_list":["post-8313","post","type-post","status-publish","format-standard","has-post-thumbnail","hentry","category-actualites-comite-de-lorient","category-comite-de-lorient","tag-comite-smlh-du-pays-de-lorient","wpcat-355-id","wpcat-343-id"],"_links":{"self":[{"href":"http:\/\/www.semlh-morbihan.fr\/wordpress\/wp-json\/wp\/v2\/posts\/8313","targetHints":{"allow":["GET"]}}],"collection":[{"href":"http:\/\/www.semlh-morbihan.fr\/wordpress\/wp-json\/wp\/v2\/posts"}],"about":[{"href":"http:\/\/www.semlh-morbihan.fr\/wordpress\/wp-json\/wp\/v2\/types\/post"}],"author":[{"embeddable":true,"href":"http:\/\/www.semlh-morbihan.fr\/wordpress\/wp-json\/wp\/v2\/users\/329"}],"replies":[{"embeddable":true,"href":"http:\/\/www.semlh-morbihan.fr\/wordpress\/wp-json\/wp\/v2\/comments?post=8313"}],"version-history":[{"count":3,"href":"http:\/\/www.semlh-morbihan.fr\/wordpress\/wp-json\/wp\/v2\/posts\/8313\/revisions"}],"predecessor-version":[{"id":8317,"href":"http:\/\/www.semlh-morbihan.fr\/wordpress\/wp-json\/wp\/v2\/posts\/8313\/revisions\/8317"}],"wp:featuredmedia":[{"embeddable":true,"href":"http:\/\/www.semlh-morbihan.fr\/wordpress\/wp-json\/wp\/v2\/media\/8315"}],"wp:attachment":[{"href":"http:\/\/www.semlh-morbihan.fr\/wordpress\/wp-json\/wp\/v2\/media?parent=8313"}],"wp:term":[{"taxonomy":"category","embeddable":true,"href":"http:\/\/www.semlh-morbihan.fr\/wordpress\/wp-json\/wp\/v2\/categories?post=8313"},{"taxonomy":"post_tag","embeddable":true,"href":"http:\/\/www.semlh-morbihan.fr\/wordpress\/wp-json\/wp\/v2\/tags?post=8313"}],"curies":[{"name":"wp","href":"https:\/\/api.w.org\/{rel}","templated":true}]}}