{"id":8318,"date":"2022-11-02T17:14:47","date_gmt":"2022-11-02T16:14:47","guid":{"rendered":"http:\/\/www.semlh-morbihan.fr\/wordpress\/?p=8318"},"modified":"2022-11-08T17:20:19","modified_gmt":"2022-11-08T16:20:19","slug":"ceremonie-de-celebration-du-1er-novembre-a-lorient","status":"publish","type":"post","link":"http:\/\/www.semlh-morbihan.fr\/wordpress\/2022\/11\/02\/ceremonie-de-celebration-du-1er-novembre-a-lorient\/","title":{"rendered":"C\u00e9r\u00e9monie de c\u00e9l\u00e9bration du 1er novembre \u00e0 Lorient"},"content":{"rendered":"<p style=\"text-align: center;\"><span style=\"font-family: 'arial black', sans-serif;\">\u00c0 Lorient, c\u00e9r\u00e9monies de c\u00e9l\u00e9bration du 1<sup>er<\/sup> novembre .<\/span><\/p>\n<p style=\"text-align: justify;\"><span style=\"font-family: arial, helvetica, sans-serif;\">Le 1<sup>er<\/sup> novembre, pour la journ\u00e9e nationale du souvenir, un hommage aux personnes mortes pour la France a \u00e9t\u00e9 rendu.<\/span><\/p>\n<p style=\"text-align: justify;\"><span style=\"font-family: arial, helvetica, sans-serif;\">Cette journ\u00e9e nationale du souvenir comm\u00e9more, chaque ann\u00e9e le sacrifice de ceux ayant donn\u00e9 leur vie pour la Nation lors des conflits auxquels la France a particip\u00e9.<\/span><\/p>\n<p style=\"text-align: justify;\"><span style=\"font-family: arial, helvetica, sans-serif;\">Apr\u00e8s une messe c\u00e9l\u00e9br\u00e9e en l&rsquo;\u00e9glise Notre-Dame-de-Victoire, les \u00e9lus, les repr\u00e9sentants des instances militaires et les porte-drapeaux se sont rendus dans les cimeti\u00e8res de Carnel, Keryado et Krentrech pour y d\u00e9poser des gerbes de fleurs.<\/span><\/p>\n<p style=\"text-align: justify;\"><span style=\"font-family: arial, helvetica, sans-serif;\">Le drapeau et plusieurs membres de de notre Comit\u00e9 y ont particip\u00e9.<\/span><\/p>\n<p style=\"text-align: justify;\"><span style=\"font-family: arial, helvetica, sans-serif;\">Au cimeti\u00e8re de Carnel, une c\u00e9r\u00e9monie s&rsquo;est d\u00e9roul\u00e9e au Carr\u00e9 militaire, avec allocution, d\u00e9p\u00f4t de gerbes et Marseillaise, avec une d\u00e9l\u00e9gation des jeunes de la Pr\u00e9paration Militaire Marine de Lorient.<\/span><\/p>\n<p style=\"text-align: justify;\"><span style=\"font-family: arial, helvetica, sans-serif;\">Le C.V (H) Guy Sinel<\/span><\/p>\n<p style=\"text-align: justify;\"><span style=\"font-family: arial, helvetica, sans-serif;\"> pr\u00e9sident du Comit\u00e9 du Pays de Lorient de la SMLH.<\/span><\/p>\n","protected":false},"excerpt":{"rendered":"<p>\u00c0 Lorient, c\u00e9r\u00e9monies de c\u00e9l\u00e9bration du 1er novembre . Le 1er novembre, pour la journ\u00e9e nationale du souvenir, un hommage aux personnes mortes pour la&#8230;<\/p>\n","protected":false},"author":329,"featured_media":8320,"comment_status":"closed","ping_status":"open","sticky":false,"template":"","format":"standard","meta":{"footnotes":""},"categories":[496,343],"tags":[605],"class_list":["post-8318","post","type-post","status-publish","format-standard","has-post-thumbnail","hentry","category-ceremonies-comite-de-lorient","category-comite-de-lorient","tag-comite-smlh-du-pays-de-lorient","wpcat-496-id","wpcat-343-id"],"_links":{"self":[{"href":"http:\/\/www.semlh-morbihan.fr\/wordpress\/wp-json\/wp\/v2\/posts\/8318","targetHints":{"allow":["GET"]}}],"collection":[{"href":"http:\/\/www.semlh-morbihan.fr\/wordpress\/wp-json\/wp\/v2\/posts"}],"about":[{"href":"http:\/\/www.semlh-morbihan.fr\/wordpress\/wp-json\/wp\/v2\/types\/post"}],"author":[{"embeddable":true,"href":"http:\/\/www.semlh-morbihan.fr\/wordpress\/wp-json\/wp\/v2\/users\/329"}],"replies":[{"embeddable":true,"href":"http:\/\/www.semlh-morbihan.fr\/wordpress\/wp-json\/wp\/v2\/comments?post=8318"}],"version-history":[{"count":3,"href":"http:\/\/www.semlh-morbihan.fr\/wordpress\/wp-json\/wp\/v2\/posts\/8318\/revisions"}],"predecessor-version":[{"id":8323,"href":"http:\/\/www.semlh-morbihan.fr\/wordpress\/wp-json\/wp\/v2\/posts\/8318\/revisions\/8323"}],"wp:featuredmedia":[{"embeddable":true,"href":"http:\/\/www.semlh-morbihan.fr\/wordpress\/wp-json\/wp\/v2\/media\/8320"}],"wp:attachment":[{"href":"http:\/\/www.semlh-morbihan.fr\/wordpress\/wp-json\/wp\/v2\/media?parent=8318"}],"wp:term":[{"taxonomy":"category","embeddable":true,"href":"http:\/\/www.semlh-morbihan.fr\/wordpress\/wp-json\/wp\/v2\/categories?post=8318"},{"taxonomy":"post_tag","embeddable":true,"href":"http:\/\/www.semlh-morbihan.fr\/wordpress\/wp-json\/wp\/v2\/tags?post=8318"}],"curies":[{"name":"wp","href":"https:\/\/api.w.org\/{rel}","templated":true}]}}