{"id":8343,"date":"2022-11-02T19:16:59","date_gmt":"2022-11-02T18:16:59","guid":{"rendered":"http:\/\/www.semlh-morbihan.fr\/wordpress\/?p=8343"},"modified":"2022-11-08T19:34:10","modified_gmt":"2022-11-08T18:34:10","slug":"tour-des-lieux-de-memoire-du-1er-novembre-2022","status":"publish","type":"post","link":"http:\/\/www.semlh-morbihan.fr\/wordpress\/2022\/11\/02\/tour-des-lieux-de-memoire-du-1er-novembre-2022\/","title":{"rendered":"Tour des lieux de m\u00e9moire du 1er novembre 2022 ayx cimeit\u00e8res de Calmont, Boismoreau et gare de Vannes"},"content":{"rendered":"<figure id=\"attachment_8345\" aria-describedby=\"caption-attachment-8345\" style=\"width: 600px\" class=\"wp-caption aligncenter\"><img loading=\"lazy\" decoding=\"async\" class=\"size-medium wp-image-8345\" src=\"http:\/\/www.semlh-morbihan.fr\/wordpress\/wp-content\/uploads\/2022\/11\/lieux-de-memoire-01-600x277.jpg\" alt=\"\" width=\"600\" height=\"277\" srcset=\"http:\/\/www.semlh-morbihan.fr\/wordpress\/wp-content\/uploads\/2022\/11\/lieux-de-memoire-01-600x277.jpg 600w, http:\/\/www.semlh-morbihan.fr\/wordpress\/wp-content\/uploads\/2022\/11\/lieux-de-memoire-01-1024x473.jpg 1024w, http:\/\/www.semlh-morbihan.fr\/wordpress\/wp-content\/uploads\/2022\/11\/lieux-de-memoire-01-768x355.jpg 768w, http:\/\/www.semlh-morbihan.fr\/wordpress\/wp-content\/uploads\/2022\/11\/lieux-de-memoire-01-1536x709.jpg 1536w, http:\/\/www.semlh-morbihan.fr\/wordpress\/wp-content\/uploads\/2022\/11\/lieux-de-memoire-01-1218x563.jpg 1218w, http:\/\/www.semlh-morbihan.fr\/wordpress\/wp-content\/uploads\/2022\/11\/lieux-de-memoire-01.jpg 1600w\" sizes=\"auto, (max-width: 600px) 100vw, 600px\" \/><figcaption id=\"caption-attachment-8345\" class=\"wp-caption-text\">carr\u00e9 militaire de Calmont<\/figcaption><\/figure>\n<p>&nbsp;<\/p>\n<h1 style=\"text-align: center;\"><span style=\"font-family: 'arial black', sans-serif;\">Tour des lieux de m\u00e9moire du 1 er Novembre 2022.<\/span><\/h1>\n<p style=\"text-align: justify;\"><span style=\"font-family: arial, helvetica, sans-serif;\">Commenc\u00e9 par le lever des couleurs et le d\u00e9p\u00f4t des gerbes devant le carr\u00e9 militaire de Calmont, le tour des lieux de m\u00e9moire du 1er Novembre \u00e0 Vannes s&rsquo;est poursuivi par un arr\u00eat au plateau de la Garenne, puis un autre devant le monument aux morts du cimeti\u00e8re de Boismoreau, avant de s&rsquo;achever devant la plaque comm\u00e9morative d\u00e9di\u00e9e aux deux cheminots r\u00e9sistants morts en d\u00e9portation. <\/span><br \/>\n<span style=\"font-family: arial, helvetica, sans-serif;\">Organis\u00e9e cette ann\u00e9e par le Colonel Jacques Joly, membre du bureau de notre Section et nouveau pr\u00e9sident du Comit\u00e9 du Souvenir Fran\u00e7ais, cette c\u00e9r\u00e9monie a regroup\u00e9 notamment, autour du Secr\u00e9taire G\u00e9n\u00e9ral de la Pr\u00e9fecture, Mr David Robo Maire de Vannes, Mme Le Henanff d\u00e9put\u00e9e et Mme Penhou\u00ebt vice-pr\u00e9sidente du Conseil D\u00e9partemental.<\/span><\/p>\n<p><span style=\"font-family: arial, helvetica, sans-serif;\">La Section \u00e9tait repr\u00e9sent\u00e9e par le 1er Vice-pr\u00e9sident accompagn\u00e9 de Mme Anne-Marie Duro, secr\u00e9taire-adjoint de la Section.<\/span><br \/>\n<span style=\"font-family: arial, helvetica, sans-serif;\">Il convient de souligner la pr\u00e9sence particuli\u00e8rement nombreuse de 22 porte- drapeaux .\u00a0\u00bb<\/span><br \/>\n<span style=\"font-family: arial, helvetica, sans-serif;\">Pascal Lecomte <\/span><\/p>\n<p><span style=\"font-family: arial, helvetica, sans-serif;\">1<sup>er<\/sup> Vice-pr\u00e9isdent de la section SMLH du Morbihan<\/span><\/p>\n<figure id=\"attachment_8347\" aria-describedby=\"caption-attachment-8347\" style=\"width: 600px\" class=\"wp-caption aligncenter\"><img loading=\"lazy\" decoding=\"async\" class=\"size-medium wp-image-8347\" src=\"http:\/\/www.semlh-morbihan.fr\/wordpress\/wp-content\/uploads\/2022\/11\/autorites-militaires-devant-le-carre-miitaire-de-Calmont-600x400.jpg\" alt=\"\" width=\"600\" height=\"400\" srcset=\"http:\/\/www.semlh-morbihan.fr\/wordpress\/wp-content\/uploads\/2022\/11\/autorites-militaires-devant-le-carre-miitaire-de-Calmont-600x400.jpg 600w, http:\/\/www.semlh-morbihan.fr\/wordpress\/wp-content\/uploads\/2022\/11\/autorites-militaires-devant-le-carre-miitaire-de-Calmont-768x512.jpg 768w, http:\/\/www.semlh-morbihan.fr\/wordpress\/wp-content\/uploads\/2022\/11\/autorites-militaires-devant-le-carre-miitaire-de-Calmont.jpg 1024w\" sizes=\"auto, (max-width: 600px) 100vw, 600px\" \/><figcaption id=\"caption-attachment-8347\" class=\"wp-caption-text\">Autorit\u00e9s militaires devant le cimeti\u00e8re de Calmont<\/figcaption><\/figure>\n<p>&nbsp;<\/p>\n<figure id=\"attachment_8348\" aria-describedby=\"caption-attachment-8348\" style=\"width: 600px\" class=\"wp-caption aligncenter\"><img loading=\"lazy\" decoding=\"async\" class=\"size-medium wp-image-8348\" src=\"http:\/\/www.semlh-morbihan.fr\/wordpress\/wp-content\/uploads\/2022\/11\/arrivee-des-autorites-au-plateau-de-la-Garenne-600x400.jpg\" alt=\"\" width=\"600\" height=\"400\" srcset=\"http:\/\/www.semlh-morbihan.fr\/wordpress\/wp-content\/uploads\/2022\/11\/arrivee-des-autorites-au-plateau-de-la-Garenne-600x400.jpg 600w, http:\/\/www.semlh-morbihan.fr\/wordpress\/wp-content\/uploads\/2022\/11\/arrivee-des-autorites-au-plateau-de-la-Garenne-768x512.jpg 768w, http:\/\/www.semlh-morbihan.fr\/wordpress\/wp-content\/uploads\/2022\/11\/arrivee-des-autorites-au-plateau-de-la-Garenne.jpg 1024w\" sizes=\"auto, (max-width: 600px) 100vw, 600px\" \/><figcaption id=\"caption-attachment-8348\" class=\"wp-caption-text\">Arriv\u00e9e des autorit\u00e9s au plateau de la Garenne<\/figcaption><\/figure>\n<p>&nbsp;<\/p>\n<figure id=\"attachment_8349\" aria-describedby=\"caption-attachment-8349\" style=\"width: 600px\" class=\"wp-caption aligncenter\"><img loading=\"lazy\" decoding=\"async\" class=\"size-medium wp-image-8349\" src=\"http:\/\/www.semlh-morbihan.fr\/wordpress\/wp-content\/uploads\/2022\/11\/porte-drapeaux-devant-Boismoreau-600x278.jpg\" alt=\"\" width=\"600\" height=\"278\" srcset=\"http:\/\/www.semlh-morbihan.fr\/wordpress\/wp-content\/uploads\/2022\/11\/porte-drapeaux-devant-Boismoreau-600x278.jpg 600w, http:\/\/www.semlh-morbihan.fr\/wordpress\/wp-content\/uploads\/2022\/11\/porte-drapeaux-devant-Boismoreau-1024x474.jpg 1024w, http:\/\/www.semlh-morbihan.fr\/wordpress\/wp-content\/uploads\/2022\/11\/porte-drapeaux-devant-Boismoreau-768x355.jpg 768w, http:\/\/www.semlh-morbihan.fr\/wordpress\/wp-content\/uploads\/2022\/11\/porte-drapeaux-devant-Boismoreau-1536x710.jpg 1536w, http:\/\/www.semlh-morbihan.fr\/wordpress\/wp-content\/uploads\/2022\/11\/porte-drapeaux-devant-Boismoreau-1218x563.jpg 1218w, http:\/\/www.semlh-morbihan.fr\/wordpress\/wp-content\/uploads\/2022\/11\/porte-drapeaux-devant-Boismoreau.jpg 1600w\" sizes=\"auto, (max-width: 600px) 100vw, 600px\" \/><figcaption id=\"caption-attachment-8349\" class=\"wp-caption-text\">les 2 porte-drapeaux devant le monument aux morts de Boismoreau<\/figcaption><\/figure>\n<p>&nbsp;<\/p>\n<figure id=\"attachment_8351\" aria-describedby=\"caption-attachment-8351\" style=\"width: 600px\" class=\"wp-caption aligncenter\"><img loading=\"lazy\" decoding=\"async\" class=\"size-medium wp-image-8351\" src=\"http:\/\/www.semlh-morbihan.fr\/wordpress\/wp-content\/uploads\/2022\/11\/gare-de-Vannes-600x277.jpg\" alt=\"\" width=\"600\" height=\"277\" srcset=\"http:\/\/www.semlh-morbihan.fr\/wordpress\/wp-content\/uploads\/2022\/11\/gare-de-Vannes-600x277.jpg 600w, http:\/\/www.semlh-morbihan.fr\/wordpress\/wp-content\/uploads\/2022\/11\/gare-de-Vannes-1024x473.jpg 1024w, http:\/\/www.semlh-morbihan.fr\/wordpress\/wp-content\/uploads\/2022\/11\/gare-de-Vannes-768x355.jpg 768w, http:\/\/www.semlh-morbihan.fr\/wordpress\/wp-content\/uploads\/2022\/11\/gare-de-Vannes-1536x709.jpg 1536w, http:\/\/www.semlh-morbihan.fr\/wordpress\/wp-content\/uploads\/2022\/11\/gare-de-Vannes-1218x563.jpg 1218w, http:\/\/www.semlh-morbihan.fr\/wordpress\/wp-content\/uploads\/2022\/11\/gare-de-Vannes.jpg 1600w\" sizes=\"auto, (max-width: 600px) 100vw, 600px\" \/><figcaption id=\"caption-attachment-8351\" class=\"wp-caption-text\">les porte-drapeaux devant la plaque comm\u00e9morative devant la gare de Vannes<\/figcaption><\/figure>\n","protected":false},"excerpt":{"rendered":"<p>&nbsp; Tour des lieux de m\u00e9moire du 1 er Novembre 2022. Commenc\u00e9 par le lever des couleurs et le d\u00e9p\u00f4t des gerbes devant le carr\u00e9&#8230;<\/p>\n","protected":false},"author":329,"featured_media":8345,"comment_status":"closed","ping_status":"open","sticky":false,"template":"","format":"standard","meta":{"footnotes":""},"categories":[417,337],"tags":[607],"class_list":["post-8343","post","type-post","status-publish","format-standard","has-post-thumbnail","hentry","category-ceremonies-patriotiques","category-la-section","tag-section-smlh-du-morbihan","wpcat-417-id","wpcat-337-id"],"_links":{"self":[{"href":"http:\/\/www.semlh-morbihan.fr\/wordpress\/wp-json\/wp\/v2\/posts\/8343","targetHints":{"allow":["GET"]}}],"collection":[{"href":"http:\/\/www.semlh-morbihan.fr\/wordpress\/wp-json\/wp\/v2\/posts"}],"about":[{"href":"http:\/\/www.semlh-morbihan.fr\/wordpress\/wp-json\/wp\/v2\/types\/post"}],"author":[{"embeddable":true,"href":"http:\/\/www.semlh-morbihan.fr\/wordpress\/wp-json\/wp\/v2\/users\/329"}],"replies":[{"embeddable":true,"href":"http:\/\/www.semlh-morbihan.fr\/wordpress\/wp-json\/wp\/v2\/comments?post=8343"}],"version-history":[{"count":4,"href":"http:\/\/www.semlh-morbihan.fr\/wordpress\/wp-json\/wp\/v2\/posts\/8343\/revisions"}],"predecessor-version":[{"id":8353,"href":"http:\/\/www.semlh-morbihan.fr\/wordpress\/wp-json\/wp\/v2\/posts\/8343\/revisions\/8353"}],"wp:featuredmedia":[{"embeddable":true,"href":"http:\/\/www.semlh-morbihan.fr\/wordpress\/wp-json\/wp\/v2\/media\/8345"}],"wp:attachment":[{"href":"http:\/\/www.semlh-morbihan.fr\/wordpress\/wp-json\/wp\/v2\/media?parent=8343"}],"wp:term":[{"taxonomy":"category","embeddable":true,"href":"http:\/\/www.semlh-morbihan.fr\/wordpress\/wp-json\/wp\/v2\/categories?post=8343"},{"taxonomy":"post_tag","embeddable":true,"href":"http:\/\/www.semlh-morbihan.fr\/wordpress\/wp-json\/wp\/v2\/tags?post=8343"}],"curies":[{"name":"wp","href":"https:\/\/api.w.org\/{rel}","templated":true}]}}