{"id":8360,"date":"2022-11-12T16:50:13","date_gmt":"2022-11-12T15:50:13","guid":{"rendered":"http:\/\/www.semlh-morbihan.fr\/wordpress\/?p=8360"},"modified":"2022-11-12T16:51:10","modified_gmt":"2022-11-12T15:51:10","slug":"centenaire-de-la-smlh-le-8-novembre-a-rennes-des-sections-de-la-bretagne","status":"publish","type":"post","link":"http:\/\/www.semlh-morbihan.fr\/wordpress\/2022\/11\/12\/centenaire-de-la-smlh-le-8-novembre-a-rennes-des-sections-de-la-bretagne\/","title":{"rendered":"Centenaire de la SMLH le 8 novembre \u00e0 Rennes des sections de la Bretagne"},"content":{"rendered":"<p>Le 8 novembre, le pr\u00e9sident de la section, le g\u00e9l(2s) Philippe Pr\u00e9vost, s&rsquo;est rendu avec les divers pr\u00e9sidents des comit\u00e9s et leur porte-drapeaux, \u00e0 Rennes afin de participer \u00e0 la f\u00eate du centenaire regroupant toutes les sections de la Bretagne.<\/p>\n<p>Ci-dessous, quelques photos de cet \u00e9v\u00e8nement.<\/p>\n<p><img loading=\"lazy\" decoding=\"async\" class=\"aligncenter size-medium wp-image-8365\" src=\"http:\/\/www.semlh-morbihan.fr\/wordpress\/wp-content\/uploads\/2022\/11\/IMG_20221108_183158744-452x600.jpg\" alt=\"\" width=\"452\" height=\"600\" srcset=\"http:\/\/www.semlh-morbihan.fr\/wordpress\/wp-content\/uploads\/2022\/11\/IMG_20221108_183158744-452x600.jpg 452w, http:\/\/www.semlh-morbihan.fr\/wordpress\/wp-content\/uploads\/2022\/11\/IMG_20221108_183158744.jpg 578w\" sizes=\"auto, (max-width: 452px) 100vw, 452px\" \/> <img loading=\"lazy\" decoding=\"async\" class=\"aligncenter size-medium wp-image-8364\" src=\"http:\/\/www.semlh-morbihan.fr\/wordpress\/wp-content\/uploads\/2022\/11\/IMG_20221108_170638173-600x452.jpg\" alt=\"\" width=\"600\" height=\"452\" srcset=\"http:\/\/www.semlh-morbihan.fr\/wordpress\/wp-content\/uploads\/2022\/11\/IMG_20221108_170638173-600x452.jpg 600w, http:\/\/www.semlh-morbihan.fr\/wordpress\/wp-content\/uploads\/2022\/11\/IMG_20221108_170638173-768x579.jpg 768w, http:\/\/www.semlh-morbihan.fr\/wordpress\/wp-content\/uploads\/2022\/11\/IMG_20221108_170638173.jpg 1019w\" sizes=\"auto, (max-width: 600px) 100vw, 600px\" \/> <img loading=\"lazy\" decoding=\"async\" class=\"aligncenter size-medium wp-image-8362\" src=\"http:\/\/www.semlh-morbihan.fr\/wordpress\/wp-content\/uploads\/2022\/11\/IMG_20221108_183316108-600x452.jpg\" alt=\"\" width=\"600\" height=\"452\" srcset=\"http:\/\/www.semlh-morbihan.fr\/wordpress\/wp-content\/uploads\/2022\/11\/IMG_20221108_183316108-600x452.jpg 600w, http:\/\/www.semlh-morbihan.fr\/wordpress\/wp-content\/uploads\/2022\/11\/IMG_20221108_183316108-768x579.jpg 768w, http:\/\/www.semlh-morbihan.fr\/wordpress\/wp-content\/uploads\/2022\/11\/IMG_20221108_183316108.jpg 1019w\" sizes=\"auto, (max-width: 600px) 100vw, 600px\" \/> <img loading=\"lazy\" decoding=\"async\" class=\"aligncenter size-medium wp-image-8361\" src=\"http:\/\/www.semlh-morbihan.fr\/wordpress\/wp-content\/uploads\/2022\/11\/IMG_20221108_183306319-452x600.jpg\" alt=\"\" width=\"452\" height=\"600\" srcset=\"http:\/\/www.semlh-morbihan.fr\/wordpress\/wp-content\/uploads\/2022\/11\/IMG_20221108_183306319-452x600.jpg 452w, http:\/\/www.semlh-morbihan.fr\/wordpress\/wp-content\/uploads\/2022\/11\/IMG_20221108_183306319.jpg 578w\" sizes=\"auto, (max-width: 452px) 100vw, 452px\" \/><\/p>\n","protected":false},"excerpt":{"rendered":"<p>Le 8 novembre, le pr\u00e9sident de la section, le g\u00e9l(2s) Philippe Pr\u00e9vost, s&rsquo;est rendu avec les divers pr\u00e9sidents des comit\u00e9s et leur porte-drapeaux, \u00e0 Rennes&#8230;<\/p>\n","protected":false},"author":329,"featured_media":8363,"comment_status":"closed","ping_status":"open","sticky":false,"template":"","format":"standard","meta":{"footnotes":""},"categories":[337,351,1],"tags":[607],"class_list":["post-8360","post","type-post","status-publish","format-standard","has-post-thumbnail","hentry","category-la-section","category-manifestations-diverses","category-non-classe","tag-section-smlh-du-morbihan","wpcat-337-id","wpcat-351-id","wpcat-1-id"],"_links":{"self":[{"href":"http:\/\/www.semlh-morbihan.fr\/wordpress\/wp-json\/wp\/v2\/posts\/8360","targetHints":{"allow":["GET"]}}],"collection":[{"href":"http:\/\/www.semlh-morbihan.fr\/wordpress\/wp-json\/wp\/v2\/posts"}],"about":[{"href":"http:\/\/www.semlh-morbihan.fr\/wordpress\/wp-json\/wp\/v2\/types\/post"}],"author":[{"embeddable":true,"href":"http:\/\/www.semlh-morbihan.fr\/wordpress\/wp-json\/wp\/v2\/users\/329"}],"replies":[{"embeddable":true,"href":"http:\/\/www.semlh-morbihan.fr\/wordpress\/wp-json\/wp\/v2\/comments?post=8360"}],"version-history":[{"count":1,"href":"http:\/\/www.semlh-morbihan.fr\/wordpress\/wp-json\/wp\/v2\/posts\/8360\/revisions"}],"predecessor-version":[{"id":8366,"href":"http:\/\/www.semlh-morbihan.fr\/wordpress\/wp-json\/wp\/v2\/posts\/8360\/revisions\/8366"}],"wp:featuredmedia":[{"embeddable":true,"href":"http:\/\/www.semlh-morbihan.fr\/wordpress\/wp-json\/wp\/v2\/media\/8363"}],"wp:attachment":[{"href":"http:\/\/www.semlh-morbihan.fr\/wordpress\/wp-json\/wp\/v2\/media?parent=8360"}],"wp:term":[{"taxonomy":"category","embeddable":true,"href":"http:\/\/www.semlh-morbihan.fr\/wordpress\/wp-json\/wp\/v2\/categories?post=8360"},{"taxonomy":"post_tag","embeddable":true,"href":"http:\/\/www.semlh-morbihan.fr\/wordpress\/wp-json\/wp\/v2\/tags?post=8360"}],"curies":[{"name":"wp","href":"https:\/\/api.w.org\/{rel}","templated":true}]}}