{"id":8373,"date":"2022-12-05T18:13:57","date_gmt":"2022-12-05T17:13:57","guid":{"rendered":"http:\/\/www.semlh-morbihan.fr\/wordpress\/?p=8373"},"modified":"2022-12-14T18:02:32","modified_gmt":"2022-12-14T17:02:32","slug":"ceremonie-du-5-decembre-2022-a-loccasion-de-la-journee-dhommage-aux-morts-pour-la-france-pendant-la-guerre-dalgerie-et-des-combarts-du-maroc-et-de-la-tunisie","status":"publish","type":"post","link":"http:\/\/www.semlh-morbihan.fr\/wordpress\/2022\/12\/05\/ceremonie-du-5-decembre-2022-a-loccasion-de-la-journee-dhommage-aux-morts-pour-la-france-pendant-la-guerre-dalgerie-et-des-combarts-du-maroc-et-de-la-tunisie\/","title":{"rendered":"C\u00e9r\u00e9monie du 5 d\u00e9cembre 2022 \u00e0 l&rsquo;occasion de la journ\u00e9e d&rsquo;hommage aux \u00ab\u00a0morts pour la France\u00a0\u00bb pendant la guerre d&rsquo;Alg\u00e9rie et des combarts du Maroc et de la Tunisie"},"content":{"rendered":"<p>&nbsp;<\/p>\n<p>la c\u00e9r\u00e9monie comm\u00e9morative du 5 d\u00e9cembre 2022 s&rsquo;est tenue sur le plateau de la Garenne devant les monuments d\u00e9di\u00e9s aux soldats morts en Afrique du Nord. Elle a \u00e9t\u00e9 pr\u00e9sid\u00e9e par le Pr\u00e9fet du Morbihan, M. Pascal Bolot, et la Section \u00e9tait repr\u00e9sent\u00e9e par le 1er Vice-pr\u00e9sident et plusieurs autres membres du bureau et notre porte-drapeau,\u00a0 Jean-Pierre Tessier \u00e9tait entour\u00e9 de 23 autres porte-drapeaux.<\/p>\n<p>Pascal Lecomte<\/p>\n<p>1er VP. section SMLH Morbihan<\/p>\n<p>&nbsp;<\/p>\n<figure id=\"attachment_8396\" aria-describedby=\"caption-attachment-8396\" style=\"width: 600px\" class=\"wp-caption aligncenter\"><img loading=\"lazy\" decoding=\"async\" class=\"size-medium wp-image-8396\" src=\"http:\/\/www.semlh-morbihan.fr\/wordpress\/wp-content\/uploads\/2022\/11\/66482313-63af-4463-8d27-763177b7fb9d-600x277.jpg\" alt=\"\" width=\"600\" height=\"277\" srcset=\"http:\/\/www.semlh-morbihan.fr\/wordpress\/wp-content\/uploads\/2022\/11\/66482313-63af-4463-8d27-763177b7fb9d-600x277.jpg 600w, http:\/\/www.semlh-morbihan.fr\/wordpress\/wp-content\/uploads\/2022\/11\/66482313-63af-4463-8d27-763177b7fb9d-1024x473.jpg 1024w, http:\/\/www.semlh-morbihan.fr\/wordpress\/wp-content\/uploads\/2022\/11\/66482313-63af-4463-8d27-763177b7fb9d-768x355.jpg 768w, http:\/\/www.semlh-morbihan.fr\/wordpress\/wp-content\/uploads\/2022\/11\/66482313-63af-4463-8d27-763177b7fb9d-1536x709.jpg 1536w, http:\/\/www.semlh-morbihan.fr\/wordpress\/wp-content\/uploads\/2022\/11\/66482313-63af-4463-8d27-763177b7fb9d-1218x563.jpg 1218w, http:\/\/www.semlh-morbihan.fr\/wordpress\/wp-content\/uploads\/2022\/11\/66482313-63af-4463-8d27-763177b7fb9d.jpg 1600w\" sizes=\"auto, (max-width: 600px) 100vw, 600px\" \/><figcaption id=\"caption-attachment-8396\" class=\"wp-caption-text\">Le porte drapeau de la section SMLH du Morbihan, M. Jean-Paul Tessier s&rsquo;entretient avec le pr\u00e9fet du Morbihan<\/figcaption><\/figure>\n<p>&nbsp;<\/p>\n<p style=\"text-align: center;\">&#8212;&#8212;&#8212;&#8212;&#8212;&#8212;&#8212;&#8212;&#8212;&#8212;&#8212;&#8212;&#8212;&#8212;&#8212;&#8212;&#8212;&#8212;&#8212;<\/p>\n<p><img loading=\"lazy\" decoding=\"async\" class=\"aligncenter size-medium wp-image-8374\" src=\"http:\/\/www.semlh-morbihan.fr\/wordpress\/wp-content\/uploads\/2022\/11\/ceremonie-526x600.jpg\" alt=\"\" width=\"526\" height=\"600\" srcset=\"http:\/\/www.semlh-morbihan.fr\/wordpress\/wp-content\/uploads\/2022\/11\/ceremonie-526x600.jpg 526w, http:\/\/www.semlh-morbihan.fr\/wordpress\/wp-content\/uploads\/2022\/11\/ceremonie.jpg 565w\" sizes=\"auto, (max-width: 526px) 100vw, 526px\" \/><\/p>\n","protected":false},"excerpt":{"rendered":"<p>&nbsp; la c\u00e9r\u00e9monie comm\u00e9morative du 5 d\u00e9cembre 2022 s&rsquo;est tenue sur le plateau de la Garenne devant les monuments d\u00e9di\u00e9s aux soldats morts en Afrique&#8230;<\/p>\n","protected":false},"author":329,"featured_media":8395,"comment_status":"closed","ping_status":"open","sticky":false,"template":"","format":"standard","meta":{"footnotes":""},"categories":[417,337],"tags":[],"class_list":["post-8373","post","type-post","status-publish","format-standard","has-post-thumbnail","hentry","category-ceremonies-patriotiques","category-la-section","wpcat-417-id","wpcat-337-id"],"_links":{"self":[{"href":"http:\/\/www.semlh-morbihan.fr\/wordpress\/wp-json\/wp\/v2\/posts\/8373","targetHints":{"allow":["GET"]}}],"collection":[{"href":"http:\/\/www.semlh-morbihan.fr\/wordpress\/wp-json\/wp\/v2\/posts"}],"about":[{"href":"http:\/\/www.semlh-morbihan.fr\/wordpress\/wp-json\/wp\/v2\/types\/post"}],"author":[{"embeddable":true,"href":"http:\/\/www.semlh-morbihan.fr\/wordpress\/wp-json\/wp\/v2\/users\/329"}],"replies":[{"embeddable":true,"href":"http:\/\/www.semlh-morbihan.fr\/wordpress\/wp-json\/wp\/v2\/comments?post=8373"}],"version-history":[{"count":5,"href":"http:\/\/www.semlh-morbihan.fr\/wordpress\/wp-json\/wp\/v2\/posts\/8373\/revisions"}],"predecessor-version":[{"id":8393,"href":"http:\/\/www.semlh-morbihan.fr\/wordpress\/wp-json\/wp\/v2\/posts\/8373\/revisions\/8393"}],"wp:featuredmedia":[{"embeddable":true,"href":"http:\/\/www.semlh-morbihan.fr\/wordpress\/wp-json\/wp\/v2\/media\/8395"}],"wp:attachment":[{"href":"http:\/\/www.semlh-morbihan.fr\/wordpress\/wp-json\/wp\/v2\/media?parent=8373"}],"wp:term":[{"taxonomy":"category","embeddable":true,"href":"http:\/\/www.semlh-morbihan.fr\/wordpress\/wp-json\/wp\/v2\/categories?post=8373"},{"taxonomy":"post_tag","embeddable":true,"href":"http:\/\/www.semlh-morbihan.fr\/wordpress\/wp-json\/wp\/v2\/tags?post=8373"}],"curies":[{"name":"wp","href":"https:\/\/api.w.org\/{rel}","templated":true}]}}