{"id":8378,"date":"2022-12-03T12:22:45","date_gmt":"2022-12-03T11:22:45","guid":{"rendered":"http:\/\/www.semlh-morbihan.fr\/wordpress\/?p=8378"},"modified":"2022-12-03T12:26:40","modified_gmt":"2022-12-03T11:26:40","slug":"mardi-13-decembre-conference-sur-le-theme-de-lengagement-de-la-jeunesse-dans-la-liberation-du-pays","status":"publish","type":"post","link":"http:\/\/www.semlh-morbihan.fr\/wordpress\/2022\/12\/03\/mardi-13-decembre-conference-sur-le-theme-de-lengagement-de-la-jeunesse-dans-la-liberation-du-pays\/","title":{"rendered":"Mardi 13 d\u00e9cembre  : Conf\u00e9rence sur le th\u00e8me de \u00ab\u00a0L&rsquo;engagement de la jeunesse dans la lib\u00e9ration du Pays\u00a0\u00bb"},"content":{"rendered":"<div class=\"moz-text-html\" lang=\"x-unicode\">\n<p>\u00a0Chers amis l\u00e9gionnaires,<\/p>\n<p>Vous \u00eates invites \u00e0 assister \u00e0 la conf\u00e9rence dont le programme est d\u00e9fini ci-dessous:<\/p>\n<p><b>Le Mardi 13 d\u00e9cembre 2022 \u00e0 14h30 palais des congr\u00e8s de Pontivy rue\u00a0 du G\u00e9n\u00e9ral De Gaulle (Place des ducs de Rohan)<\/b><\/p>\n<p>Dans le cadre du centenaire SMLH, Le Comit\u00e9 de Pontivy s&rsquo;est associ\u00e9 \u00e0 la municipalit\u00e9 de Pontivy pour organiser une conf\u00e9rence au profit des \u00e9l\u00e8ves et \u00e9tudiants des coll\u00e8ges et lyc\u00e9es de Pontivy, 300 participants. (les associations patriotiques et les adh\u00e9rents\u00a0 \u00e0 l&rsquo;universit\u00e9 du temps libre de Pontivy sont \u00e9galement invites).<\/p>\n<p style=\"text-align: center;\">Conf\u00e9rence sur le th\u00e8me de \u00ab\u00a0<i><b>L&rsquo;engagement de la jeunesse dans la lib\u00e9ration du Pays<\/b><\/i>\u00ab\u00a0<\/p>\n<p style=\"text-align: center;\">\u00a0\u00a0 donn\u00e9e par le Lt Colonel DUMONT\u00a0 professeur \u00e0 l&rsquo;acad\u00e9mie militaire de St Cyr Co\u00ebtquidan<\/p>\n<p>Participation de reconstituteurs de la seconde guerre mondiale avec d\u00e9ploiement de v\u00e9hicules mat\u00e9riels et armement utilis\u00e9s par les SAS.<\/p>\n<p>Exposition de photos et documents de la lib\u00e9ration de Pontivy. La pr\u00e9sence d&rsquo;\u00e9l\u00e8ves officiers de l&rsquo;acad\u00e9mie militaire de St Cyr est annonc\u00e9e.<\/p>\n<p style=\"text-align: center;\"><u><b>D\u00e9roulement:<\/b><\/u><\/p>\n<ul>\n<li>14 heures:\u00a0 Lever des couleurs sur l&rsquo;esplanade du palais des congr\u00e8s,<\/li>\n<li>14 heures 30:\u00a0 Conf\u00e9rence\u00a0 dans l\u2019amphith\u00e9\u00e2tre du palais,<\/li>\n<li>15 heures 30: \u00a0 \u00e9changes sur les ateliers p\u00e9dago-historiques r\u00e9partis entre le Hall d\u2019entr\u00e9e\n<ul>\n<li>(ateliers parachutages, sabotage et armement)\u00a0 et le parvis ateliers\u00a0 Jeeps\u00a0\u00a0 SAS et autres.<\/li>\n<\/ul>\n<\/li>\n<li>16 heures 30:\u00a0\u00a0 Dislocation.<\/li>\n<\/ul>\n<p>Tr\u00e8s cordialement,<\/p>\n<p>Colonel(H) Joseph Rouxel<\/p>\n<p>Pr\u00e9sident du comit\u00e9 SMLH du pays de Pontivy<\/p>\n<\/div>\n","protected":false},"excerpt":{"rendered":"<p>\u00a0Chers amis l\u00e9gionnaires, Vous \u00eates invites \u00e0 assister \u00e0 la conf\u00e9rence dont le programme est d\u00e9fini ci-dessous: Le Mardi 13 d\u00e9cembre 2022 \u00e0 14h30 palais&#8230;<\/p>\n","protected":false},"author":329,"featured_media":8380,"comment_status":"closed","ping_status":"open","sticky":false,"template":"","format":"standard","meta":{"footnotes":""},"categories":[361,345,1],"tags":[608],"class_list":["post-8378","post","type-post","status-publish","format-standard","has-post-thumbnail","hentry","category-actualites-comite-du-pays-de-pontivy","category-comite-du-pays-de-pontivy","category-non-classe","tag-comite-smlh-du-pays-de-pontivy","wpcat-361-id","wpcat-345-id","wpcat-1-id"],"_links":{"self":[{"href":"http:\/\/www.semlh-morbihan.fr\/wordpress\/wp-json\/wp\/v2\/posts\/8378","targetHints":{"allow":["GET"]}}],"collection":[{"href":"http:\/\/www.semlh-morbihan.fr\/wordpress\/wp-json\/wp\/v2\/posts"}],"about":[{"href":"http:\/\/www.semlh-morbihan.fr\/wordpress\/wp-json\/wp\/v2\/types\/post"}],"author":[{"embeddable":true,"href":"http:\/\/www.semlh-morbihan.fr\/wordpress\/wp-json\/wp\/v2\/users\/329"}],"replies":[{"embeddable":true,"href":"http:\/\/www.semlh-morbihan.fr\/wordpress\/wp-json\/wp\/v2\/comments?post=8378"}],"version-history":[{"count":1,"href":"http:\/\/www.semlh-morbihan.fr\/wordpress\/wp-json\/wp\/v2\/posts\/8378\/revisions"}],"predecessor-version":[{"id":8379,"href":"http:\/\/www.semlh-morbihan.fr\/wordpress\/wp-json\/wp\/v2\/posts\/8378\/revisions\/8379"}],"wp:featuredmedia":[{"embeddable":true,"href":"http:\/\/www.semlh-morbihan.fr\/wordpress\/wp-json\/wp\/v2\/media\/8380"}],"wp:attachment":[{"href":"http:\/\/www.semlh-morbihan.fr\/wordpress\/wp-json\/wp\/v2\/media?parent=8378"}],"wp:term":[{"taxonomy":"category","embeddable":true,"href":"http:\/\/www.semlh-morbihan.fr\/wordpress\/wp-json\/wp\/v2\/categories?post=8378"},{"taxonomy":"post_tag","embeddable":true,"href":"http:\/\/www.semlh-morbihan.fr\/wordpress\/wp-json\/wp\/v2\/tags?post=8378"}],"curies":[{"name":"wp","href":"https:\/\/api.w.org\/{rel}","templated":true}]}}