{"id":8382,"date":"2022-12-14T17:37:00","date_gmt":"2022-12-14T16:37:00","guid":{"rendered":"http:\/\/www.semlh-morbihan.fr\/wordpress\/?p=8382"},"modified":"2022-12-14T17:53:12","modified_gmt":"2022-12-14T16:53:12","slug":"obseques-du-generla-jean-le-thiec-ancien-president-de-la-section-smlh-du-morbihan-le-vendredi-9-decembre-2022","status":"publish","type":"post","link":"http:\/\/www.semlh-morbihan.fr\/wordpress\/2022\/12\/14\/obseques-du-generla-jean-le-thiec-ancien-president-de-la-section-smlh-du-morbihan-le-vendredi-9-decembre-2022\/","title":{"rendered":"Obs\u00e8ques du g\u00e9n\u00e9ral Jean Le Thiec, ancien pr\u00e9sident de la section SMLH du Morbihan le vendredi 9 d\u00e9cembre 2022"},"content":{"rendered":"<p><img loading=\"lazy\" decoding=\"async\" class=\"aligncenter size-full wp-image-8391\" src=\"http:\/\/www.semlh-morbihan.fr\/wordpress\/wp-content\/uploads\/2022\/12\/jean-le-thiec.jpg\" alt=\"\" width=\"213\" height=\"182\" \/><\/p>\n<p>\u00a0\u00bb Les obs\u00e8ques du G\u00e9n\u00e9ral Jean Le Thiec, pr\u00e9sident d&rsquo;honneur de notre Section, ont \u00e9t\u00e9 c\u00e9l\u00e9br\u00e9es le vendredi 9 d\u00e9cembre 2022 \u00e0 l&rsquo;\u00e9glise Notre-Dame de Lourdes devant une tr\u00e8s nombreuse assistance comprenant, autour de la famille , le Pr\u00e9fet du Morbihan et des repr\u00e9sentants de la mairie et des principales associations au sein desquelles Jean avait tenu un r\u00f4le important.<br \/>\nDe nombreux fr\u00e8res d&rsquo;arme, parachutistes et marsouins, \u00e9taient \u00e9galement pr\u00e9sents, ainsi que la plupart des membres du bureau de la section et notre drapeau \u00e9tait port\u00e9 par Roland Mergel, secr\u00e9taire de la Section \u00a0\u00bb<\/p>\n<p>&nbsp;<\/p>\n<p>&nbsp;<\/p>\n<p><img loading=\"lazy\" decoding=\"async\" class=\"aligncenter size-medium wp-image-8387\" src=\"http:\/\/www.semlh-morbihan.fr\/wordpress\/wp-content\/uploads\/2022\/12\/bb61fb59-083d-4096-a843-ae4c2a43f526-600x278.jpg\" alt=\"\" width=\"600\" height=\"278\" srcset=\"http:\/\/www.semlh-morbihan.fr\/wordpress\/wp-content\/uploads\/2022\/12\/bb61fb59-083d-4096-a843-ae4c2a43f526-600x278.jpg 600w, http:\/\/www.semlh-morbihan.fr\/wordpress\/wp-content\/uploads\/2022\/12\/bb61fb59-083d-4096-a843-ae4c2a43f526-1024x474.jpg 1024w, http:\/\/www.semlh-morbihan.fr\/wordpress\/wp-content\/uploads\/2022\/12\/bb61fb59-083d-4096-a843-ae4c2a43f526-768x355.jpg 768w, http:\/\/www.semlh-morbihan.fr\/wordpress\/wp-content\/uploads\/2022\/12\/bb61fb59-083d-4096-a843-ae4c2a43f526-1536x710.jpg 1536w, http:\/\/www.semlh-morbihan.fr\/wordpress\/wp-content\/uploads\/2022\/12\/bb61fb59-083d-4096-a843-ae4c2a43f526-1218x563.jpg 1218w, http:\/\/www.semlh-morbihan.fr\/wordpress\/wp-content\/uploads\/2022\/12\/bb61fb59-083d-4096-a843-ae4c2a43f526.jpg 1600w\" sizes=\"auto, (max-width: 600px) 100vw, 600px\" \/><\/p>\n<p>&nbsp;<\/p>\n<p><img loading=\"lazy\" decoding=\"async\" class=\"aligncenter size-medium wp-image-8389\" src=\"http:\/\/www.semlh-morbihan.fr\/wordpress\/wp-content\/uploads\/2022\/12\/IMG_20221210_0001_NEW-432x600.jpg\" alt=\"\" width=\"432\" height=\"600\" srcset=\"http:\/\/www.semlh-morbihan.fr\/wordpress\/wp-content\/uploads\/2022\/12\/IMG_20221210_0001_NEW-432x600.jpg 432w, http:\/\/www.semlh-morbihan.fr\/wordpress\/wp-content\/uploads\/2022\/12\/IMG_20221210_0001_NEW-737x1024.jpg 737w, http:\/\/www.semlh-morbihan.fr\/wordpress\/wp-content\/uploads\/2022\/12\/IMG_20221210_0001_NEW-768x1067.jpg 768w, http:\/\/www.semlh-morbihan.fr\/wordpress\/wp-content\/uploads\/2022\/12\/IMG_20221210_0001_NEW-1106x1536.jpg 1106w, http:\/\/www.semlh-morbihan.fr\/wordpress\/wp-content\/uploads\/2022\/12\/IMG_20221210_0001_NEW-1474x2048.jpg 1474w, http:\/\/www.semlh-morbihan.fr\/wordpress\/wp-content\/uploads\/2022\/12\/IMG_20221210_0001_NEW-1218x1692.jpg 1218w, http:\/\/www.semlh-morbihan.fr\/wordpress\/wp-content\/uploads\/2022\/12\/IMG_20221210_0001_NEW.jpg 1670w\" sizes=\"auto, (max-width: 432px) 100vw, 432px\" \/><\/p>\n","protected":false},"excerpt":{"rendered":"<p>\u00a0\u00bb Les obs\u00e8ques du G\u00e9n\u00e9ral Jean Le Thiec, pr\u00e9sident d&rsquo;honneur de notre Section, ont \u00e9t\u00e9 c\u00e9l\u00e9br\u00e9es le vendredi 9 d\u00e9cembre 2022 \u00e0 l&rsquo;\u00e9glise Notre-Dame de&#8230;<\/p>\n","protected":false},"author":329,"featured_media":8383,"comment_status":"closed","ping_status":"open","sticky":false,"template":"","format":"standard","meta":{"footnotes":""},"categories":[497,337],"tags":[609],"class_list":["post-8382","post","type-post","status-publish","format-standard","has-post-thumbnail","hentry","category-deces-la-section","category-la-section","tag-obseques","wpcat-497-id","wpcat-337-id"],"_links":{"self":[{"href":"http:\/\/www.semlh-morbihan.fr\/wordpress\/wp-json\/wp\/v2\/posts\/8382","targetHints":{"allow":["GET"]}}],"collection":[{"href":"http:\/\/www.semlh-morbihan.fr\/wordpress\/wp-json\/wp\/v2\/posts"}],"about":[{"href":"http:\/\/www.semlh-morbihan.fr\/wordpress\/wp-json\/wp\/v2\/types\/post"}],"author":[{"embeddable":true,"href":"http:\/\/www.semlh-morbihan.fr\/wordpress\/wp-json\/wp\/v2\/users\/329"}],"replies":[{"embeddable":true,"href":"http:\/\/www.semlh-morbihan.fr\/wordpress\/wp-json\/wp\/v2\/comments?post=8382"}],"version-history":[{"count":6,"href":"http:\/\/www.semlh-morbihan.fr\/wordpress\/wp-json\/wp\/v2\/posts\/8382\/revisions"}],"predecessor-version":[{"id":8392,"href":"http:\/\/www.semlh-morbihan.fr\/wordpress\/wp-json\/wp\/v2\/posts\/8382\/revisions\/8392"}],"wp:featuredmedia":[{"embeddable":true,"href":"http:\/\/www.semlh-morbihan.fr\/wordpress\/wp-json\/wp\/v2\/media\/8383"}],"wp:attachment":[{"href":"http:\/\/www.semlh-morbihan.fr\/wordpress\/wp-json\/wp\/v2\/media?parent=8382"}],"wp:term":[{"taxonomy":"category","embeddable":true,"href":"http:\/\/www.semlh-morbihan.fr\/wordpress\/wp-json\/wp\/v2\/categories?post=8382"},{"taxonomy":"post_tag","embeddable":true,"href":"http:\/\/www.semlh-morbihan.fr\/wordpress\/wp-json\/wp\/v2\/tags?post=8382"}],"curies":[{"name":"wp","href":"https:\/\/api.w.org\/{rel}","templated":true}]}}