{"id":8401,"date":"2022-12-30T12:42:57","date_gmt":"2022-12-30T11:42:57","guid":{"rendered":"http:\/\/www.semlh-morbihan.fr\/wordpress\/?p=8401"},"modified":"2023-03-11T16:29:16","modified_gmt":"2023-03-11T15:29:16","slug":"ceremonie-du-11-novembre-2022-a-lorient","status":"publish","type":"post","link":"http:\/\/www.semlh-morbihan.fr\/wordpress\/2022\/12\/30\/ceremonie-du-11-novembre-2022-a-lorient\/","title":{"rendered":"C\u00e9r\u00e9monie du 11 novembre 2022 \u00e0 Lorient"},"content":{"rendered":"<p>&nbsp;<\/p>\n<figure id=\"attachment_8404\" aria-describedby=\"caption-attachment-8404\" style=\"width: 600px\" class=\"wp-caption aligncenter\"><img loading=\"lazy\" decoding=\"async\" class=\"size-medium wp-image-8404\" src=\"http:\/\/www.semlh-morbihan.fr\/wordpress\/wp-content\/uploads\/2023\/01\/11-NOVjpg-2-e1674474296158-600x338.jpg\" alt=\"\" width=\"600\" height=\"338\" \/><figcaption id=\"caption-attachment-8404\" class=\"wp-caption-text\">les cadets de la s\u00e9curit\u00e9 civile du coll\u00e8ge de Tr\u00e9faven encadr\u00e9s par le provieurr et la proviseure adjointe<\/figcaption><\/figure>\n<figure id=\"attachment_8403\" aria-describedby=\"caption-attachment-8403\" style=\"width: 600px\" class=\"wp-caption aligncenter\"><img loading=\"lazy\" decoding=\"async\" class=\"size-medium wp-image-8403\" src=\"http:\/\/www.semlh-morbihan.fr\/wordpress\/wp-content\/uploads\/2023\/01\/IMG_5387-2-600x390.jpg\" alt=\"\" width=\"600\" height=\"390\" srcset=\"http:\/\/www.semlh-morbihan.fr\/wordpress\/wp-content\/uploads\/2023\/01\/IMG_5387-2-600x390.jpg 600w, http:\/\/www.semlh-morbihan.fr\/wordpress\/wp-content\/uploads\/2023\/01\/IMG_5387-2-1024x666.jpg 1024w, http:\/\/www.semlh-morbihan.fr\/wordpress\/wp-content\/uploads\/2023\/01\/IMG_5387-2-768x499.jpg 768w, http:\/\/www.semlh-morbihan.fr\/wordpress\/wp-content\/uploads\/2023\/01\/IMG_5387-2-1536x999.jpg 1536w, http:\/\/www.semlh-morbihan.fr\/wordpress\/wp-content\/uploads\/2023\/01\/IMG_5387-2-2048x1332.jpg 2048w, http:\/\/www.semlh-morbihan.fr\/wordpress\/wp-content\/uploads\/2023\/01\/IMG_5387-2-1218x792.jpg 1218w\" sizes=\"auto, (max-width: 600px) 100vw, 600px\" \/><figcaption id=\"caption-attachment-8403\" class=\"wp-caption-text\">le d\u00e9p\u00f4t de gerbes par 3 \u00e9coliers<\/figcaption><\/figure>\n<p>De nombreux lorientais ont assist\u00e9 place Louis Glotin \u00e0 la c\u00e9r\u00e9monie du 11 Novembre, qui s &lsquo;est d\u00e9roul\u00e9 en pr\u00e9sence de&rsquo; la Marine Nationale et de nombreuses d\u00e9l\u00e9gations avec drapeaux, dont celui du Comit\u00e9 du Pays de Lorient de la SMLH&#8230; Nous avons aussi remarqu\u00e9 une d\u00e9l\u00e9gation des jeunes stagiaires de la Pr\u00e9paration Militaire Marine de Lorient.<\/p>\n<p>Apr\u00e8s la traditionnelle remise de m\u00e9dailles \u00e0 des militaires en activit\u00e9 : L\u00e9gion d &lsquo; Honneur, M\u00e9daille Militaire, Ordre National du M\u00e9rite\u00a0 des \u00e9l\u00e8ves lorientais de l&rsquo; \u00e9cole primaire du Bois du Ch\u00e2teau et les Cadets de la S\u00e9curit\u00e9 civile du coll\u00e8ge de Tr\u00e9faven ont lu des messages .<\/p>\n<p>A la fin de la c\u00e9r\u00e9monie, les autorit\u00e9s civiles et militaires, ainsi que trois \u00e9coliers ont d\u00e9pos\u00e9 des gerbes de fleurs au pied du monument aux morts<\/p>\n<p>le C.V (H) Guy Sinel<\/p>\n<p>pr\u00e9sident du Comit\u00e9 du Pays de Lorient de la SMLH..<\/p>\n","protected":false},"excerpt":{"rendered":"<p>&nbsp; De nombreux lorientais ont assist\u00e9 place Louis Glotin \u00e0 la c\u00e9r\u00e9monie du 11 Novembre, qui s &lsquo;est d\u00e9roul\u00e9 en pr\u00e9sence de&rsquo; la Marine Nationale&#8230;<\/p>\n","protected":false},"author":329,"featured_media":8404,"comment_status":"closed","ping_status":"open","sticky":false,"template":"","format":"standard","meta":{"footnotes":""},"categories":[496,343],"tags":[610],"class_list":["post-8401","post","type-post","status-publish","format-standard","has-post-thumbnail","hentry","category-ceremonies-comite-de-lorient","category-comite-de-lorient","tag-ceremonies-lorient","wpcat-496-id","wpcat-343-id"],"_links":{"self":[{"href":"http:\/\/www.semlh-morbihan.fr\/wordpress\/wp-json\/wp\/v2\/posts\/8401","targetHints":{"allow":["GET"]}}],"collection":[{"href":"http:\/\/www.semlh-morbihan.fr\/wordpress\/wp-json\/wp\/v2\/posts"}],"about":[{"href":"http:\/\/www.semlh-morbihan.fr\/wordpress\/wp-json\/wp\/v2\/types\/post"}],"author":[{"embeddable":true,"href":"http:\/\/www.semlh-morbihan.fr\/wordpress\/wp-json\/wp\/v2\/users\/329"}],"replies":[{"embeddable":true,"href":"http:\/\/www.semlh-morbihan.fr\/wordpress\/wp-json\/wp\/v2\/comments?post=8401"}],"version-history":[{"count":4,"href":"http:\/\/www.semlh-morbihan.fr\/wordpress\/wp-json\/wp\/v2\/posts\/8401\/revisions"}],"predecessor-version":[{"id":8429,"href":"http:\/\/www.semlh-morbihan.fr\/wordpress\/wp-json\/wp\/v2\/posts\/8401\/revisions\/8429"}],"wp:featuredmedia":[{"embeddable":true,"href":"http:\/\/www.semlh-morbihan.fr\/wordpress\/wp-json\/wp\/v2\/media\/8404"}],"wp:attachment":[{"href":"http:\/\/www.semlh-morbihan.fr\/wordpress\/wp-json\/wp\/v2\/media?parent=8401"}],"wp:term":[{"taxonomy":"category","embeddable":true,"href":"http:\/\/www.semlh-morbihan.fr\/wordpress\/wp-json\/wp\/v2\/categories?post=8401"},{"taxonomy":"post_tag","embeddable":true,"href":"http:\/\/www.semlh-morbihan.fr\/wordpress\/wp-json\/wp\/v2\/tags?post=8401"}],"curies":[{"name":"wp","href":"https:\/\/api.w.org\/{rel}","templated":true}]}}