{"id":8407,"date":"2022-12-30T12:54:08","date_gmt":"2022-12-30T11:54:08","guid":{"rendered":"http:\/\/www.semlh-morbihan.fr\/wordpress\/?p=8407"},"modified":"2023-03-11T16:26:24","modified_gmt":"2023-03-11T15:26:24","slug":"ceremonie-de-remise-du-fanion-a-la-preparation-militaire-marine-de-lorient-le-10-decembre-2022","status":"publish","type":"post","link":"http:\/\/www.semlh-morbihan.fr\/wordpress\/2022\/12\/30\/ceremonie-de-remise-du-fanion-a-la-preparation-militaire-marine-de-lorient-le-10-decembre-2022\/","title":{"rendered":"C\u00e9r\u00e9monie de remise du fanion \u00e0 la pr\u00e9paration militaire marine de Lorient le 10 d\u00e9cembre 2022"},"content":{"rendered":"<p>&nbsp;<\/p>\n<figure id=\"attachment_8409\" aria-describedby=\"caption-attachment-8409\" style=\"width: 600px\" class=\"wp-caption aligncenter\"><img loading=\"lazy\" decoding=\"async\" class=\"size-medium wp-image-8409\" src=\"http:\/\/www.semlh-morbihan.fr\/wordpress\/wp-content\/uploads\/2023\/01\/P_20221210_104441_vHDR_Auto_HP-scaled-e1674474999347-600x267.jpg\" alt=\"\" width=\"600\" height=\"267\" srcset=\"http:\/\/www.semlh-morbihan.fr\/wordpress\/wp-content\/uploads\/2023\/01\/P_20221210_104441_vHDR_Auto_HP-scaled-e1674474999347-600x267.jpg 600w, http:\/\/www.semlh-morbihan.fr\/wordpress\/wp-content\/uploads\/2023\/01\/P_20221210_104441_vHDR_Auto_HP-scaled-e1674474999347-1024x455.jpg 1024w, http:\/\/www.semlh-morbihan.fr\/wordpress\/wp-content\/uploads\/2023\/01\/P_20221210_104441_vHDR_Auto_HP-scaled-e1674474999347-768x341.jpg 768w, http:\/\/www.semlh-morbihan.fr\/wordpress\/wp-content\/uploads\/2023\/01\/P_20221210_104441_vHDR_Auto_HP-scaled-e1674474999347-1536x683.jpg 1536w, http:\/\/www.semlh-morbihan.fr\/wordpress\/wp-content\/uploads\/2023\/01\/P_20221210_104441_vHDR_Auto_HP-scaled-e1674474999347-1218x541.jpg 1218w, http:\/\/www.semlh-morbihan.fr\/wordpress\/wp-content\/uploads\/2023\/01\/P_20221210_104441_vHDR_Auto_HP-scaled-e1674474999347.jpg 1600w\" sizes=\"auto, (max-width: 600px) 100vw, 600px\" \/><figcaption id=\"caption-attachment-8409\" class=\"wp-caption-text\">remise des fanions \u00e0 la PMM de Lorient<\/figcaption><\/figure>\n<p style=\"text-align: center;\"><span style=\"text-decoration: underline;\"><strong>C\u00e9r\u00e9monie de remise du fanion \u00e0 la Pr\u00e9paration Militaire Marine de Lorie<\/strong><\/span>nt<\/p>\n<p style=\"text-align: justify;\">La commune de Merlevenez a accueilli le samedi 10 d\u00e9cembre la c\u00e9r\u00e9monie de remise du fanion aux stagiaires de la nouvelle promotion \u00a0\u00bb Amiral Renarc&rsquo;h\u00a0\u00bb, qui comprend 45 stagiaires, dont 12 jeunes filles.<\/p>\n<p style=\"text-align: justify;\">La c\u00e9r\u00e9monie \u00e9tait pr\u00e9sid\u00e9e par le capitaine de fr\u00e9gate Philippe Laugier, commandant de la base des fusiliers marins et commandos de Lorient &#8211; Lanester, en pr\u00e9sence du maire de Merlevenez, Bruno Le Bosser, de la s\u00e9natrice Muriel Jourda, de la d\u00e9put\u00e9e Lysiane M\u00e9tayer et de plusieurs d\u00e9l\u00e9gations avec leur drapeau ainsi que les parents des stagiaires.<\/p>\n<p style=\"text-align: justify;\">Le drapeau et 5 membres de notre bureau de notre Comit\u00e9 ont particip\u00e9, comme chaque ann\u00e9e, \u00e0 cette c\u00e9r\u00e9monie.<\/p>\n<p style=\"text-align: justify;\">A l &lsquo;issue de la c\u00e9r\u00e9monie, le maire a invit\u00e9 les participants \u00e0 la salle communale et plusieurs discours ont \u00e9t\u00e9 prononc\u00e9s, f\u00e9licitant les jeunes stagiaires pour leur engagement. Quatre jeunes merleven\u00e9ziens font partie de cette promotion.<\/p>\n<p style=\"text-align: justify;\">La remise des brevets de fin de stage, ainsi que les prix, aura lieu en mai 2023, \u00e0 Guidel.<\/p>\n<p>le C. V (H) Guy Sinel<\/p>\n<p>pr\u00e9sident du Comit\u00e9 du Pays de Lorient de la SMLH .<\/p>\n","protected":false},"excerpt":{"rendered":"<p>&nbsp; C\u00e9r\u00e9monie de remise du fanion \u00e0 la Pr\u00e9paration Militaire Marine de Lorient La commune de Merlevenez a accueilli le samedi 10 d\u00e9cembre la c\u00e9r\u00e9monie&#8230;<\/p>\n","protected":false},"author":329,"featured_media":8409,"comment_status":"closed","ping_status":"open","sticky":false,"template":"","format":"standard","meta":{"footnotes":""},"categories":[496,343],"tags":[610],"class_list":["post-8407","post","type-post","status-publish","format-standard","has-post-thumbnail","hentry","category-ceremonies-comite-de-lorient","category-comite-de-lorient","tag-ceremonies-lorient","wpcat-496-id","wpcat-343-id"],"_links":{"self":[{"href":"http:\/\/www.semlh-morbihan.fr\/wordpress\/wp-json\/wp\/v2\/posts\/8407","targetHints":{"allow":["GET"]}}],"collection":[{"href":"http:\/\/www.semlh-morbihan.fr\/wordpress\/wp-json\/wp\/v2\/posts"}],"about":[{"href":"http:\/\/www.semlh-morbihan.fr\/wordpress\/wp-json\/wp\/v2\/types\/post"}],"author":[{"embeddable":true,"href":"http:\/\/www.semlh-morbihan.fr\/wordpress\/wp-json\/wp\/v2\/users\/329"}],"replies":[{"embeddable":true,"href":"http:\/\/www.semlh-morbihan.fr\/wordpress\/wp-json\/wp\/v2\/comments?post=8407"}],"version-history":[{"count":3,"href":"http:\/\/www.semlh-morbihan.fr\/wordpress\/wp-json\/wp\/v2\/posts\/8407\/revisions"}],"predecessor-version":[{"id":8428,"href":"http:\/\/www.semlh-morbihan.fr\/wordpress\/wp-json\/wp\/v2\/posts\/8407\/revisions\/8428"}],"wp:featuredmedia":[{"embeddable":true,"href":"http:\/\/www.semlh-morbihan.fr\/wordpress\/wp-json\/wp\/v2\/media\/8409"}],"wp:attachment":[{"href":"http:\/\/www.semlh-morbihan.fr\/wordpress\/wp-json\/wp\/v2\/media?parent=8407"}],"wp:term":[{"taxonomy":"category","embeddable":true,"href":"http:\/\/www.semlh-morbihan.fr\/wordpress\/wp-json\/wp\/v2\/categories?post=8407"},{"taxonomy":"post_tag","embeddable":true,"href":"http:\/\/www.semlh-morbihan.fr\/wordpress\/wp-json\/wp\/v2\/tags?post=8407"}],"curies":[{"name":"wp","href":"https:\/\/api.w.org\/{rel}","templated":true}]}}