{"id":8411,"date":"2022-12-30T13:02:15","date_gmt":"2022-12-30T12:02:15","guid":{"rendered":"http:\/\/www.semlh-morbihan.fr\/wordpress\/?p=8411"},"modified":"2023-03-11T16:25:28","modified_gmt":"2023-03-11T15:25:28","slug":"ceremonie-commemorative-des-morts-pour-la-france-de-la-guerre-dalgerie-et-des-combats-du-maroc-et-de-tunisie-le-5-decembre-2022","status":"publish","type":"post","link":"http:\/\/www.semlh-morbihan.fr\/wordpress\/2022\/12\/30\/ceremonie-commemorative-des-morts-pour-la-france-de-la-guerre-dalgerie-et-des-combats-du-maroc-et-de-tunisie-le-5-decembre-2022\/","title":{"rendered":"C\u00e9r\u00e9monie comm\u00e9morative des morts pour la France de la guerre d&rsquo;Alg\u00e9rie et des combats du Maroc et de Tunisie le 5 d\u00e9cembre 2022"},"content":{"rendered":"<figure id=\"attachment_8413\" aria-describedby=\"caption-attachment-8413\" style=\"width: 600px\" class=\"wp-caption aligncenter\"><img loading=\"lazy\" decoding=\"async\" class=\"size-medium wp-image-8413\" src=\"http:\/\/www.semlh-morbihan.fr\/wordpress\/wp-content\/uploads\/2023\/01\/IMG_5577-scaled-e1674475410689-600x401.jpg\" alt=\"\" width=\"600\" height=\"401\" srcset=\"http:\/\/www.semlh-morbihan.fr\/wordpress\/wp-content\/uploads\/2023\/01\/IMG_5577-scaled-e1674475410689-600x401.jpg 600w, http:\/\/www.semlh-morbihan.fr\/wordpress\/wp-content\/uploads\/2023\/01\/IMG_5577-scaled-e1674475410689-1024x684.jpg 1024w, http:\/\/www.semlh-morbihan.fr\/wordpress\/wp-content\/uploads\/2023\/01\/IMG_5577-scaled-e1674475410689-768x513.jpg 768w, http:\/\/www.semlh-morbihan.fr\/wordpress\/wp-content\/uploads\/2023\/01\/IMG_5577-scaled-e1674475410689-1536x1025.jpg 1536w, http:\/\/www.semlh-morbihan.fr\/wordpress\/wp-content\/uploads\/2023\/01\/IMG_5577-scaled-e1674475410689-1218x813.jpg 1218w, http:\/\/www.semlh-morbihan.fr\/wordpress\/wp-content\/uploads\/2023\/01\/IMG_5577-scaled-e1674475410689.jpg 1600w\" sizes=\"auto, (max-width: 600px) 100vw, 600px\" \/><figcaption id=\"caption-attachment-8413\" class=\"wp-caption-text\">Les autorit\u00e9s d\u00e9posant les gerbes de fleurs<\/figcaption><\/figure>\n<p>&nbsp;<\/p>\n<p style=\"text-align: justify;\">Le lundi 5 d\u00e9cembre, s &lsquo;est d\u00e9roul\u00e9e la c\u00e9r\u00e9monie comm\u00e9morative des morts pour la France de la guerre d &lsquo;Alg\u00e9rie et des combats du Maroc et de Tunisie, en pr\u00e9sence des autorit\u00e9s civiles et militaires et des drapeaux des associations patriotiques.<\/p>\n<p style=\"text-align: justify;\">Notre Comit\u00e9 \u00e9tait repr\u00e9sent\u00e9 par son drapeau et une d\u00e9l\u00e9gation des membres de notre bureau.<\/p>\n<p style=\"text-align: justify;\">Apr\u00e8s la lecture par le Sous-Pr\u00e9fet de Lorient du message du secr\u00e9taire d &lsquo;Etat aupr\u00e8s du ministre des Arm\u00e9es, charg\u00e9 des anciens combattants et de la m\u00e9moire, les autorit\u00e9s civiles et militaires ont d\u00e9pos\u00e9 des gerbes de fleurs au pied du monument aux morts.<\/p>\n<p>Le C.V (H) Guy Sinel<\/p>\n<p>pr\u00e9sident du Comit\u00e9 du Pays de Lorient SMLH.<\/p>\n","protected":false},"excerpt":{"rendered":"<p>&nbsp; Le lundi 5 d\u00e9cembre, s &lsquo;est d\u00e9roul\u00e9e la c\u00e9r\u00e9monie comm\u00e9morative des morts pour la France de la guerre d &lsquo;Alg\u00e9rie et des combats du&#8230;<\/p>\n","protected":false},"author":329,"featured_media":8413,"comment_status":"closed","ping_status":"open","sticky":false,"template":"","format":"standard","meta":{"footnotes":""},"categories":[496,343],"tags":[610],"class_list":["post-8411","post","type-post","status-publish","format-standard","has-post-thumbnail","hentry","category-ceremonies-comite-de-lorient","category-comite-de-lorient","tag-ceremonies-lorient","wpcat-496-id","wpcat-343-id"],"_links":{"self":[{"href":"http:\/\/www.semlh-morbihan.fr\/wordpress\/wp-json\/wp\/v2\/posts\/8411","targetHints":{"allow":["GET"]}}],"collection":[{"href":"http:\/\/www.semlh-morbihan.fr\/wordpress\/wp-json\/wp\/v2\/posts"}],"about":[{"href":"http:\/\/www.semlh-morbihan.fr\/wordpress\/wp-json\/wp\/v2\/types\/post"}],"author":[{"embeddable":true,"href":"http:\/\/www.semlh-morbihan.fr\/wordpress\/wp-json\/wp\/v2\/users\/329"}],"replies":[{"embeddable":true,"href":"http:\/\/www.semlh-morbihan.fr\/wordpress\/wp-json\/wp\/v2\/comments?post=8411"}],"version-history":[{"count":3,"href":"http:\/\/www.semlh-morbihan.fr\/wordpress\/wp-json\/wp\/v2\/posts\/8411\/revisions"}],"predecessor-version":[{"id":8427,"href":"http:\/\/www.semlh-morbihan.fr\/wordpress\/wp-json\/wp\/v2\/posts\/8411\/revisions\/8427"}],"wp:featuredmedia":[{"embeddable":true,"href":"http:\/\/www.semlh-morbihan.fr\/wordpress\/wp-json\/wp\/v2\/media\/8413"}],"wp:attachment":[{"href":"http:\/\/www.semlh-morbihan.fr\/wordpress\/wp-json\/wp\/v2\/media?parent=8411"}],"wp:term":[{"taxonomy":"category","embeddable":true,"href":"http:\/\/www.semlh-morbihan.fr\/wordpress\/wp-json\/wp\/v2\/categories?post=8411"},{"taxonomy":"post_tag","embeddable":true,"href":"http:\/\/www.semlh-morbihan.fr\/wordpress\/wp-json\/wp\/v2\/tags?post=8411"}],"curies":[{"name":"wp","href":"https:\/\/api.w.org\/{rel}","templated":true}]}}