{"id":8415,"date":"2023-01-23T15:34:54","date_gmt":"2023-01-23T14:34:54","guid":{"rendered":"http:\/\/www.semlh-morbihan.fr\/wordpress\/?p=8415"},"modified":"2023-03-11T16:23:18","modified_gmt":"2023-03-11T15:23:18","slug":"conference-sur-leffectivite-du-droit-international-humanitaire-et-la-guerre-en-ukraine-le-30-novembre-2022","status":"publish","type":"post","link":"http:\/\/www.semlh-morbihan.fr\/wordpress\/2023\/01\/23\/conference-sur-leffectivite-du-droit-international-humanitaire-et-la-guerre-en-ukraine-le-30-novembre-2022\/","title":{"rendered":"Conf\u00e9rence sur \u00ab\u00a0l&rsquo;effectivit\u00e9 du droit international humanitaire et la guerre en Ukraine\u00a0\u00bb le 30 novembre 2022"},"content":{"rendered":"<figure id=\"attachment_8418\" aria-describedby=\"caption-attachment-8418\" style=\"width: 600px\" class=\"wp-caption aligncenter\"><img loading=\"lazy\" decoding=\"async\" class=\"size-medium wp-image-8418\" src=\"http:\/\/www.semlh-morbihan.fr\/wordpress\/wp-content\/uploads\/2023\/01\/IMG_3274-600x450.jpg\" alt=\"\" width=\"600\" height=\"450\" srcset=\"http:\/\/www.semlh-morbihan.fr\/wordpress\/wp-content\/uploads\/2023\/01\/IMG_3274-600x450.jpg 600w, http:\/\/www.semlh-morbihan.fr\/wordpress\/wp-content\/uploads\/2023\/01\/IMG_3274-480x360.jpg 480w, http:\/\/www.semlh-morbihan.fr\/wordpress\/wp-content\/uploads\/2023\/01\/IMG_3274.jpg 640w\" sizes=\"auto, (max-width: 600px) 100vw, 600px\" \/><figcaption id=\"caption-attachment-8418\" class=\"wp-caption-text\">remise de la m\u00e9daille au conf\u00e9rencier<\/figcaption><\/figure>\n<p><strong>Dans le\u00a0 cadre des actions\u00a0 de\u00a0 Rayonnement\u00a0 , le\u00a0 Comit\u00e9\u00a0 du\u00a0 pays\u00a0 de\u00a0 Lorient\u00a0 \u00a0a\u00a0 organis\u00e9\u00a0 cette\u00a0 ann\u00e9e\u00a0 une\u00a0 seconde\u00a0 conf\u00e9rence, qui\u00a0 s &lsquo;est\u00a0 tenue\u00a0 le mercredi 30 novembre, dans\u00a0 l&rsquo; &lsquo;amphith\u00e9\u00e2tre de\u00a0 l&rsquo;Ecole Nationale Sup\u00e9rieure des Ing\u00e9nieurs\u00a0 de Bretagne Sud de Lorient .<\/strong><\/p>\n<p><strong>\u00a0 Conf\u00e9rence sur\u00a0 le th\u00e8me\u00a0<\/strong><\/p>\n<p style=\"text-align: justify;\"><strong>\u00a0 \u00a0 \u00ab\u00a0L\u2019effectivit\u00e9 du Droit International Humanitaire et la guerre en Ukraine\u00a0 \u00ab\u00a0<\/strong><\/p>\n<p><strong>\u00a0 \u00a0 \u00a0 \u00a0 \u00a0 \u00a0 \u00a0 \u00a0 \u00a0 \u00a0 \u00a0 \u00a0 \u00a0 \u00a0 \u00a0 \u00a0 \u00a0 \u00a0 \u00a0 \u00a0 \u00a0 \u00a0 \u00a0 \u00a0 \u00a0 \u00a0 \u00a0 \u00a0 \u00a0 \u00a0 \u00a0par Philippe Frin<\/strong><\/p>\n<p style=\"text-align: justify;\"><strong>\u00a0 Monsieur\u00a0 Frin\u00a0 est\u00a0 ancien saint-cyrien\u00a0 et apr\u00e8s\u00a0 30 ann\u00e9es\u00a0 pass\u00e9es\u00a0 dans\u00a0 l &lsquo; arm\u00e9e, il\u00a0 est\u00a0 devenu expert en Droit\u00a0 International Humanitaire \/ Droit\u00a0 \u00a0des conflits\u00a0 et enseigne dans plusieurs\u00a0 \u00e9tablissements .\u00a0 Il\u00a0 est aussi membre du Comit\u00e9 du Pays de Vannes\u00a0 de la SMLH.<\/strong><\/p>\n<p style=\"text-align: justify;\">En <u>introduction<\/u> \u00a0le conf\u00e9rencier a pr\u00e9sent\u00e9, d\u2019une part, la construction du Droit International Humanitaire (DIH) \u00e0 travers les \u00e2ges et, d\u2019autre part, une d\u00e9finition de cette \u00ab\u00a0Lex specialis <sup>1<\/sup> \u00a0\u00bb par rapport aux droits humains, applicable seulement dans le cadre d\u2019un conflit arm\u00e9.<\/p>\n<p style=\"text-align: justify;\"><u>La premi\u00e8re partie<\/u> a \u00e9t\u00e9 consacr\u00e9e <u>sur le champ d\u2019application du DIH<\/u>. Le Droit de Gen\u00e8ve et le Doit de La Haye ont \u00e9t\u00e9 expliqu\u00e9s. Les personnes prot\u00e9g\u00e9es par le Droit de Gen\u00e8ve et les principes qui encadrent la conduite des hostilit\u00e9s seront d\u00e9taill\u00e9s ainsi que l\u2019obligation l\u00e9gale de l\u2019Etat, de diffusion. Cette obligation doit se faire le plus largement possible, l\u2019ensemble des r\u00e8gles et pr\u00e9ceptes doivent \u00eatre connus de l\u2019ensemble de la population, notamment des forces arm\u00e9es combattantes, du personnel sanitaire et des aum\u00f4niers.<\/p>\n<p style=\"text-align: justify;\"><u>La deuxi\u00e8me partie<\/u> de la conf\u00e9rence s\u2019est efforc\u00e9 de r\u00e9pondre \u00e0 la probl\u00e9matique pos\u00e9e par le titre de la conf\u00e9rence\u00a0: <u>l\u2019effectivit\u00e9 du Droit International Humanitaire et la guerre en Ukraine<\/u>. Il a \u00e9t\u00e9 pr\u00e9sent\u00e9, le plus simplement possible, ce que devrait \u00eatre l\u2019effectivit\u00e9 de l\u2019application du DIH par les combattants r\u00e9guliers des deux c\u00f4t\u00e9s de la ligne de front en Ukraine ainsi que les devoirs du commandant en la mati\u00e8re.<\/p>\n<p style=\"text-align: justify;\">La conclusion sera un appel au respect du droit international en g\u00e9n\u00e9ral et du DIH en particulier. Malheureusement, les violations manifestes des principes \u00e9l\u00e9mentaires du DIH conduisent la cour p\u00e9nale internationale (CPI) \u00e0 se saisir de l\u2019affaire au nom du respect de l\u2019Humanit\u00e9 tout enti\u00e8re.<\/p>\n<p style=\"text-align: justify;\">&#8212;&#8212;&#8212;&#8212;&#8212;&#8212;&#8212;&#8212;&#8212;&#8212;&#8212;-<\/p>\n<p style=\"text-align: justify;\">[1] Le DIH contient tout d\u2019abord certaines r\u00e8gles vitales pour la protection des victimes des conflits arm\u00e9s qui ne peuvent pas, m\u00eame implicitement, \u00eatre d\u00e9duites des droits humains. C\u2019est ainsi lorsqu\u2019il pr\u00e9voit qui a le droit de participer directement aux hostilit\u00e9s. Il nous semble qu\u2019il faudrait avoir beaucoup de fantaisie pour d\u00e9duire du droit \u00e0 la vie et \u00e0 l\u2019int\u00e9grit\u00e9 physique des civils ou des combattants un droit \u00e0 ce que seules certaines personnes, qui se distinguent de la population civile, commettent des actes d\u2019hostilit\u00e9. Ces questions sont donc exclusivement r\u00e9gies par le DIH.<\/p>\n<p style=\"text-align: justify;\">\u00a0Apr\u00e8s\u00a0 avoir\u00a0 r\u00e9pondu\u00a0 aux\u00a0 questions\u00a0 des\u00a0 participants\u00a0 , le C.V(H) Guy Sinel, pr\u00e9sident\u00a0 et\u00a0 le C.A (2s) b. Sarrade ont remis au\u00a0 conf\u00e9rencier\u00a0 la\u00a0 m\u00e9daille\u00a0 de la SMLH, en soulignant\u00a0 l&rsquo;excellente coop\u00e9ration entre dux comit\u00e9s\u00a0 de\u00a0 \u00a0la\u00a0 Section Morbihan de la\u00a0 SMLH<\/p>\n<p>\u00a0 \u00a0Le C.V (H)\u00a0 Guy Sinel<\/p>\n<p>pr\u00e9sident du\u00a0 \u00a0Comit\u00e9\u00a0 du\u00a0 Lorient SMLH<\/p>\n","protected":false},"excerpt":{"rendered":"<p>Dans le\u00a0 cadre des actions\u00a0 de\u00a0 Rayonnement\u00a0 , le\u00a0 Comit\u00e9\u00a0 du\u00a0 pays\u00a0 de\u00a0 Lorient\u00a0 \u00a0a\u00a0 organis\u00e9\u00a0 cette\u00a0 ann\u00e9e\u00a0 une\u00a0 seconde\u00a0 conf\u00e9rence, qui\u00a0 s &lsquo;est\u00a0 tenue\u00a0&#8230;<\/p>\n","protected":false},"author":329,"featured_media":8417,"comment_status":"closed","ping_status":"open","sticky":false,"template":"","format":"standard","meta":{"footnotes":""},"categories":[343,547],"tags":[611],"class_list":["post-8415","post","type-post","status-publish","format-standard","has-post-thumbnail","hentry","category-comite-de-lorient","category-conferences","tag-conferences","wpcat-343-id","wpcat-547-id"],"_links":{"self":[{"href":"http:\/\/www.semlh-morbihan.fr\/wordpress\/wp-json\/wp\/v2\/posts\/8415","targetHints":{"allow":["GET"]}}],"collection":[{"href":"http:\/\/www.semlh-morbihan.fr\/wordpress\/wp-json\/wp\/v2\/posts"}],"about":[{"href":"http:\/\/www.semlh-morbihan.fr\/wordpress\/wp-json\/wp\/v2\/types\/post"}],"author":[{"embeddable":true,"href":"http:\/\/www.semlh-morbihan.fr\/wordpress\/wp-json\/wp\/v2\/users\/329"}],"replies":[{"embeddable":true,"href":"http:\/\/www.semlh-morbihan.fr\/wordpress\/wp-json\/wp\/v2\/comments?post=8415"}],"version-history":[{"count":4,"href":"http:\/\/www.semlh-morbihan.fr\/wordpress\/wp-json\/wp\/v2\/posts\/8415\/revisions"}],"predecessor-version":[{"id":8452,"href":"http:\/\/www.semlh-morbihan.fr\/wordpress\/wp-json\/wp\/v2\/posts\/8415\/revisions\/8452"}],"wp:featuredmedia":[{"embeddable":true,"href":"http:\/\/www.semlh-morbihan.fr\/wordpress\/wp-json\/wp\/v2\/media\/8417"}],"wp:attachment":[{"href":"http:\/\/www.semlh-morbihan.fr\/wordpress\/wp-json\/wp\/v2\/media?parent=8415"}],"wp:term":[{"taxonomy":"category","embeddable":true,"href":"http:\/\/www.semlh-morbihan.fr\/wordpress\/wp-json\/wp\/v2\/categories?post=8415"},{"taxonomy":"post_tag","embeddable":true,"href":"http:\/\/www.semlh-morbihan.fr\/wordpress\/wp-json\/wp\/v2\/tags?post=8415"}],"curies":[{"name":"wp","href":"https:\/\/api.w.org\/{rel}","templated":true}]}}