{"id":8421,"date":"2023-01-23T15:45:27","date_gmt":"2023-01-23T14:45:27","guid":{"rendered":"http:\/\/www.semlh-morbihan.fr\/wordpress\/?p=8421"},"modified":"2023-03-11T16:16:39","modified_gmt":"2023-03-11T15:16:39","slug":"nouveau-parrainage-au-lycee-lesage-de-lorient-dans-le-cadre-de-la-fondation-un-avenir-ensemble-le-jeudi-10-novembre-2022","status":"publish","type":"post","link":"http:\/\/www.semlh-morbihan.fr\/wordpress\/2023\/01\/23\/nouveau-parrainage-au-lycee-lesage-de-lorient-dans-le-cadre-de-la-fondation-un-avenir-ensemble-le-jeudi-10-novembre-2022\/","title":{"rendered":"Nouveau parrainage au lyc\u00e9e Lesage de Lorient dans le cadre de la fondation \u00ab\u00a0un avenir ensemble\u00a0\u00bb le jeudi 10 novembre 2022"},"content":{"rendered":"<p>&nbsp;<\/p>\n<p>En Morbihan, nouveau parrainage au lyc\u00e9e Lesage de Vannes, dans le cadre de la Fondation \u00a0\u00bb Un Avenir Ensemble\u00a0\u00bb de la Grande Chancellerie de la L\u00e9gion d &lsquo;Honneur.<\/p>\n<p>Le jeudi 10 novembre, Madame Evelyne R\u00e9gnier, proviseure, nous a accueillis pour cette nouvelle signature de parrainage.<\/p>\n<p>Guy Sinel\u00a0 coordinateur R\u00e9gional de la Fondation, a soulign\u00e9 que la Fondation oeuvre depuis plus de 15 ans, pour que l&rsquo;enseignement et le savoir demeure source d&rsquo;\u00e9mancipation pour tous les jeunes, quelle que soit leur origine sociale. Dans cet objectif, elle mobilise des d\u00e9cor\u00e9s de la Nation ( LH, ONM ) pour offrir \u00e0 des jeunes m\u00e9ritants les cl\u00e9s pour se construire un avenir \u00e0 la hauteur de leurs capacit\u00e9s.<\/p>\n<p>Ces jeunes b\u00e9n\u00e9ficient d &lsquo;un accompagnement personnalis\u00e9, par le biais d&rsquo;un parrainage, et ce,\u00a0 jusqu&rsquo; \u00e0 leur entr\u00e9e dans la vie active.<\/p>\n<p>La convention, d\u00e9but du parrainage, qui vient d &lsquo;\u00eatre sign\u00e9e concerne la filleule Carla Palcy, \u00e9l\u00e8ve de 1\u00e8re g\u00e9n\u00e9rale, qui aura pour parrain M. Fran\u00e7ois Riou, d\u00e9cor\u00e9 de la LH et membre du comit\u00e9 du pays de Vannes de la SMLH.<\/p>\n<p>Etaient pr\u00e9sents \u00e0 cette signature, la proviseure et son \u00e9quipe p\u00e9dagogique ( professeur principal et du conseiller principal d&rsquo;\u00e9ducation ), la m\u00e8re de la filleule mineure et la Fondation, ainsi que la presse locale.<\/p>\n<p>Le lyc\u00e9e, Lesage est un partenaire actif de cette op\u00e9ration et nous avons actuellement 3 jeunes filleuls en cours de parrainage, 2 en classe terminale et Carla en classe 1\u00e8re.<\/p>\n<p><strong>Cette ann\u00e9e, nous avons sign\u00e9 dans le Morbihan, 5 conventions : 1 au lyc\u00e9e Colbert de Lorient, 1 au lyc\u00e9e jean Mac\u00e9 de Lanester, 2 au lyc\u00e9e professionnel jean Gu\u00e9henno de Vannes, et ce jour la cinqui\u00e8me au lyc\u00e9e Lesage.<\/strong><\/p>\n<p>Ainsi la communaut\u00e9 des parrains et des filleuls du Morbihan continue sur sa lanc\u00e9e.<\/p>\n<p>&nbsp;<\/p>\n<p>Guy Sinel Coordinateur R\u00e9gional Fondation Un Avenir Ensemble<\/p>\n<p>Pr\u00e9sident du Comit\u00e9 du Pays de Lorient SMLH.<\/p>\n<figure id=\"attachment_8422\" aria-describedby=\"caption-attachment-8422\" style=\"width: 600px\" class=\"wp-caption aligncenter\"><img loading=\"lazy\" decoding=\"async\" class=\"size-medium wp-image-8422\" src=\"http:\/\/www.semlh-morbihan.fr\/wordpress\/wp-content\/uploads\/2023\/01\/IMG_20221110_174130-scaled-e1674484968442-600x450.jpg\" alt=\"\" width=\"600\" height=\"450\" srcset=\"http:\/\/www.semlh-morbihan.fr\/wordpress\/wp-content\/uploads\/2023\/01\/IMG_20221110_174130-scaled-e1674484968442-600x450.jpg 600w, http:\/\/www.semlh-morbihan.fr\/wordpress\/wp-content\/uploads\/2023\/01\/IMG_20221110_174130-scaled-e1674484968442-1024x768.jpg 1024w, http:\/\/www.semlh-morbihan.fr\/wordpress\/wp-content\/uploads\/2023\/01\/IMG_20221110_174130-scaled-e1674484968442-768x576.jpg 768w, http:\/\/www.semlh-morbihan.fr\/wordpress\/wp-content\/uploads\/2023\/01\/IMG_20221110_174130-scaled-e1674484968442-1536x1152.jpg 1536w, http:\/\/www.semlh-morbihan.fr\/wordpress\/wp-content\/uploads\/2023\/01\/IMG_20221110_174130-scaled-e1674484968442-1218x914.jpg 1218w, http:\/\/www.semlh-morbihan.fr\/wordpress\/wp-content\/uploads\/2023\/01\/IMG_20221110_174130-scaled-e1674484968442-480x360.jpg 480w, http:\/\/www.semlh-morbihan.fr\/wordpress\/wp-content\/uploads\/2023\/01\/IMG_20221110_174130-scaled-e1674484968442.jpg 1600w\" sizes=\"auto, (max-width: 600px) 100vw, 600px\" \/><figcaption id=\"caption-attachment-8422\" class=\"wp-caption-text\">Autour de la filleule signant la convention :<br \/>de gauche \u00e0 droite : le parrain, F. Riou, la m\u00e8re de la filleule, la proviseure Mme R\u00e9gnier et Guy Sinel pr\u00e9sident du comit\u00e9<\/figcaption><\/figure>\n<p>&nbsp;<\/p>\n","protected":false},"excerpt":{"rendered":"<p>&nbsp; En Morbihan, nouveau parrainage au lyc\u00e9e Lesage de Vannes, dans le cadre de la Fondation \u00a0\u00bb Un Avenir Ensemble\u00a0\u00bb de la Grande Chancellerie de&#8230;<\/p>\n","protected":false},"author":329,"featured_media":8422,"comment_status":"closed","ping_status":"open","sticky":false,"template":"","format":"standard","meta":{"footnotes":""},"categories":[355,343],"tags":[612],"class_list":["post-8421","post","type-post","status-publish","format-standard","has-post-thumbnail","hentry","category-actualites-comite-de-lorient","category-comite-de-lorient","tag-fondation-un-avenir-ensemble","wpcat-355-id","wpcat-343-id"],"_links":{"self":[{"href":"http:\/\/www.semlh-morbihan.fr\/wordpress\/wp-json\/wp\/v2\/posts\/8421","targetHints":{"allow":["GET"]}}],"collection":[{"href":"http:\/\/www.semlh-morbihan.fr\/wordpress\/wp-json\/wp\/v2\/posts"}],"about":[{"href":"http:\/\/www.semlh-morbihan.fr\/wordpress\/wp-json\/wp\/v2\/types\/post"}],"author":[{"embeddable":true,"href":"http:\/\/www.semlh-morbihan.fr\/wordpress\/wp-json\/wp\/v2\/users\/329"}],"replies":[{"embeddable":true,"href":"http:\/\/www.semlh-morbihan.fr\/wordpress\/wp-json\/wp\/v2\/comments?post=8421"}],"version-history":[{"count":3,"href":"http:\/\/www.semlh-morbihan.fr\/wordpress\/wp-json\/wp\/v2\/posts\/8421\/revisions"}],"predecessor-version":[{"id":8426,"href":"http:\/\/www.semlh-morbihan.fr\/wordpress\/wp-json\/wp\/v2\/posts\/8421\/revisions\/8426"}],"wp:featuredmedia":[{"embeddable":true,"href":"http:\/\/www.semlh-morbihan.fr\/wordpress\/wp-json\/wp\/v2\/media\/8422"}],"wp:attachment":[{"href":"http:\/\/www.semlh-morbihan.fr\/wordpress\/wp-json\/wp\/v2\/media?parent=8421"}],"wp:term":[{"taxonomy":"category","embeddable":true,"href":"http:\/\/www.semlh-morbihan.fr\/wordpress\/wp-json\/wp\/v2\/categories?post=8421"},{"taxonomy":"post_tag","embeddable":true,"href":"http:\/\/www.semlh-morbihan.fr\/wordpress\/wp-json\/wp\/v2\/tags?post=8421"}],"curies":[{"name":"wp","href":"https:\/\/api.w.org\/{rel}","templated":true}]}}