{"id":8443,"date":"2023-06-20T17:09:15","date_gmt":"2023-06-20T15:09:15","guid":{"rendered":"http:\/\/www.semlh-morbihan.fr\/wordpress\/?p=8443"},"modified":"2024-02-12T17:04:23","modified_gmt":"2024-02-12T16:04:23","slug":"les-conferences-de-la-10eme-session-de-laction-devenir-francais","status":"publish","type":"post","link":"http:\/\/www.semlh-morbihan.fr\/wordpress\/2023\/06\/20\/les-conferences-de-la-10eme-session-de-laction-devenir-francais\/","title":{"rendered":"Les conf\u00e9rences de la 10\u00e8me session de l&rsquo;action \u00ab\u00a0Devenir Fran\u00e7ais\u00a0\u00bb"},"content":{"rendered":"<figure id=\"attachment_8874\" aria-describedby=\"caption-attachment-8874\" style=\"width: 385px\" class=\"wp-caption aligncenter\"><img loading=\"lazy\" decoding=\"async\" class=\"size-medium wp-image-8874\" src=\"http:\/\/www.semlh-morbihan.fr\/wordpress\/wp-content\/uploads\/2023\/03\/photo-de-fin-de-session-au-conseil-departemental-385x600.jpg\" alt=\"\" width=\"385\" height=\"600\" srcset=\"http:\/\/www.semlh-morbihan.fr\/wordpress\/wp-content\/uploads\/2023\/03\/photo-de-fin-de-session-au-conseil-departemental-385x600.jpg 385w, http:\/\/www.semlh-morbihan.fr\/wordpress\/wp-content\/uploads\/2023\/03\/photo-de-fin-de-session-au-conseil-departemental-658x1024.jpg 658w, http:\/\/www.semlh-morbihan.fr\/wordpress\/wp-content\/uploads\/2023\/03\/photo-de-fin-de-session-au-conseil-departemental-768x1196.jpg 768w, http:\/\/www.semlh-morbihan.fr\/wordpress\/wp-content\/uploads\/2023\/03\/photo-de-fin-de-session-au-conseil-departemental-987x1536.jpg 987w, http:\/\/www.semlh-morbihan.fr\/wordpress\/wp-content\/uploads\/2023\/03\/photo-de-fin-de-session-au-conseil-departemental.jpg 1027w\" sizes=\"auto, (max-width: 385px) 100vw, 385px\" \/><figcaption id=\"caption-attachment-8874\" class=\"wp-caption-text\">article de Ouest France du 28 juin 2023<\/figcaption><\/figure>\n<p style=\"text-align: center;\"><div id=\"metaslider-id-8942\" style=\"width: 100%; margin: 0 auto;\" class=\"ml-slider-3-108-0 metaslider metaslider-flex metaslider-8942 ml-slider has-carousel-mode ms-theme-default nav-hidden\" role=\"region\" aria-label=\"C\u00e9rmonie de cl\u00f4ture de la 10\u00e8me session au conseil d\u00e9partemental le 20 juin 2023\" data-height=\"500\" data-width=\"700\">\n    <div id=\"metaslider_container_8942\">\n        <div id=\"metaslider_8942\">\n            <ul class='slides'>\n                <li style=\"display: none; width: 100%;\" class=\"slide-8943 ms-image \" aria-roledescription=\"slide\" data-date=\"2023-07-07 19:03:32\" data-filename=\"DSC_0015-scaled-700x500.jpg\" data-slide-type=\"image\"><img loading=\"lazy\" decoding=\"async\" src=\"http:\/\/www.semlh-morbihan.fr\/wordpress\/wp-content\/uploads\/2023\/03\/DSC_0015-scaled-700x500.jpg\" height=\"500\" width=\"700\" alt=\"\" class=\"slider-8942 slide-8943 msDefaultImage\" title=\"DSC_0015\" \/><div class=\"caption-wrap\"><div class=\"caption\">photo de Ouest-France de fin de session au conseil d\u00e9partemental<\/div><\/div><\/li>\n                <li style=\"display: none; width: 100%;\" class=\"slide-8944 ms-image \" aria-roledescription=\"slide\" data-date=\"2023-07-07 19:03:32\" data-filename=\"20230620_202020-scaled-e1688750456931-700x500.jpg\" data-slide-type=\"image\"><img loading=\"lazy\" decoding=\"async\" src=\"http:\/\/www.semlh-morbihan.fr\/wordpress\/wp-content\/uploads\/2023\/06\/20230620_202020-scaled-e1688750456931-700x500.jpg\" height=\"500\" width=\"700\" alt=\"\" class=\"slider-8942 slide-8944 msDefaultImage\" title=\"20230620_202020\" \/><\/li>\n                <li style=\"display: none; width: 100%;\" class=\"slide-8945 ms-image \" aria-roledescription=\"slide\" data-date=\"2023-07-07 19:03:32\" data-filename=\"20230620_202059-scaled-e1688750539809-672x479.jpg\" data-slide-type=\"image\"><img loading=\"lazy\" decoding=\"async\" src=\"http:\/\/www.semlh-morbihan.fr\/wordpress\/wp-content\/uploads\/2023\/06\/20230620_202059-scaled-e1688750539809-672x479.jpg\" height=\"500\" width=\"700\" alt=\"\" class=\"slider-8942 slide-8945 msDefaultImage\" title=\"20230620_202059\" \/><\/li>\n                <li style=\"display: none; width: 100%;\" class=\"slide-8946 ms-image \" aria-roledescription=\"slide\" data-date=\"2023-07-07 19:03:32\" data-filename=\"20230620_202126-scaled-700x500.jpg\" data-slide-type=\"image\"><img loading=\"lazy\" decoding=\"async\" src=\"http:\/\/www.semlh-morbihan.fr\/wordpress\/wp-content\/uploads\/2023\/06\/20230620_202126-scaled-700x500.jpg\" height=\"500\" width=\"700\" alt=\"\" class=\"slider-8942 slide-8946 msDefaultImage\" title=\"20230620_202126\" \/><\/li>\n                <li style=\"display: none; width: 100%;\" class=\"slide-8947 ms-image \" aria-roledescription=\"slide\" data-date=\"2023-07-07 19:03:32\" data-filename=\"20230620_202356-scaled-700x500.jpg\" data-slide-type=\"image\"><img loading=\"lazy\" decoding=\"async\" src=\"http:\/\/www.semlh-morbihan.fr\/wordpress\/wp-content\/uploads\/2023\/06\/20230620_202356-scaled-700x500.jpg\" height=\"500\" width=\"700\" alt=\"\" class=\"slider-8942 slide-8947 msDefaultImage\" title=\"20230620_202356\" \/><\/li>\n                <li style=\"display: none; width: 100%;\" class=\"slide-8948 ms-image \" aria-roledescription=\"slide\" data-date=\"2023-07-07 19:03:32\" data-filename=\"20230620_202322-scaled-e1688750714147-700x500.jpg\" data-slide-type=\"image\"><img loading=\"lazy\" decoding=\"async\" src=\"http:\/\/www.semlh-morbihan.fr\/wordpress\/wp-content\/uploads\/2023\/06\/20230620_202322-scaled-e1688750714147-700x500.jpg\" height=\"500\" width=\"700\" alt=\"\" class=\"slider-8942 slide-8948 msDefaultImage\" title=\"20230620_202322\" \/><\/li>\n                <li style=\"display: none; width: 100%;\" class=\"slide-8949 ms-image \" aria-roledescription=\"slide\" data-date=\"2023-07-07 19:03:32\" data-filename=\"20230620_202253-scaled-e1688750644740-700x500.jpg\" data-slide-type=\"image\"><img loading=\"lazy\" decoding=\"async\" src=\"http:\/\/www.semlh-morbihan.fr\/wordpress\/wp-content\/uploads\/2023\/06\/20230620_202253-scaled-e1688750644740-700x500.jpg\" height=\"500\" width=\"700\" alt=\"\" class=\"slider-8942 slide-8949 msDefaultImage\" title=\"20230620_202253\" \/><\/li>\n                <li style=\"display: none; width: 100%;\" class=\"slide-8950 ms-image \" aria-roledescription=\"slide\" data-date=\"2023-07-07 19:03:32\" data-filename=\"20230620_202251-scaled-e1688750583573-700x500.jpg\" data-slide-type=\"image\"><img loading=\"lazy\" decoding=\"async\" src=\"http:\/\/www.semlh-morbihan.fr\/wordpress\/wp-content\/uploads\/2023\/06\/20230620_202251-scaled-e1688750583573-700x500.jpg\" height=\"500\" width=\"700\" alt=\"\" class=\"slider-8942 slide-8950 msDefaultImage\" title=\"20230620_202251\" \/><\/li>\n                <li style=\"display: none; width: 100%;\" class=\"slide-8951 ms-image \" aria-roledescription=\"slide\" data-date=\"2023-07-07 19:03:32\" data-filename=\"20230620_202228-scaled-700x500.jpg\" data-slide-type=\"image\"><img loading=\"lazy\" decoding=\"async\" src=\"http:\/\/www.semlh-morbihan.fr\/wordpress\/wp-content\/uploads\/2023\/06\/20230620_202228-scaled-700x500.jpg\" height=\"500\" width=\"700\" alt=\"\" class=\"slider-8942 slide-8951 msDefaultImage\" title=\"20230620_202228\" \/><\/li>\n                <li style=\"display: none; width: 100%;\" class=\"slide-8952 ms-image \" aria-roledescription=\"slide\" data-date=\"2023-07-07 19:03:32\" data-filename=\"20230620_202220-scaled-700x500.jpg\" data-slide-type=\"image\"><img loading=\"lazy\" decoding=\"async\" src=\"http:\/\/www.semlh-morbihan.fr\/wordpress\/wp-content\/uploads\/2023\/06\/20230620_202220-scaled-700x500.jpg\" height=\"500\" width=\"700\" alt=\"\" class=\"slider-8942 slide-8952 msDefaultImage\" title=\"20230620_202220\" \/><\/li>\n                <li style=\"display: none; width: 100%;\" class=\"slide-8953 ms-image \" aria-roledescription=\"slide\" data-date=\"2023-07-07 19:03:33\" data-filename=\"20230620_202136-scaled-700x500.jpg\" data-slide-type=\"image\"><img loading=\"lazy\" decoding=\"async\" src=\"http:\/\/www.semlh-morbihan.fr\/wordpress\/wp-content\/uploads\/2023\/06\/20230620_202136-scaled-700x500.jpg\" height=\"500\" width=\"700\" alt=\"\" class=\"slider-8942 slide-8953 msDefaultImage\" title=\"20230620_202136\" \/><\/li>\n                <li style=\"display: none; width: 100%;\" class=\"slide-8954 ms-image \" aria-roledescription=\"slide\" data-date=\"2023-07-07 19:03:33\" data-filename=\"20230620_194410-scaled-700x500.jpg\" data-slide-type=\"image\"><img loading=\"lazy\" decoding=\"async\" src=\"http:\/\/www.semlh-morbihan.fr\/wordpress\/wp-content\/uploads\/2023\/06\/20230620_194410-scaled-700x500.jpg\" height=\"500\" width=\"700\" alt=\"\" class=\"slider-8942 slide-8954 msDefaultImage\" title=\"20230620_194410\" \/><\/li>\n                <li style=\"display: none; width: 100%;\" class=\"slide-8955 ms-image \" aria-roledescription=\"slide\" data-date=\"2023-07-07 19:03:33\" data-filename=\"20230620_194411-scaled-700x500.jpg\" data-slide-type=\"image\"><img loading=\"lazy\" decoding=\"async\" src=\"http:\/\/www.semlh-morbihan.fr\/wordpress\/wp-content\/uploads\/2023\/06\/20230620_194411-scaled-700x500.jpg\" height=\"500\" width=\"700\" alt=\"\" class=\"slider-8942 slide-8955 msDefaultImage\" title=\"20230620_194411\" \/><\/li>\n                <li style=\"display: none; width: 100%;\" class=\"slide-8956 ms-image \" aria-roledescription=\"slide\" data-date=\"2023-07-07 19:03:33\" data-filename=\"20230620_195338-scaled-700x500.jpg\" data-slide-type=\"image\"><img loading=\"lazy\" decoding=\"async\" src=\"http:\/\/www.semlh-morbihan.fr\/wordpress\/wp-content\/uploads\/2023\/06\/20230620_195338-scaled-700x500.jpg\" height=\"500\" width=\"700\" alt=\"\" class=\"slider-8942 slide-8956 msDefaultImage\" title=\"20230620_195338\" \/><\/li>\n                <li style=\"display: none; width: 100%;\" class=\"slide-8957 ms-image \" aria-roledescription=\"slide\" data-date=\"2023-07-07 19:03:33\" data-filename=\"20230620_195340-scaled-700x500.jpg\" data-slide-type=\"image\"><img loading=\"lazy\" decoding=\"async\" src=\"http:\/\/www.semlh-morbihan.fr\/wordpress\/wp-content\/uploads\/2023\/06\/20230620_195340-scaled-700x500.jpg\" height=\"500\" width=\"700\" alt=\"\" class=\"slider-8942 slide-8957 msDefaultImage\" title=\"20230620_195340\" \/><\/li>\n                <li style=\"display: none; width: 100%;\" class=\"slide-8958 ms-image \" aria-roledescription=\"slide\" data-date=\"2023-07-07 19:03:33\" data-filename=\"20230620_195453-scaled-700x500.jpg\" data-slide-type=\"image\"><img loading=\"lazy\" decoding=\"async\" src=\"http:\/\/www.semlh-morbihan.fr\/wordpress\/wp-content\/uploads\/2023\/06\/20230620_195453-scaled-700x500.jpg\" height=\"500\" width=\"700\" alt=\"\" class=\"slider-8942 slide-8958 msDefaultImage\" title=\"20230620_195453\" \/><\/li>\n                <li style=\"display: none; width: 100%;\" class=\"slide-8959 ms-image \" aria-roledescription=\"slide\" data-date=\"2023-07-07 19:03:33\" data-filename=\"20230620_195523-scaled-700x500.jpg\" data-slide-type=\"image\"><img loading=\"lazy\" decoding=\"async\" src=\"http:\/\/www.semlh-morbihan.fr\/wordpress\/wp-content\/uploads\/2023\/06\/20230620_195523-scaled-700x500.jpg\" height=\"500\" width=\"700\" alt=\"\" class=\"slider-8942 slide-8959 msDefaultImage\" title=\"20230620_195523\" \/><\/li>\n                <li style=\"display: none; width: 100%;\" class=\"slide-8960 ms-image \" aria-roledescription=\"slide\" data-date=\"2023-07-07 19:03:33\" data-filename=\"20230620_195528-scaled-700x500.jpg\" data-slide-type=\"image\"><img loading=\"lazy\" decoding=\"async\" src=\"http:\/\/www.semlh-morbihan.fr\/wordpress\/wp-content\/uploads\/2023\/06\/20230620_195528-scaled-700x500.jpg\" height=\"500\" width=\"700\" alt=\"\" class=\"slider-8942 slide-8960 msDefaultImage\" title=\"20230620_195528\" \/><\/li>\n                <li style=\"display: none; width: 100%;\" class=\"slide-8961 ms-image \" aria-roledescription=\"slide\" data-date=\"2023-07-07 19:03:33\" data-filename=\"20230620_195914-scaled-700x500.jpg\" data-slide-type=\"image\"><img loading=\"lazy\" decoding=\"async\" src=\"http:\/\/www.semlh-morbihan.fr\/wordpress\/wp-content\/uploads\/2023\/06\/20230620_195914-scaled-700x500.jpg\" height=\"500\" width=\"700\" alt=\"\" class=\"slider-8942 slide-8961 msDefaultImage\" title=\"20230620_195914\" \/><\/li>\n                <li style=\"display: none; width: 100%;\" class=\"slide-8962 ms-image \" aria-roledescription=\"slide\" data-date=\"2023-07-07 19:03:33\" data-filename=\"20230620_195909-scaled-700x500.jpg\" data-slide-type=\"image\"><img loading=\"lazy\" decoding=\"async\" src=\"http:\/\/www.semlh-morbihan.fr\/wordpress\/wp-content\/uploads\/2023\/06\/20230620_195909-scaled-700x500.jpg\" height=\"500\" width=\"700\" alt=\"\" class=\"slider-8942 slide-8962 msDefaultImage\" title=\"20230620_195909\" \/><div class=\"caption-wrap\"><div class=\"caption\">le vice-pr\u00e9sident Azgag du conseil d\u00e9partemental prend la parole<\/div><\/div><\/li>\n                <li style=\"display: none; width: 100%;\" class=\"slide-8963 ms-image \" aria-roledescription=\"slide\" data-date=\"2023-07-07 19:03:33\" data-filename=\"20230620_195759-scaled-700x500.jpg\" data-slide-type=\"image\"><img loading=\"lazy\" decoding=\"async\" src=\"http:\/\/www.semlh-morbihan.fr\/wordpress\/wp-content\/uploads\/2023\/06\/20230620_195759-scaled-700x500.jpg\" height=\"500\" width=\"700\" alt=\"\" class=\"slider-8942 slide-8963 msDefaultImage\" title=\"20230620_195759\" \/><\/li>\n                <li style=\"display: none; width: 100%;\" class=\"slide-8964 ms-image \" aria-roledescription=\"slide\" data-date=\"2023-07-07 19:03:33\" data-filename=\"20230620_195736-scaled-e1688750300559-700x500.jpg\" data-slide-type=\"image\"><img loading=\"lazy\" decoding=\"async\" src=\"http:\/\/www.semlh-morbihan.fr\/wordpress\/wp-content\/uploads\/2023\/06\/20230620_195736-scaled-e1688750300559-700x500.jpg\" height=\"500\" width=\"700\" alt=\"\" class=\"slider-8942 slide-8964 msDefaultImage\" title=\"20230620_195736\" \/><\/li>\n                <li style=\"display: none; width: 100%;\" class=\"slide-8965 ms-image \" aria-roledescription=\"slide\" data-date=\"2023-07-07 19:03:33\" data-filename=\"20230620_195650-scaled-700x500.jpg\" data-slide-type=\"image\"><img loading=\"lazy\" decoding=\"async\" src=\"http:\/\/www.semlh-morbihan.fr\/wordpress\/wp-content\/uploads\/2023\/06\/20230620_195650-scaled-700x500.jpg\" height=\"500\" width=\"700\" alt=\"\" class=\"slider-8942 slide-8965 msDefaultImage\" title=\"20230620_195650\" \/><\/li>\n                <li style=\"display: none; width: 100%;\" class=\"slide-8966 ms-image \" aria-roledescription=\"slide\" data-date=\"2023-07-07 19:03:33\" data-filename=\"20230620_195625-scaled-700x500.jpg\" data-slide-type=\"image\"><img loading=\"lazy\" decoding=\"async\" src=\"http:\/\/www.semlh-morbihan.fr\/wordpress\/wp-content\/uploads\/2023\/06\/20230620_195625-scaled-700x500.jpg\" height=\"500\" width=\"700\" alt=\"\" class=\"slider-8942 slide-8966 msDefaultImage\" title=\"20230620_195625\" \/><\/li>\n                <li style=\"display: none; width: 100%;\" class=\"slide-8967 ms-image \" aria-roledescription=\"slide\" data-date=\"2023-07-07 19:03:34\" data-filename=\"20230620_195620-scaled-700x500.jpg\" data-slide-type=\"image\"><img loading=\"lazy\" decoding=\"async\" src=\"http:\/\/www.semlh-morbihan.fr\/wordpress\/wp-content\/uploads\/2023\/06\/20230620_195620-scaled-700x500.jpg\" height=\"500\" width=\"700\" alt=\"\" class=\"slider-8942 slide-8967 msDefaultImage\" title=\"20230620_195620\" \/><div class=\"caption-wrap\"><div class=\"caption\">Mme Christine Hervo\u00ebt, vice-rp\u00e9sidente du conseil d\u00e9partemental, prend la parole<\/div><\/div><\/li>\n                <li style=\"display: none; width: 100%;\" class=\"slide-8968 ms-image \" aria-roledescription=\"slide\" data-date=\"2023-07-07 19:03:34\" data-filename=\"20230620_201212-scaled-700x500.jpg\" data-slide-type=\"image\"><img loading=\"lazy\" decoding=\"async\" src=\"http:\/\/www.semlh-morbihan.fr\/wordpress\/wp-content\/uploads\/2023\/06\/20230620_201212-scaled-700x500.jpg\" height=\"500\" width=\"700\" alt=\"\" class=\"slider-8942 slide-8968 msDefaultImage\" title=\"20230620_201212\" \/><\/li>\n                <li style=\"display: none; width: 100%;\" class=\"slide-8969 ms-image \" aria-roledescription=\"slide\" data-date=\"2023-07-07 19:03:34\" data-filename=\"20230620_200744-scaled-700x500.jpg\" data-slide-type=\"image\"><img loading=\"lazy\" decoding=\"async\" src=\"http:\/\/www.semlh-morbihan.fr\/wordpress\/wp-content\/uploads\/2023\/06\/20230620_200744-scaled-700x500.jpg\" height=\"500\" width=\"700\" alt=\"\" class=\"slider-8942 slide-8969 msDefaultImage\" title=\"20230620_200744\" \/><\/li>\n                <li style=\"display: none; width: 100%;\" class=\"slide-8970 ms-image \" aria-roledescription=\"slide\" data-date=\"2023-07-07 19:03:34\" data-filename=\"20230620_200604-scaled-700x500.jpg\" data-slide-type=\"image\"><img loading=\"lazy\" decoding=\"async\" src=\"http:\/\/www.semlh-morbihan.fr\/wordpress\/wp-content\/uploads\/2023\/06\/20230620_200604-scaled-700x500.jpg\" height=\"500\" width=\"700\" alt=\"\" class=\"slider-8942 slide-8970 msDefaultImage\" title=\"20230620_200604\" \/><\/li>\n                <li style=\"display: none; width: 100%;\" class=\"slide-8971 ms-image \" aria-roledescription=\"slide\" data-date=\"2023-07-07 19:03:34\" data-filename=\"20230620_200547-scaled-700x500.jpg\" data-slide-type=\"image\"><img loading=\"lazy\" decoding=\"async\" src=\"http:\/\/www.semlh-morbihan.fr\/wordpress\/wp-content\/uploads\/2023\/06\/20230620_200547-scaled-700x500.jpg\" height=\"500\" width=\"700\" alt=\"\" class=\"slider-8942 slide-8971 msDefaultImage\" title=\"20230620_200547\" \/><\/li>\n                <li style=\"display: none; width: 100%;\" class=\"slide-8972 ms-image \" aria-roledescription=\"slide\" data-date=\"2023-07-07 19:03:34\" data-filename=\"20230620_200500-scaled-700x500.jpg\" data-slide-type=\"image\"><img loading=\"lazy\" decoding=\"async\" src=\"http:\/\/www.semlh-morbihan.fr\/wordpress\/wp-content\/uploads\/2023\/06\/20230620_200500-scaled-700x500.jpg\" height=\"500\" width=\"700\" alt=\"\" class=\"slider-8942 slide-8972 msDefaultImage\" title=\"20230620_200500\" \/><\/li>\n                <li style=\"display: none; width: 100%;\" class=\"slide-8973 ms-image \" aria-roledescription=\"slide\" data-date=\"2023-07-07 19:03:34\" data-filename=\"20230620_200335-scaled-700x500.jpg\" data-slide-type=\"image\"><img loading=\"lazy\" decoding=\"async\" src=\"http:\/\/www.semlh-morbihan.fr\/wordpress\/wp-content\/uploads\/2023\/06\/20230620_200335-scaled-700x500.jpg\" height=\"500\" width=\"700\" alt=\"\" class=\"slider-8942 slide-8973 msDefaultImage\" title=\"20230620_200335\" \/><\/li>\n                <li style=\"display: none; width: 100%;\" class=\"slide-8974 ms-image \" aria-roledescription=\"slide\" data-date=\"2023-07-07 19:03:34\" data-filename=\"20230620_200310-scaled-700x500.jpg\" data-slide-type=\"image\"><img loading=\"lazy\" decoding=\"async\" src=\"http:\/\/www.semlh-morbihan.fr\/wordpress\/wp-content\/uploads\/2023\/06\/20230620_200310-scaled-700x500.jpg\" height=\"500\" width=\"700\" alt=\"\" class=\"slider-8942 slide-8974 msDefaultImage\" title=\"20230620_200310\" \/><\/li>\n                <li style=\"display: none; width: 100%;\" class=\"slide-8975 ms-image \" aria-roledescription=\"slide\" data-date=\"2023-07-07 19:03:34\" data-filename=\"20230620_201450-scaled-700x500.jpg\" data-slide-type=\"image\"><img loading=\"lazy\" decoding=\"async\" src=\"http:\/\/www.semlh-morbihan.fr\/wordpress\/wp-content\/uploads\/2023\/06\/20230620_201450-scaled-700x500.jpg\" height=\"500\" width=\"700\" alt=\"\" class=\"slider-8942 slide-8975 msDefaultImage\" title=\"20230620_201450\" \/><\/li>\n                <li style=\"display: none; width: 100%;\" class=\"slide-8976 ms-image \" aria-roledescription=\"slide\" data-date=\"2023-07-07 19:03:34\" data-filename=\"20230620_201403-scaled-700x500.jpg\" data-slide-type=\"image\"><img loading=\"lazy\" decoding=\"async\" src=\"http:\/\/www.semlh-morbihan.fr\/wordpress\/wp-content\/uploads\/2023\/06\/20230620_201403-scaled-700x500.jpg\" height=\"500\" width=\"700\" alt=\"\" class=\"slider-8942 slide-8976 msDefaultImage\" title=\"20230620_201403\" \/><\/li>\n                <li style=\"display: none; width: 100%;\" class=\"slide-8977 ms-image \" aria-roledescription=\"slide\" data-date=\"2023-07-07 19:03:34\" data-filename=\"20230620_201357-scaled-700x500.jpg\" data-slide-type=\"image\"><img loading=\"lazy\" decoding=\"async\" src=\"http:\/\/www.semlh-morbihan.fr\/wordpress\/wp-content\/uploads\/2023\/06\/20230620_201357-scaled-700x500.jpg\" height=\"500\" width=\"700\" alt=\"\" class=\"slider-8942 slide-8977 msDefaultImage\" title=\"20230620_201357\" \/><\/li>\n                <li style=\"display: none; width: 100%;\" class=\"slide-8978 ms-image \" aria-roledescription=\"slide\" data-date=\"2023-07-07 19:03:34\" data-filename=\"20230620_201335-scaled-700x500.jpg\" data-slide-type=\"image\"><img loading=\"lazy\" decoding=\"async\" src=\"http:\/\/www.semlh-morbihan.fr\/wordpress\/wp-content\/uploads\/2023\/06\/20230620_201335-scaled-700x500.jpg\" height=\"500\" width=\"700\" alt=\"\" class=\"slider-8942 slide-8978 msDefaultImage\" title=\"20230620_201335\" \/><\/li>\n                <li style=\"display: none; width: 100%;\" class=\"slide-8979 ms-image \" aria-roledescription=\"slide\" data-date=\"2023-07-07 19:03:34\" data-filename=\"20230620_201310-scaled-700x500.jpg\" data-slide-type=\"image\"><img loading=\"lazy\" decoding=\"async\" src=\"http:\/\/www.semlh-morbihan.fr\/wordpress\/wp-content\/uploads\/2023\/06\/20230620_201310-scaled-700x500.jpg\" height=\"500\" width=\"700\" alt=\"\" class=\"slider-8942 slide-8979 msDefaultImage\" title=\"20230620_201310\" \/><\/li>\n                <li style=\"display: none; width: 100%;\" class=\"slide-8980 ms-image \" aria-roledescription=\"slide\" data-date=\"2023-07-07 19:03:35\" data-filename=\"20230620_201239-scaled-700x500.jpg\" data-slide-type=\"image\"><img loading=\"lazy\" decoding=\"async\" src=\"http:\/\/www.semlh-morbihan.fr\/wordpress\/wp-content\/uploads\/2023\/06\/20230620_201239-scaled-700x500.jpg\" height=\"500\" width=\"700\" alt=\"\" class=\"slider-8942 slide-8980 msDefaultImage\" title=\"20230620_201239\" \/><\/li>\n                <li style=\"display: none; width: 100%;\" class=\"slide-8981 ms-image \" aria-roledescription=\"slide\" data-date=\"2023-07-07 19:03:35\" data-filename=\"20230620_201231-scaled-700x500.jpg\" data-slide-type=\"image\"><img loading=\"lazy\" decoding=\"async\" src=\"http:\/\/www.semlh-morbihan.fr\/wordpress\/wp-content\/uploads\/2023\/06\/20230620_201231-scaled-700x500.jpg\" height=\"500\" width=\"700\" alt=\"\" class=\"slider-8942 slide-8981 msDefaultImage\" title=\"20230620_201231\" \/><\/li>\n                <li style=\"display: none; width: 100%;\" class=\"slide-8982 ms-image \" aria-roledescription=\"slide\" data-date=\"2023-07-07 19:03:35\" data-filename=\"20230620_201743-scaled-e1688750098777-700x500.jpg\" data-slide-type=\"image\"><img loading=\"lazy\" decoding=\"async\" src=\"http:\/\/www.semlh-morbihan.fr\/wordpress\/wp-content\/uploads\/2023\/06\/20230620_201743-scaled-e1688750098777-700x500.jpg\" height=\"500\" width=\"700\" alt=\"\" class=\"slider-8942 slide-8982 msDefaultImage\" title=\"20230620_201743\" \/><\/li>\n                <li style=\"display: none; width: 100%;\" class=\"slide-8983 ms-image \" aria-roledescription=\"slide\" data-date=\"2023-07-07 19:03:35\" data-filename=\"20230620_201658-scaled-e1688750195451-700x500.jpg\" data-slide-type=\"image\"><img loading=\"lazy\" decoding=\"async\" src=\"http:\/\/www.semlh-morbihan.fr\/wordpress\/wp-content\/uploads\/2023\/06\/20230620_201658-scaled-e1688750195451-700x500.jpg\" height=\"500\" width=\"700\" alt=\"\" class=\"slider-8942 slide-8983 msDefaultImage\" title=\"20230620_201658\" \/><\/li>\n                <li style=\"display: none; width: 100%;\" class=\"slide-8984 ms-image \" aria-roledescription=\"slide\" data-date=\"2023-07-07 19:03:35\" data-filename=\"20230620_201639-scaled-700x500.jpg\" data-slide-type=\"image\"><img loading=\"lazy\" decoding=\"async\" src=\"http:\/\/www.semlh-morbihan.fr\/wordpress\/wp-content\/uploads\/2023\/06\/20230620_201639-scaled-700x500.jpg\" height=\"500\" width=\"700\" alt=\"\" class=\"slider-8942 slide-8984 msDefaultImage\" title=\"20230620_201639\" \/><\/li>\n                <li style=\"display: none; width: 100%;\" class=\"slide-8985 ms-image \" aria-roledescription=\"slide\" data-date=\"2023-07-07 19:03:35\" data-filename=\"20230620_201610-scaled-700x500.jpg\" data-slide-type=\"image\"><img loading=\"lazy\" decoding=\"async\" src=\"http:\/\/www.semlh-morbihan.fr\/wordpress\/wp-content\/uploads\/2023\/06\/20230620_201610-scaled-700x500.jpg\" height=\"500\" width=\"700\" alt=\"\" class=\"slider-8942 slide-8985 msDefaultImage\" title=\"20230620_201610\" \/><\/li>\n                <li style=\"display: none; width: 100%;\" class=\"slide-8986 ms-image \" aria-roledescription=\"slide\" data-date=\"2023-07-07 19:03:35\" data-filename=\"20230620_201544-scaled-e1688750253823-700x500.jpg\" data-slide-type=\"image\"><img loading=\"lazy\" decoding=\"async\" src=\"http:\/\/www.semlh-morbihan.fr\/wordpress\/wp-content\/uploads\/2023\/06\/20230620_201544-scaled-e1688750253823-700x500.jpg\" height=\"500\" width=\"700\" alt=\"\" class=\"slider-8942 slide-8986 msDefaultImage\" title=\"20230620_201544\" \/><\/li>\n                <li style=\"display: none; width: 100%;\" class=\"slide-8987 ms-image \" aria-roledescription=\"slide\" data-date=\"2023-07-07 19:03:35\" data-filename=\"20230620_201543-scaled-700x500.jpg\" data-slide-type=\"image\"><img loading=\"lazy\" decoding=\"async\" src=\"http:\/\/www.semlh-morbihan.fr\/wordpress\/wp-content\/uploads\/2023\/06\/20230620_201543-scaled-700x500.jpg\" height=\"500\" width=\"700\" alt=\"\" class=\"slider-8942 slide-8987 msDefaultImage\" title=\"20230620_201543\" \/><\/li>\n                <li style=\"display: none; width: 100%;\" class=\"slide-8988 ms-image \" aria-roledescription=\"slide\" data-date=\"2023-07-07 19:03:35\" data-filename=\"20230620_2015170-scaled-700x500.jpg\" data-slide-type=\"image\"><img loading=\"lazy\" decoding=\"async\" src=\"http:\/\/www.semlh-morbihan.fr\/wordpress\/wp-content\/uploads\/2023\/06\/20230620_2015170-scaled-700x500.jpg\" height=\"500\" width=\"700\" alt=\"\" class=\"slider-8942 slide-8988 msDefaultImage\" title=\"20230620_201517(0)\" \/><\/li>\n                <li style=\"display: none; width: 100%;\" class=\"slide-8989 ms-image \" aria-roledescription=\"slide\" data-date=\"2023-07-07 19:03:35\" data-filename=\"IMG20230601163404-scaled-e1688748555414-700x500.jpg\" data-slide-type=\"image\"><img loading=\"lazy\" decoding=\"async\" src=\"http:\/\/www.semlh-morbihan.fr\/wordpress\/wp-content\/uploads\/2023\/07\/IMG20230601163404-scaled-e1688748555414-700x500.jpg\" height=\"500\" width=\"700\" alt=\"\" class=\"slider-8942 slide-8989 msDefaultImage\" title=\"charset=InvalidCharsetId\" \/><div class=\"caption-wrap\"><div class=\"caption\">intervention de membres du comit\u00e9 du pays d'Auray \u00e0 Ker Anna<\/div><\/div><\/li>\n                <li style=\"display: none; width: 100%;\" class=\"slide-8990 ms-image \" aria-roledescription=\"slide\" data-date=\"2023-07-07 19:03:35\" data-filename=\"IMG20230601162859-scaled-e1688745156235-700x500.jpg\" data-slide-type=\"image\"><img loading=\"lazy\" decoding=\"async\" src=\"http:\/\/www.semlh-morbihan.fr\/wordpress\/wp-content\/uploads\/2023\/07\/IMG20230601162859-scaled-e1688745156235-700x500.jpg\" height=\"500\" width=\"700\" alt=\"\" class=\"slider-8942 slide-8990 msDefaultImage\" title=\"charset=InvalidCharsetId\" \/><div class=\"caption-wrap\"><div class=\"caption\">intervention du comit\u00e9 du pays de Lorient au Lyc\u00e9e Ker Anna ; de doitre \u00e0 gauche, Jacques Devaux, Hubert de Lageneste et Guy Sinel<\/div><\/div><\/li>\n                <li style=\"display: none; width: 100%;\" class=\"slide-8991 ms-image \" aria-roledescription=\"slide\" data-date=\"2023-07-07 19:03:35\" data-filename=\"20230620_201934-scaled-e1688749735480-700x500.jpg\" data-slide-type=\"image\"><img loading=\"lazy\" decoding=\"async\" src=\"http:\/\/www.semlh-morbihan.fr\/wordpress\/wp-content\/uploads\/2023\/06\/20230620_201934-scaled-e1688749735480-700x500.jpg\" height=\"500\" width=\"700\" alt=\"\" class=\"slider-8942 slide-8991 msDefaultImage\" title=\"20230620_201934\" \/><\/li>\n                <li style=\"display: none; width: 100%;\" class=\"slide-8992 ms-image \" aria-roledescription=\"slide\" data-date=\"2023-07-07 19:03:35\" data-filename=\"20230620_201840-scaled-e1688749791521-700x500.jpg\" data-slide-type=\"image\"><img loading=\"lazy\" decoding=\"async\" src=\"http:\/\/www.semlh-morbihan.fr\/wordpress\/wp-content\/uploads\/2023\/06\/20230620_201840-scaled-e1688749791521-700x500.jpg\" height=\"500\" width=\"700\" alt=\"\" class=\"slider-8942 slide-8992 msDefaultImage\" title=\"20230620_201840\" \/><\/li>\n                <li style=\"display: none; width: 100%;\" class=\"slide-8993 ms-image \" aria-roledescription=\"slide\" data-date=\"2023-07-07 19:03:36\" data-filename=\"20230620_201815-scaled-e1688749826326-700x500.jpg\" data-slide-type=\"image\"><img loading=\"lazy\" decoding=\"async\" src=\"http:\/\/www.semlh-morbihan.fr\/wordpress\/wp-content\/uploads\/2023\/06\/20230620_201815-scaled-e1688749826326-700x500.jpg\" height=\"500\" width=\"700\" alt=\"\" class=\"slider-8942 slide-8993 msDefaultImage\" title=\"20230620_201815\" \/><\/li>\n                <li style=\"display: none; width: 100%;\" class=\"slide-8994 ms-image \" aria-roledescription=\"slide\" data-date=\"2023-07-07 19:03:36\" data-filename=\"20230620_201759-scaled-e1688749906442-700x500.jpg\" data-slide-type=\"image\"><img loading=\"lazy\" decoding=\"async\" src=\"http:\/\/www.semlh-morbihan.fr\/wordpress\/wp-content\/uploads\/2023\/06\/20230620_201759-scaled-e1688749906442-700x500.jpg\" height=\"500\" width=\"700\" alt=\"\" class=\"slider-8942 slide-8994 msDefaultImage\" title=\"20230620_201759\" \/><\/li>\n                <li style=\"display: none; width: 100%;\" class=\"slide-8995 ms-image \" aria-roledescription=\"slide\" data-date=\"2023-07-07 19:03:36\" data-filename=\"20230620_201744-scaled-e1688749992748-700x500.jpg\" data-slide-type=\"image\"><img loading=\"lazy\" decoding=\"async\" src=\"http:\/\/www.semlh-morbihan.fr\/wordpress\/wp-content\/uploads\/2023\/06\/20230620_201744-scaled-e1688749992748-700x500.jpg\" height=\"500\" width=\"700\" alt=\"\" class=\"slider-8942 slide-8995 msDefaultImage\" title=\"20230620_201744\" \/><\/li>\n            <\/ul>\n        <\/div>\n        \n    <\/div>\n<\/div><\/p>\n<p>&nbsp;<\/p>\n<p>Vous trouverez, ci-dessous, les diff\u00e9rents liens afin d&rsquo;acc\u00e9der aux conf\u00e9rences conduites dans la salle du conseil d\u00e9partemental, au profit des candidats \u00e0 la naturalisation en 2023. Les conf\u00e9rences sont mises en ligne \u00e0 l&rsquo;issue de leurs pr\u00e9sentations au conseil d\u00e9partemental ; le lien appara\u00eet en bleu.<\/p>\n<h3><span style=\"text-decoration: underline;\"><strong><a href=\"https:\/\/drive.google.com\/drive\/folders\/1iOwOd5bOH6n2aEIqPwNfbNnVzzr8DSk_?usp=share_link\"><span style=\"color: #0000ff; text-decoration: underline;\">1<sup>\u00e8re<\/sup> s\u00e9ance\u00a0: mardi 28 f\u00e9vrier \u2013 18H30<\/span><\/a><\/strong><\/span><\/h3>\n<p>&#8211; Accueil : pr\u00e9sentation de la SMLH et du programme de la session par le Pr\u00e9sident SMLH 56<\/p>\n<p>&#8211; La France dans le monde\u00a0\u00a0\u00a0\u00a0\u00a0\u00a0\u00a0\u00a0\u00a0\u00a0\u00a0\u00a0\u00a0\u00a0\u00a0\u00a0\u00a0\u00a0\u00a0\u00a0\u00a0\u00a0\u00a0\u00a0\u00a0\u00a0\u00a0\u00a0\u00a0\u00a0\u00a0\u00a0\u00a0\u00a0\u00a0\u00a0\u00a0\u00a0\u00a0 M. Lecomte<\/p>\n<p>&#8211; La constitution de la V\u00e8me r\u00e9publique\u00a0\u00a0\u00a0\u00a0\u00a0\u00a0\u00a0\u00a0\u00a0\u00a0\u00a0\u00a0\u00a0\u00a0\u00a0\u00a0\u00a0\u00a0 M. Lecomte<\/p>\n<h3><a href=\"https:\/\/drive.google.com\/drive\/folders\/1OcVNm4SJBMQl0yuLWGfbs1cgftw5JD_i?usp=share_link\"><span style=\"text-decoration: underline; color: #0000ff;\"><strong>2<sup>\u00e8me<\/sup> s\u00e9ance\u00a0: mardi 14 mars<\/strong><\/span><\/a><\/h3>\n<p>&#8211; Histoire de la France \u2013 1<sup>\u00e8re<\/sup> partie\u00a0\u00a0\u00a0\u00a0\u00a0\u00a0\u00a0\u00a0\u00a0\u00a0\u00a0\u00a0\u00a0\u00a0\u00a0\u00a0\u00a0\u00a0\u00a0\u00a0\u00a0\u00a0\u00a0\u00a0\u00a0\u00a0\u00a0 Mme Guillou-Moinard<\/p>\n<p>&#8211; Histoire de la France \u2013 2<sup>\u00e8me<\/sup> partie\u00a0\u00a0\u00a0\u00a0\u00a0\u00a0\u00a0\u00a0\u00a0\u00a0\u00a0\u00a0\u00a0\u00a0\u00a0\u00a0\u00a0\u00a0\u00a0\u00a0\u00a0\u00a0\u00a0\u00a0\u00a0\u00a0 M. Sauvageot<\/p>\n<p>&#8211; Les collectivit\u00e9s territoriales\u00a0\u00a0\u00a0\u00a0\u00a0\u00a0\u00a0\u00a0\u00a0\u00a0\u00a0\u00a0\u00a0\u00a0\u00a0\u00a0\u00a0\u00a0\u00a0\u00a0\u00a0\u00a0\u00a0\u00a0\u00a0\u00a0\u00a0\u00a0\u00a0\u00a0\u00a0\u00a0\u00a0\u00a0 M. Sinel, Mme Lesconnec<\/p>\n<figure id=\"attachment_8554\" aria-describedby=\"caption-attachment-8554\" style=\"width: 600px\" class=\"wp-caption aligncenter\"><img loading=\"lazy\" decoding=\"async\" class=\"size-medium wp-image-8554\" src=\"http:\/\/www.semlh-morbihan.fr\/wordpress\/wp-content\/uploads\/2023\/03\/WhatsApp-Image-2023-03-16-a-09.11.42-600x277.jpg\" alt=\"\" width=\"600\" height=\"277\" srcset=\"http:\/\/www.semlh-morbihan.fr\/wordpress\/wp-content\/uploads\/2023\/03\/WhatsApp-Image-2023-03-16-a-09.11.42-600x277.jpg 600w, http:\/\/www.semlh-morbihan.fr\/wordpress\/wp-content\/uploads\/2023\/03\/WhatsApp-Image-2023-03-16-a-09.11.42-1024x473.jpg 1024w, http:\/\/www.semlh-morbihan.fr\/wordpress\/wp-content\/uploads\/2023\/03\/WhatsApp-Image-2023-03-16-a-09.11.42-768x355.jpg 768w, http:\/\/www.semlh-morbihan.fr\/wordpress\/wp-content\/uploads\/2023\/03\/WhatsApp-Image-2023-03-16-a-09.11.42-1536x709.jpg 1536w, http:\/\/www.semlh-morbihan.fr\/wordpress\/wp-content\/uploads\/2023\/03\/WhatsApp-Image-2023-03-16-a-09.11.42-1218x563.jpg 1218w, http:\/\/www.semlh-morbihan.fr\/wordpress\/wp-content\/uploads\/2023\/03\/WhatsApp-Image-2023-03-16-a-09.11.42.jpg 1600w\" sizes=\"auto, (max-width: 600px) 100vw, 600px\" \/><figcaption id=\"caption-attachment-8554\" class=\"wp-caption-text\">photo de la 2\u00e9me s\u00e9ance au conseil d\u00e9paremental<\/figcaption><\/figure>\n<h3><span style=\"color: #0000ff;\"><strong><a style=\"color: #0000ff;\" href=\"https:\/\/drive.google.com\/drive\/folders\/1iAPdu1CdGJ6HsWO2glXJts571yTncXBY?usp=share_link\">3<sup>\u00e8me<\/sup> s\u00e9ance : mardi 4 avril<\/a><\/strong><\/span><\/h3>\n<p>&#8211; Les partis politiques et les syndicats\u00a0\u00a0\u00a0\u00a0\u00a0\u00a0\u00a0\u00a0\u00a0\u00a0\u00a0\u00a0\u00a0\u00a0\u00a0\u00a0\u00a0\u00a0\u00a0\u00a0\u00a0 M. Lecomte<\/p>\n<p>&#8211; L\u2019\u00c9ducation nationale\u00a0\u00a0\u00a0\u00a0\u00a0\u00a0\u00a0\u00a0\u00a0\u00a0\u00a0\u00a0\u00a0\u00a0\u00a0\u00a0\u00a0\u00a0\u00a0\u00a0 \u00a0\u00a0\u00a0\u00a0\u00a0\u00a0\u00a0\u00a0\u00a0\u00a0\u00a0 \u00a0\u00a0\u00a0\u00a0\u00a0\u00a0\u00a0\u00a0\u00a0\u00a0\u00a0 Mme Th\u00e9ry<\/p>\n<h3><span style=\"text-decoration: underline;\"><a href=\"https:\/\/drive.google.com\/drive\/folders\/1HQsr4cqKWDeOnQRUfbgx_2juLSkARI2N?usp=share_link\"><strong><span style=\"color: #0000ff; text-decoration: underline;\">4<sup>\u00e8me<\/sup> s\u00e9ance<\/span><\/strong><span style=\"color: #0000ff; text-decoration: underline;\">\u00a0: <\/span><\/a><\/span><span style=\"color: #0000ff;\"><strong><span style=\"text-decoration: underline;\">mardi 11 avri<\/span>l<\/strong><\/span><\/h3>\n<p>&#8211; Le principe de la\u00efcit\u00e9\u00a0\u00a0\u00a0\u00a0\u00a0\u00a0\u00a0\u00a0\u00a0\u00a0\u00a0\u00a0\u00a0\u00a0\u00a0\u00a0\u00a0\u00a0\u00a0\u00a0\u00a0\u00a0\u00a0\u00a0\u00a0\u00a0\u00a0\u00a0\u00a0\u00a0\u00a0\u00a0\u00a0\u00a0\u00a0\u00a0\u00a0\u00a0\u00a0\u00a0\u00a0\u00a0\u00a0\u00a0\u00a0\u00a0 M. Houlou<\/p>\n<p>&#8211; la justice en France\u00a0\u00a0\u00a0\u00a0\u00a0\u00a0\u00a0\u00a0\u00a0\u00a0\u00a0\u00a0\u00a0\u00a0\u00a0\u00a0\u00a0\u00a0\u00a0\u00a0\u00a0\u00a0\u00a0\u00a0\u00a0\u00a0\u00a0\u00a0\u00a0\u00a0\u00a0\u00a0\u00a0\u00a0\u00a0\u00a0\u00a0\u00a0\u00a0\u00a0\u00a0\u00a0\u00a0\u00a0\u00a0\u00a0\u00a0\u00a0 Mmes Guillou-Moinard et Beaugrand<\/p>\n<p style=\"text-align: center;\"><div id=\"metaslider-id-8689\" style=\"width: 100%; margin: 0 auto;\" class=\"ml-slider-3-108-0 metaslider metaslider-flex metaslider-8689 ml-slider has-carousel-mode ms-theme-default nav-hidden nav-hidden\" role=\"region\" aria-label=\"4\u00e8me s\u00e9ance de Devenir Fran\u00e7ais - 11 avril 2023\" data-height=\"500\" data-width=\"700\">\n    <div id=\"metaslider_container_8689\">\n        <div id=\"metaslider_8689\">\n            <ul class='slides'>\n                <li style=\"display: none; width: 100%;\" class=\"slide-8690 ms-image \" aria-roledescription=\"slide\" data-date=\"2023-04-17 19:26:21\" data-filename=\"20230411_183651-1-scaled-700x500.jpg\" data-slide-type=\"image\"><img loading=\"lazy\" decoding=\"async\" src=\"http:\/\/www.semlh-morbihan.fr\/wordpress\/wp-content\/uploads\/2023\/03\/20230411_183651-1-scaled-700x500.jpg\" height=\"500\" width=\"700\" alt=\"\" class=\"slider-8689 slide-8690 msDefaultImage\" title=\"20230411_183651-1\" \/><\/li>\n                <li style=\"display: none; width: 100%;\" class=\"slide-8691 ms-image \" aria-roledescription=\"slide\" data-date=\"2023-04-17 19:26:21\" data-filename=\"20230411_184029-1-scaled-700x500.jpg\" data-slide-type=\"image\"><img loading=\"lazy\" decoding=\"async\" src=\"http:\/\/www.semlh-morbihan.fr\/wordpress\/wp-content\/uploads\/2023\/03\/20230411_184029-1-scaled-700x500.jpg\" height=\"500\" width=\"700\" alt=\"\" class=\"slider-8689 slide-8691 msDefaultImage\" title=\"20230411_184029-1\" \/><\/li>\n                <li style=\"display: none; width: 100%;\" class=\"slide-8692 ms-image \" aria-roledescription=\"slide\" data-date=\"2023-04-17 19:26:21\" data-filename=\"20230411_184207-1-scaled-700x500.jpg\" data-slide-type=\"image\"><img loading=\"lazy\" decoding=\"async\" src=\"http:\/\/www.semlh-morbihan.fr\/wordpress\/wp-content\/uploads\/2023\/03\/20230411_184207-1-scaled-700x500.jpg\" height=\"500\" width=\"700\" alt=\"\" class=\"slider-8689 slide-8692 msDefaultImage\" title=\"20230411_184207-1\" \/><div class=\"caption-wrap\"><div class=\"caption\">M; Alain Houlou expose le sujet de la La\u00efcit\u00e9 en France<\/div><\/div><\/li>\n                <li style=\"display: none; width: 100%;\" class=\"slide-8693 ms-image \" aria-roledescription=\"slide\" data-date=\"2023-04-17 19:26:21\" data-filename=\"20230411_194412-1-scaled-700x500.jpg\" data-slide-type=\"image\"><img loading=\"lazy\" decoding=\"async\" src=\"http:\/\/www.semlh-morbihan.fr\/wordpress\/wp-content\/uploads\/2023\/03\/20230411_194412-1-scaled-700x500.jpg\" height=\"500\" width=\"700\" alt=\"\" class=\"slider-8689 slide-8693 msDefaultImage\" title=\"20230411_194412-1\" \/><div class=\"caption-wrap\"><div class=\"caption\">Mme Liliane Beaugrand pr\u00e9sentant l'histoire de la justice et la fonction de greffier<\/div><\/div><\/li>\n                <li style=\"display: none; width: 100%;\" class=\"slide-8694 ms-image \" aria-roledescription=\"slide\" data-date=\"2023-04-17 19:26:21\" data-filename=\"20230411_183651-scaled-700x500.jpg\" data-slide-type=\"image\"><img loading=\"lazy\" decoding=\"async\" src=\"http:\/\/www.semlh-morbihan.fr\/wordpress\/wp-content\/uploads\/2023\/03\/20230411_183651-scaled-700x500.jpg\" height=\"500\" width=\"700\" alt=\"\" class=\"slider-8689 slide-8694 msDefaultImage\" title=\"20230411_183651\" \/><\/li>\n            <\/ul>\n        <\/div>\n        \n    <\/div>\n<\/div><\/p>\n<h3><span style=\"text-decoration: underline;\"><span style=\"color: #0000ff;\"><a style=\"color: #0000ff;\" href=\"https:\/\/drive.google.com\/drive\/folders\/1wtZn7Su4-KTVye4Bj44MHFE8wzOthwPQ?usp=share_link\"><strong>5<sup>\u00e8me<\/sup> s\u00e9ance\u00a0: mardi 2 mai<\/strong><\/a><\/span><\/span><\/h3>\n<p>&#8211; Les droits et devoirs du citoyen\u00a0\u00a0\u00a0\u00a0\u00a0\u00a0\u00a0\u00a0\u00a0\u00a0\u00a0\u00a0\u00a0\u00a0\u00a0\u00a0\u00a0\u00a0\u00a0\u00a0\u00a0\u00a0\u00a0\u00a0\u00a0\u00a0\u00a0\u00a0\u00a0 M. Bougrier<\/p>\n<p>&#8211; Quelques grands \u00e9crivains, scientifiques fran\u00e7ais\u00a0 Mme Th\u00e9ry<\/p>\n<figure id=\"attachment_8739\" aria-describedby=\"caption-attachment-8739\" style=\"width: 600px\" class=\"wp-caption aligncenter\"><img loading=\"lazy\" decoding=\"async\" class=\"size-medium wp-image-8739\" src=\"http:\/\/www.semlh-morbihan.fr\/wordpress\/wp-content\/uploads\/2023\/03\/WhatsApp-Image-2023-05-03-a-10.00.41-600x277.jpg\" alt=\"\" width=\"600\" height=\"277\" srcset=\"http:\/\/www.semlh-morbihan.fr\/wordpress\/wp-content\/uploads\/2023\/03\/WhatsApp-Image-2023-05-03-a-10.00.41-600x277.jpg 600w, http:\/\/www.semlh-morbihan.fr\/wordpress\/wp-content\/uploads\/2023\/03\/WhatsApp-Image-2023-05-03-a-10.00.41-1024x473.jpg 1024w, http:\/\/www.semlh-morbihan.fr\/wordpress\/wp-content\/uploads\/2023\/03\/WhatsApp-Image-2023-05-03-a-10.00.41-768x355.jpg 768w, http:\/\/www.semlh-morbihan.fr\/wordpress\/wp-content\/uploads\/2023\/03\/WhatsApp-Image-2023-05-03-a-10.00.41-1536x709.jpg 1536w, http:\/\/www.semlh-morbihan.fr\/wordpress\/wp-content\/uploads\/2023\/03\/WhatsApp-Image-2023-05-03-a-10.00.41-1218x563.jpg 1218w, http:\/\/www.semlh-morbihan.fr\/wordpress\/wp-content\/uploads\/2023\/03\/WhatsApp-Image-2023-05-03-a-10.00.41.jpg 1600w\" sizes=\"auto, (max-width: 600px) 100vw, 600px\" \/><figcaption id=\"caption-attachment-8739\" class=\"wp-caption-text\">le pr\u00e9sident de la section du Morbihan, le gal(2s) Philippe Pr\u00e9vost introduisant la s\u00e9ance\u00a0 \u00a0 \u00a0 et en arri\u00e8re plan, le webmaster et les deux conf\u00e9renciers.<\/figcaption><\/figure>\n<figure id=\"attachment_8738\" aria-describedby=\"caption-attachment-8738\" style=\"width: 600px\" class=\"wp-caption aligncenter\"><img loading=\"lazy\" decoding=\"async\" class=\"size-medium wp-image-8738\" src=\"http:\/\/www.semlh-morbihan.fr\/wordpress\/wp-content\/uploads\/2023\/03\/WhatsApp-Image-2023-05-03-a-10.00.40-600x277.jpg\" alt=\"\" width=\"600\" height=\"277\" srcset=\"http:\/\/www.semlh-morbihan.fr\/wordpress\/wp-content\/uploads\/2023\/03\/WhatsApp-Image-2023-05-03-a-10.00.40-600x277.jpg 600w, http:\/\/www.semlh-morbihan.fr\/wordpress\/wp-content\/uploads\/2023\/03\/WhatsApp-Image-2023-05-03-a-10.00.40-1024x473.jpg 1024w, http:\/\/www.semlh-morbihan.fr\/wordpress\/wp-content\/uploads\/2023\/03\/WhatsApp-Image-2023-05-03-a-10.00.40-768x355.jpg 768w, http:\/\/www.semlh-morbihan.fr\/wordpress\/wp-content\/uploads\/2023\/03\/WhatsApp-Image-2023-05-03-a-10.00.40-1536x709.jpg 1536w, http:\/\/www.semlh-morbihan.fr\/wordpress\/wp-content\/uploads\/2023\/03\/WhatsApp-Image-2023-05-03-a-10.00.40-1218x563.jpg 1218w, http:\/\/www.semlh-morbihan.fr\/wordpress\/wp-content\/uploads\/2023\/03\/WhatsApp-Image-2023-05-03-a-10.00.40.jpg 1600w\" sizes=\"auto, (max-width: 600px) 100vw, 600px\" \/><figcaption id=\"caption-attachment-8738\" class=\"wp-caption-text\">Michelle Th\u00e9ry pr\u00e9sentant l&rsquo;expos\u00e9 sur quelques grands \u00e9crivains et scientifiques fran\u00e7ais<\/figcaption><\/figure>\n<figure id=\"attachment_8740\" aria-describedby=\"caption-attachment-8740\" style=\"width: 600px\" class=\"wp-caption aligncenter\"><img loading=\"lazy\" decoding=\"async\" class=\"size-medium wp-image-8740\" src=\"http:\/\/www.semlh-morbihan.fr\/wordpress\/wp-content\/uploads\/2023\/03\/WhatsApp-Image-2023-05-03-a-10.00.42-600x277.jpg\" alt=\"\" width=\"600\" height=\"277\" srcset=\"http:\/\/www.semlh-morbihan.fr\/wordpress\/wp-content\/uploads\/2023\/03\/WhatsApp-Image-2023-05-03-a-10.00.42-600x277.jpg 600w, http:\/\/www.semlh-morbihan.fr\/wordpress\/wp-content\/uploads\/2023\/03\/WhatsApp-Image-2023-05-03-a-10.00.42-1024x473.jpg 1024w, http:\/\/www.semlh-morbihan.fr\/wordpress\/wp-content\/uploads\/2023\/03\/WhatsApp-Image-2023-05-03-a-10.00.42-768x355.jpg 768w, http:\/\/www.semlh-morbihan.fr\/wordpress\/wp-content\/uploads\/2023\/03\/WhatsApp-Image-2023-05-03-a-10.00.42-1536x709.jpg 1536w, http:\/\/www.semlh-morbihan.fr\/wordpress\/wp-content\/uploads\/2023\/03\/WhatsApp-Image-2023-05-03-a-10.00.42-1218x563.jpg 1218w, http:\/\/www.semlh-morbihan.fr\/wordpress\/wp-content\/uploads\/2023\/03\/WhatsApp-Image-2023-05-03-a-10.00.42.jpg 1600w\" sizes=\"auto, (max-width: 600px) 100vw, 600px\" \/><figcaption id=\"caption-attachment-8740\" class=\"wp-caption-text\">M. Bougrier pr\u00e9sentant l&rsquo;expos\u00e9 sur les droits et devoirs des citoyens fran\u00e7ais<\/figcaption><\/figure>\n<h2><a href=\"https:\/\/drive.google.com\/drive\/folders\/1NKOvZ26KssQyNfAPZ5Vh1QIfluGEUWOi?usp=share_link\"><span style=\"color: #0000ff;\"><strong>6<sup>\u00e9me<\/sup><\/strong> <\/span><strong><span style=\"color: #0000ff;\">s\u00e9ance\u00a0: mardi 16 ma<\/span>i<\/strong><\/a><\/h2>\n<p>&#8211; Les droits de la femme en France\u00a0\u00a0 \u00a0\u00a0\u00a0\u00a0\u00a0\u00a0\u00a0\u00a0\u00a0\u00a0\u00a0\u00a0\u00a0\u00a0\u00a0\u00a0\u00a0\u00a0\u00a0\u00a0\u00a0\u00a0\u00a0 Mmes Lesconnec et Duro<\/p>\n<p>&#8211; La protection sociale et la sant\u00e9 publique\u00a0\u00a0 \u00a0\u00a0\u00a0\u00a0\u00a0\u00a0\u00a0\u00a0\u00a0\u00a0\u00a0 M. Minne, Dr Vescovali<\/p>\n<p>La s\u00e9ance de \u00ab\u00a0Devenir Fran\u00e7ais\u00a0\u00bb du mardi 16 mai 2023 a \u00e9t\u00e9 consacr\u00e9e \u00e0 l&rsquo;histoire et l&rsquo;organisation de la m\u00e9decine et de la sant\u00e9 en France, module pr\u00e9sent\u00e9 par le dr Vescovali et aux droits des femmes en France, pr\u00e9sent\u00e9s par mesdames Chantal Lesconnec et Anne-Marie Duro, membres du burau de la section.<\/p>\n<p>&nbsp;<\/p>\n<figure id=\"attachment_8790\" aria-describedby=\"caption-attachment-8790\" style=\"width: 600px\" class=\"wp-caption aligncenter\"><img loading=\"lazy\" decoding=\"async\" class=\"size-medium wp-image-8790\" src=\"http:\/\/www.semlh-morbihan.fr\/wordpress\/wp-content\/uploads\/2023\/03\/20230516_194626-2-600x277.jpg\" alt=\"\" width=\"600\" height=\"277\" srcset=\"http:\/\/www.semlh-morbihan.fr\/wordpress\/wp-content\/uploads\/2023\/03\/20230516_194626-2-600x277.jpg 600w, http:\/\/www.semlh-morbihan.fr\/wordpress\/wp-content\/uploads\/2023\/03\/20230516_194626-2-1024x472.jpg 1024w, http:\/\/www.semlh-morbihan.fr\/wordpress\/wp-content\/uploads\/2023\/03\/20230516_194626-2-768x354.jpg 768w, http:\/\/www.semlh-morbihan.fr\/wordpress\/wp-content\/uploads\/2023\/03\/20230516_194626-2-1536x708.jpg 1536w, http:\/\/www.semlh-morbihan.fr\/wordpress\/wp-content\/uploads\/2023\/03\/20230516_194626-2-2048x944.jpg 2048w, http:\/\/www.semlh-morbihan.fr\/wordpress\/wp-content\/uploads\/2023\/03\/20230516_194626-2-1218x562.jpg 1218w\" sizes=\"auto, (max-width: 600px) 100vw, 600px\" \/><figcaption id=\"caption-attachment-8790\" class=\"wp-caption-text\">au pupitre, Chantal Lesconnec et Anne-Marie Duro<\/figcaption><\/figure>\n<figure id=\"attachment_8791\" aria-describedby=\"caption-attachment-8791\" style=\"width: 600px\" class=\"wp-caption aligncenter\"><img loading=\"lazy\" decoding=\"async\" class=\"size-medium wp-image-8791\" src=\"http:\/\/www.semlh-morbihan.fr\/wordpress\/wp-content\/uploads\/2023\/03\/20230516_184350-2-600x323.jpg\" alt=\"\" width=\"600\" height=\"323\" srcset=\"http:\/\/www.semlh-morbihan.fr\/wordpress\/wp-content\/uploads\/2023\/03\/20230516_184350-2-600x323.jpg 600w, http:\/\/www.semlh-morbihan.fr\/wordpress\/wp-content\/uploads\/2023\/03\/20230516_184350-2-1024x551.jpg 1024w, http:\/\/www.semlh-morbihan.fr\/wordpress\/wp-content\/uploads\/2023\/03\/20230516_184350-2-768x413.jpg 768w, http:\/\/www.semlh-morbihan.fr\/wordpress\/wp-content\/uploads\/2023\/03\/20230516_184350-2-1536x827.jpg 1536w, http:\/\/www.semlh-morbihan.fr\/wordpress\/wp-content\/uploads\/2023\/03\/20230516_184350-2-2048x1102.jpg 2048w, http:\/\/www.semlh-morbihan.fr\/wordpress\/wp-content\/uploads\/2023\/03\/20230516_184350-2-1218x656.jpg 1218w\" sizes=\"auto, (max-width: 600px) 100vw, 600px\" \/><figcaption id=\"caption-attachment-8791\" class=\"wp-caption-text\">\u00e0 droite du pr\u00e9sident de section, le dr Noel Vescovali recevant un livre lors de son d\u00e9part comme conf\u00e9rencier pour les candidats \u00e0 la naturalisation<\/figcaption><\/figure>\n<h2><a href=\"https:\/\/drive.google.com\/drive\/folders\/109OfMRZsR35KyGEqwp1p6Gtgpb2RoGv8?usp=sharing\"><span style=\"text-decoration: underline;\"><span style=\"color: #0000ff;\"><strong>7<sup>\u00e8me<\/sup> s\u00e9ance\u00a0: mardi 30 mai<\/strong><\/span><\/span><\/a><\/h2>\n<p><strong>&#8211; <\/strong>La s\u00e9curit\u00e9 publique \u00a0\u00a0\u00a0\u00a0\u00a0\u00a0\u00a0\u00a0\u00a0\u00a0\u00a0\u00a0\u00a0\u00a0\u00a0\u00a0\u00a0\u00a0\u00a0\u00a0\u00a0\u00a0\u00a0\u00a0\u00a0\u00a0\u00a0\u00a0\u00a0\u00a0\u00a0\u00a0\u00a0\u00a0\u00a0 \u00a0\u00a0\u00a0\u00a0\u00a0\u00a0\u00a0\u00a0\u00a0\u00a0 Commandant divisionnaire de police Le Barre<br \/>\n&#8211; les arm\u00e9es\u00a0 \u00a0 \u00a0 \u00a0 \u00a0 \u00a0 \u00a0 \u00a0 \u00a0 \u00a0 \u00a0 \u00a0 \u00a0 \u00a0 \u00a0 \u00a0 \u00a0 \u00a0 \u00a0 \u00a0 \u00a0 \u00a0 \u00a0 \u00a0 \u00a0 \u00a0 \u00a0 \u00a0 \u00a0 \u00a0 \u00a0 \u00a0 \u00a0 \u00a0Lieutenant-colonel Thomas De Besse, adjoint DMD<\/p>\n<p>six membres du bureau \u00e9taient pr\u00e9sents ainsi qu&rsquo;une vingtaine d&rsquo;auditeurs.<\/p>\n<figure id=\"attachment_8831\" aria-describedby=\"caption-attachment-8831\" style=\"width: 600px\" class=\"wp-caption aligncenter\"><img loading=\"lazy\" decoding=\"async\" class=\"size-medium wp-image-8831\" src=\"http:\/\/www.semlh-morbihan.fr\/wordpress\/wp-content\/uploads\/2023\/03\/P1070310-2-600x333.jpg\" alt=\"\" width=\"600\" height=\"333\" srcset=\"http:\/\/www.semlh-morbihan.fr\/wordpress\/wp-content\/uploads\/2023\/03\/P1070310-2-600x333.jpg 600w, http:\/\/www.semlh-morbihan.fr\/wordpress\/wp-content\/uploads\/2023\/03\/P1070310-2-1024x569.jpg 1024w, http:\/\/www.semlh-morbihan.fr\/wordpress\/wp-content\/uploads\/2023\/03\/P1070310-2-768x427.jpg 768w, http:\/\/www.semlh-morbihan.fr\/wordpress\/wp-content\/uploads\/2023\/03\/P1070310-2-1536x853.jpg 1536w, http:\/\/www.semlh-morbihan.fr\/wordpress\/wp-content\/uploads\/2023\/03\/P1070310-2-2048x1138.jpg 2048w, http:\/\/www.semlh-morbihan.fr\/wordpress\/wp-content\/uploads\/2023\/03\/P1070310-2-1218x677.jpg 1218w\" sizes=\"auto, (max-width: 600px) 100vw, 600px\" \/><figcaption id=\"caption-attachment-8831\" class=\"wp-caption-text\">Dans la salle du conseil d\u00e9partemental, le commandant divisionnaire de police Le Barre pr\u00e9sente son expos\u00e9 sur la s\u00e9curit\u00e9 publique<\/figcaption><\/figure>\n<figure id=\"attachment_8832\" aria-describedby=\"caption-attachment-8832\" style=\"width: 600px\" class=\"wp-caption aligncenter\"><img loading=\"lazy\" decoding=\"async\" class=\"size-medium wp-image-8832\" src=\"http:\/\/www.semlh-morbihan.fr\/wordpress\/wp-content\/uploads\/2023\/03\/P1070311-2-600x337.jpg\" alt=\"\" width=\"600\" height=\"337\" srcset=\"http:\/\/www.semlh-morbihan.fr\/wordpress\/wp-content\/uploads\/2023\/03\/P1070311-2-600x337.jpg 600w, http:\/\/www.semlh-morbihan.fr\/wordpress\/wp-content\/uploads\/2023\/03\/P1070311-2-1024x576.jpg 1024w, http:\/\/www.semlh-morbihan.fr\/wordpress\/wp-content\/uploads\/2023\/03\/P1070311-2-768x432.jpg 768w, http:\/\/www.semlh-morbihan.fr\/wordpress\/wp-content\/uploads\/2023\/03\/P1070311-2-1536x864.jpg 1536w, http:\/\/www.semlh-morbihan.fr\/wordpress\/wp-content\/uploads\/2023\/03\/P1070311-2-2048x1152.jpg 2048w, http:\/\/www.semlh-morbihan.fr\/wordpress\/wp-content\/uploads\/2023\/03\/P1070311-2-1218x685.jpg 1218w\" sizes=\"auto, (max-width: 600px) 100vw, 600px\" \/><figcaption id=\"caption-attachment-8832\" class=\"wp-caption-text\">Le lieutenant-colonel De Besse, adjoint au DMD du d\u00e9partement du Morbihan pr\u00e9sente la d\u00e9fense nationale aux auditeurs pr\u00e9sents.<\/figcaption><\/figure>\n<p><strong>8<sup>\u00e8me<\/sup> s\u00e9ance : mardi 20 juin<\/strong><\/p>\n<p><strong>&#8211; <\/strong>Les Beaux-Arts en France\u00a0\u00a0 \u00a0\u00a0\u00a0\u00a0\u00a0\u00a0\u00a0\u00a0\u00a0\u00a0\u00a0\u00a0\u00a0\u00a0\u00a0\u00a0\u00a0\u00a0\u00a0\u00a0\u00a0\u00a0\u00a0\u00a0\u00a0\u00a0\u00a0\u00a0\u00a0\u00a0\u00a0\u00a0\u00a0\u00a0\u00a0 Mme Anne-Marie Duro<\/p>\n<p>&#8211; Bilan et remise des attestations\u00a0 \u00a0 \u00a0 \u00a0 \u00a0 \u00a0 \u00a0 \u00a0 \u00a0 \u00a0 \u00a0 \u00a0 \u00a0 \u00a0 \u00a0le gal(2s) Philippe Pr\u00e9vost<\/p>\n<p>Les photos de la derni\u00e8re s\u00e9ance au conseil d\u00e9partemental :<\/p>\n<figure id=\"attachment_8871\" aria-describedby=\"caption-attachment-8871\" style=\"width: 600px\" class=\"wp-caption aligncenter\"><img loading=\"lazy\" decoding=\"async\" class=\"size-medium wp-image-8871\" src=\"http:\/\/www.semlh-morbihan.fr\/wordpress\/wp-content\/uploads\/2023\/03\/IMG_6562-600x450.jpg\" alt=\"\" width=\"600\" height=\"450\" srcset=\"http:\/\/www.semlh-morbihan.fr\/wordpress\/wp-content\/uploads\/2023\/03\/IMG_6562-600x450.jpg 600w, http:\/\/www.semlh-morbihan.fr\/wordpress\/wp-content\/uploads\/2023\/03\/IMG_6562-1024x768.jpg 1024w, http:\/\/www.semlh-morbihan.fr\/wordpress\/wp-content\/uploads\/2023\/03\/IMG_6562-768x576.jpg 768w, http:\/\/www.semlh-morbihan.fr\/wordpress\/wp-content\/uploads\/2023\/03\/IMG_6562-1536x1152.jpg 1536w, http:\/\/www.semlh-morbihan.fr\/wordpress\/wp-content\/uploads\/2023\/03\/IMG_6562-2048x1536.jpg 2048w, http:\/\/www.semlh-morbihan.fr\/wordpress\/wp-content\/uploads\/2023\/03\/IMG_6562-1218x914.jpg 1218w, http:\/\/www.semlh-morbihan.fr\/wordpress\/wp-content\/uploads\/2023\/03\/IMG_6562-480x360.jpg 480w\" sizes=\"auto, (max-width: 600px) 100vw, 600px\" \/><figcaption id=\"caption-attachment-8871\" class=\"wp-caption-text\">discours de cl\u00f4ture du pr\u00e9sident de section \u00e0 la fin des expos\u00e9s en pr\u00e9sence de deux vice-pr\u00e9sidents du conseil d\u00e9partemental<\/figcaption><\/figure>\n<p><img loading=\"lazy\" decoding=\"async\" class=\"aligncenter size-medium wp-image-8869\" src=\"http:\/\/www.semlh-morbihan.fr\/wordpress\/wp-content\/uploads\/2023\/03\/IMG_6556-600x450.jpg\" alt=\"\" width=\"600\" height=\"450\" srcset=\"http:\/\/www.semlh-morbihan.fr\/wordpress\/wp-content\/uploads\/2023\/03\/IMG_6556-600x450.jpg 600w, http:\/\/www.semlh-morbihan.fr\/wordpress\/wp-content\/uploads\/2023\/03\/IMG_6556-1024x768.jpg 1024w, http:\/\/www.semlh-morbihan.fr\/wordpress\/wp-content\/uploads\/2023\/03\/IMG_6556-768x576.jpg 768w, http:\/\/www.semlh-morbihan.fr\/wordpress\/wp-content\/uploads\/2023\/03\/IMG_6556-1536x1152.jpg 1536w, http:\/\/www.semlh-morbihan.fr\/wordpress\/wp-content\/uploads\/2023\/03\/IMG_6556-2048x1536.jpg 2048w, http:\/\/www.semlh-morbihan.fr\/wordpress\/wp-content\/uploads\/2023\/03\/IMG_6556-1218x914.jpg 1218w, http:\/\/www.semlh-morbihan.fr\/wordpress\/wp-content\/uploads\/2023\/03\/IMG_6556-480x360.jpg 480w\" sizes=\"auto, (max-width: 600px) 100vw, 600px\" \/> <img loading=\"lazy\" decoding=\"async\" class=\"aligncenter size-medium wp-image-8870\" src=\"http:\/\/www.semlh-morbihan.fr\/wordpress\/wp-content\/uploads\/2023\/03\/IMG_6557-600x450.jpg\" alt=\"\" width=\"600\" height=\"450\" srcset=\"http:\/\/www.semlh-morbihan.fr\/wordpress\/wp-content\/uploads\/2023\/03\/IMG_6557-600x450.jpg 600w, http:\/\/www.semlh-morbihan.fr\/wordpress\/wp-content\/uploads\/2023\/03\/IMG_6557-1024x768.jpg 1024w, http:\/\/www.semlh-morbihan.fr\/wordpress\/wp-content\/uploads\/2023\/03\/IMG_6557-768x576.jpg 768w, http:\/\/www.semlh-morbihan.fr\/wordpress\/wp-content\/uploads\/2023\/03\/IMG_6557-1536x1152.jpg 1536w, http:\/\/www.semlh-morbihan.fr\/wordpress\/wp-content\/uploads\/2023\/03\/IMG_6557-2048x1536.jpg 2048w, http:\/\/www.semlh-morbihan.fr\/wordpress\/wp-content\/uploads\/2023\/03\/IMG_6557-1218x914.jpg 1218w, http:\/\/www.semlh-morbihan.fr\/wordpress\/wp-content\/uploads\/2023\/03\/IMG_6557-480x360.jpg 480w\" sizes=\"auto, (max-width: 600px) 100vw, 600px\" \/><\/p>\n<p style=\"text-align: center;\"><span style=\"text-decoration: underline;\"><strong>texte\u00a0 de remerciements lu par Ephrem LALEYE, cur\u00e9 de Saint Av\u00e9<\/strong><\/span><\/p>\n<p>MOT DE REMERCIEMENT \u00c0 LA FIN DE LA 8<sup>\u00e8me<\/sup> S\u00c9ANCE DE LA 10<sup>\u00e8me<\/sup> SESSION DE DEVENIR FRAN\u00c7AIS (F\u00c9VRIER \u2013 JUIN 2023)<\/p>\n<p>Monsieur le Pr\u00e9fet du D\u00e9partement du Morbihan,<\/p>\n<p>Mesdames et Messieurs les Vice-Pr\u00e9sidents du Conseil D\u00e9partemental,<\/p>\n<p>Monsieur le G\u00e9n\u00e9ral Philippe PR\u00c9VOST, Pr\u00e9sident de la Soci\u00e9t\u00e9 des Membres de la L\u00e9gion d\u2019Honneur du Morbihan,<\/p>\n<p>Mesdames et Messieurs, Membres de de la Soci\u00e9t\u00e9 de la L\u00e9gion d\u2019Honneur du Morbihan,<\/p>\n<p>Mesdames et Messieurs les Conf\u00e9renciers \u00e0 vos rangs et grades distingu\u00e9s,<\/p>\n<p>Et vous chers amis, participants \u00e0 cette 10<sup>\u00e8me<\/sup> session pour devenir Fran\u00e7ais,<\/p>\n<p>Bonsoir.<\/p>\n<p>&nbsp;<\/p>\n<p style=\"text-align: justify;\">\u00ab\u00a0L\u2019ob\u00e9issance \u00e0 la loi qu\u2019on s\u2019est prescrite est libert\u00e9\u00a0\u00bb d\u00e9clare le philosophe fran\u00e7ais Jean-Jacques ROUSSEAU dans son \u0153uvre <em>Du contrat social<\/em> (1762).<\/p>\n<p style=\"text-align: justify;\">Pour paraphraser cette citation de Jean-Jacques ROUSSEAU, je dirai que l\u2019ob\u00e9issance au choix que l\u2019on a fait est libert\u00e9. C\u2019est bien ce qui motive notre pr\u00e9sence ici, la pr\u00e9sence de nous tous, b\u00e9n\u00e9ficiaires de cette 10<sup>\u00e8me <\/sup>session de devenir Fran\u00e7ais. Et c\u2019est notre pr\u00e9sence \u00e0 notre tour qui a motiv\u00e9 la v\u00f4tre. Ce d\u00e9sir de nous aider et de nous accompagner a conduit \u00e0 toutes les mobilisations et engagements auxquels vous avez consentis.<\/p>\n<p style=\"text-align: justify;\">Je me permets de prendre la parole, sans \u00eatre d\u00e9sign\u00e9, ni choisi par qui que ce soit, mais parce que la vertu de gratitude \u00e0 laquelle nous ne saurions d\u00e9faillir interpelle face \u00e0 tous les efforts que vous avez consentis pour pr\u00e9parer les 8 s\u00e9ances de la 10<sup>\u00e8me<\/sup> session. Lors de ces s\u00e9ances, plusieurs th\u00e8mes ont \u00e9t\u00e9 abord\u00e9s. Je voudrais me permettre de les \u00e9voquer bri\u00e8vement\u00a0:<\/p>\n<p><u>1<sup>\u00e8re<\/sup> s\u00e9ance\u00a0(mardi 28 f\u00e9vrier)<\/u> : La pr\u00e9sentation de la SMLH et du programme de la Session par le Pr\u00e9sident SMLH 56 d\u2019une part et d\u2019autre part, la France dans le monde et la Constitution de la V<sup>\u00e8me<\/sup> R\u00e9publique.<\/p>\n<p><u>2<sup>\u00e8me<\/sup> s\u00e9ance\u00a0(mardi 14 mars)<\/u> : D\u2019abord l\u2019Histoire de la France (en deux parties) et ensuite les collectivit\u00e9s territoriales.<\/p>\n<p><u>3<sup>\u00e8me<\/sup> s\u00e9ance\u00a0(mardi 28 mars)<\/u> : Les partis politiques et les syndicats d\u2019une part et d\u2019autre part le Principe de La\u00efcit\u00e9.<\/p>\n<p><u>4<sup>\u00e8me<\/sup> s\u00e9ance\u00a0(mardi 11 avril)<\/u> : L\u2019\u00e9ducation nationale et la justice en France.<\/p>\n<p><u>5<sup>\u00e8me<\/sup> s\u00e9ance\u00a0(mardi 2 mai)<\/u> : Les droits et les devoirs du citoyen d\u2019une part et d\u2019autre part quelques grands \u00e9crivains, scientifiques fran\u00e7ais.<\/p>\n<p><u>6<sup>\u00e8me<\/sup> s\u00e9ance\u00a0(mardi 16 mai)<\/u> : Les droits de la femme en France d\u2019une part et d\u2019autre part la protection sociale et la sant\u00e9 publique.<\/p>\n<p><u>7<sup>\u00e8me<\/sup> s\u00e9ance\u00a0(mardi 30 mai)<\/u> : La s\u00e9curit\u00e9 publique et les arm\u00e9es.<\/p>\n<p><u>8<sup>\u00e8me<\/sup> s\u00e9ance\u00a0(en ce jour du mardi 20 juin)<\/u> : Les beaux-arts en France et ce temps de bilan.<\/p>\n<p style=\"text-align: justify;\">Vous avez essay\u00e9 de nous tendre la main pour nous aider \u00e0 mieux d\u00e9couvrir diff\u00e9rents aspects de la R\u00e9publique fran\u00e7aise dont nous souhaitons devenir fils et filles \u00e0 travers notre int\u00e9gration que vous avez facilit\u00e9e par la disponibilit\u00e9\u00a0 donn\u00e9e, le souci d\u2019accompagner, l\u2019ambiance qui a r\u00e9gn\u00e9, le pot organis\u00e9 et offert (par le Conseil d\u00e9partemental) \u00e0 chaque fin de s\u00e9ance autour duquel les \u00e9changes se poursuivent entre conf\u00e9renciers et participants avec les Membres de la SMLH 56, sans oublier le petit rappel envoy\u00e9 par le Pr\u00e9sident avant chaque s\u00e9ance.<\/p>\n<p style=\"text-align: justify;\">Au parcours de ces diff\u00e9rents th\u00e8mes, nous avons abord\u00e9 des aspects comparatifs avec d\u2019autres cultures. Ce qui explique d\u2019ailleurs l\u2019ouverture aux autres cultures qui est source d\u2019enrichissement culturel et renforce la fraternit\u00e9.<\/p>\n<p style=\"text-align: justify;\">Que dire\u00a0? Merci et merci. Merci au nom de nous tous, b\u00e9n\u00e9ficiaires de cette 10<sup>\u00e8me<\/sup> session.<\/p>\n<p style=\"text-align: justify;\">Je vous prie chers participants de nous lever et d\u2019applaudir fortement pour tout ce que nous avons re\u00e7u en signe de reconnaissance.<\/p>\n<p style=\"text-align: justify;\">Merci, merci et merci.<\/p>\n<p>Pour le groupe des participants \u00e0 la 10<sup>\u00e8me<\/sup> session de devenir Fran\u00e7ais,<\/p>\n<p>\u00c9phrem LAL\u00c8Y\u00c8<\/p>\n<p>&nbsp;<\/p>\n<p>&nbsp;<\/p>\n<p>Vannes, le mardi 20 juin 2023<\/p>\n<p>&nbsp;<\/p>\n<p>&nbsp;<\/p>\n<p>Cette derni\u00e8re session a \u00e9t\u00e9 pr\u00e9c\u00e9d\u00e9e d&rsquo;une r\u00e9union du bureau de section dont vous trouverez les photos ci-dessous :<\/p>\n<p><img loading=\"lazy\" decoding=\"async\" class=\"aligncenter size-medium wp-image-8876\" src=\"http:\/\/www.semlh-morbihan.fr\/wordpress\/wp-content\/uploads\/2023\/03\/IMG_6550-600x255.jpg\" alt=\"\" width=\"600\" height=\"255\" srcset=\"http:\/\/www.semlh-morbihan.fr\/wordpress\/wp-content\/uploads\/2023\/03\/IMG_6550-600x255.jpg 600w, http:\/\/www.semlh-morbihan.fr\/wordpress\/wp-content\/uploads\/2023\/03\/IMG_6550-1024x435.jpg 1024w, http:\/\/www.semlh-morbihan.fr\/wordpress\/wp-content\/uploads\/2023\/03\/IMG_6550-768x326.jpg 768w, http:\/\/www.semlh-morbihan.fr\/wordpress\/wp-content\/uploads\/2023\/03\/IMG_6550-1536x652.jpg 1536w, http:\/\/www.semlh-morbihan.fr\/wordpress\/wp-content\/uploads\/2023\/03\/IMG_6550-2048x869.jpg 2048w, http:\/\/www.semlh-morbihan.fr\/wordpress\/wp-content\/uploads\/2023\/03\/IMG_6550-1218x517.jpg 1218w\" sizes=\"auto, (max-width: 600px) 100vw, 600px\" \/> <img loading=\"lazy\" decoding=\"async\" class=\"aligncenter size-medium wp-image-8877\" src=\"http:\/\/www.semlh-morbihan.fr\/wordpress\/wp-content\/uploads\/2023\/03\/copie-0_IMG_6548-600x450.jpg\" alt=\"\" width=\"600\" height=\"450\" srcset=\"http:\/\/www.semlh-morbihan.fr\/wordpress\/wp-content\/uploads\/2023\/03\/copie-0_IMG_6548-600x450.jpg 600w, http:\/\/www.semlh-morbihan.fr\/wordpress\/wp-content\/uploads\/2023\/03\/copie-0_IMG_6548-1024x768.jpg 1024w, http:\/\/www.semlh-morbihan.fr\/wordpress\/wp-content\/uploads\/2023\/03\/copie-0_IMG_6548-768x576.jpg 768w, http:\/\/www.semlh-morbihan.fr\/wordpress\/wp-content\/uploads\/2023\/03\/copie-0_IMG_6548-1536x1153.jpg 1536w, http:\/\/www.semlh-morbihan.fr\/wordpress\/wp-content\/uploads\/2023\/03\/copie-0_IMG_6548-1218x914.jpg 1218w, http:\/\/www.semlh-morbihan.fr\/wordpress\/wp-content\/uploads\/2023\/03\/copie-0_IMG_6548-480x360.jpg 480w, http:\/\/www.semlh-morbihan.fr\/wordpress\/wp-content\/uploads\/2023\/03\/copie-0_IMG_6548.jpg 1599w\" sizes=\"auto, (max-width: 600px) 100vw, 600px\" \/> <img loading=\"lazy\" decoding=\"async\" class=\"aligncenter size-medium wp-image-8878\" src=\"http:\/\/www.semlh-morbihan.fr\/wordpress\/wp-content\/uploads\/2023\/03\/copie-0_IMG_6553-600x450.jpg\" alt=\"\" width=\"600\" height=\"450\" srcset=\"http:\/\/www.semlh-morbihan.fr\/wordpress\/wp-content\/uploads\/2023\/03\/copie-0_IMG_6553-600x450.jpg 600w, http:\/\/www.semlh-morbihan.fr\/wordpress\/wp-content\/uploads\/2023\/03\/copie-0_IMG_6553-1024x768.jpg 1024w, http:\/\/www.semlh-morbihan.fr\/wordpress\/wp-content\/uploads\/2023\/03\/copie-0_IMG_6553-768x576.jpg 768w, http:\/\/www.semlh-morbihan.fr\/wordpress\/wp-content\/uploads\/2023\/03\/copie-0_IMG_6553-1536x1153.jpg 1536w, http:\/\/www.semlh-morbihan.fr\/wordpress\/wp-content\/uploads\/2023\/03\/copie-0_IMG_6553-1218x914.jpg 1218w, http:\/\/www.semlh-morbihan.fr\/wordpress\/wp-content\/uploads\/2023\/03\/copie-0_IMG_6553-480x360.jpg 480w, http:\/\/www.semlh-morbihan.fr\/wordpress\/wp-content\/uploads\/2023\/03\/copie-0_IMG_6553.jpg 1599w\" sizes=\"auto, (max-width: 600px) 100vw, 600px\" \/><\/p>\n<p>&nbsp;<\/p>\n<p>&nbsp;<\/p>\n","protected":false},"excerpt":{"rendered":"<p>&nbsp; Vous trouverez, ci-dessous, les diff\u00e9rents liens afin d&rsquo;acc\u00e9der aux conf\u00e9rences conduites dans la salle du conseil d\u00e9partemental, au profit des candidats \u00e0 la naturalisation&#8230;<\/p>\n","protected":false},"author":329,"featured_media":8882,"comment_status":"closed","ping_status":"open","sticky":false,"template":"","format":"standard","meta":{"footnotes":""},"categories":[384,337],"tags":[613],"class_list":["post-8443","post","type-post","status-publish","format-standard","has-post-thumbnail","hentry","category-actualites-la-section","category-la-section","tag-devenir-francais","wpcat-384-id","wpcat-337-id"],"_links":{"self":[{"href":"http:\/\/www.semlh-morbihan.fr\/wordpress\/wp-json\/wp\/v2\/posts\/8443","targetHints":{"allow":["GET"]}}],"collection":[{"href":"http:\/\/www.semlh-morbihan.fr\/wordpress\/wp-json\/wp\/v2\/posts"}],"about":[{"href":"http:\/\/www.semlh-morbihan.fr\/wordpress\/wp-json\/wp\/v2\/types\/post"}],"author":[{"embeddable":true,"href":"http:\/\/www.semlh-morbihan.fr\/wordpress\/wp-json\/wp\/v2\/users\/329"}],"replies":[{"embeddable":true,"href":"http:\/\/www.semlh-morbihan.fr\/wordpress\/wp-json\/wp\/v2\/comments?post=8443"}],"version-history":[{"count":34,"href":"http:\/\/www.semlh-morbihan.fr\/wordpress\/wp-json\/wp\/v2\/posts\/8443\/revisions"}],"predecessor-version":[{"id":8996,"href":"http:\/\/www.semlh-morbihan.fr\/wordpress\/wp-json\/wp\/v2\/posts\/8443\/revisions\/8996"}],"wp:featuredmedia":[{"embeddable":true,"href":"http:\/\/www.semlh-morbihan.fr\/wordpress\/wp-json\/wp\/v2\/media\/8882"}],"wp:attachment":[{"href":"http:\/\/www.semlh-morbihan.fr\/wordpress\/wp-json\/wp\/v2\/media?parent=8443"}],"wp:term":[{"taxonomy":"category","embeddable":true,"href":"http:\/\/www.semlh-morbihan.fr\/wordpress\/wp-json\/wp\/v2\/categories?post=8443"},{"taxonomy":"post_tag","embeddable":true,"href":"http:\/\/www.semlh-morbihan.fr\/wordpress\/wp-json\/wp\/v2\/tags?post=8443"}],"curies":[{"name":"wp","href":"https:\/\/api.w.org\/{rel}","templated":true}]}}