{"id":8453,"date":"2023-03-12T18:21:41","date_gmt":"2023-03-12T17:21:41","guid":{"rendered":"http:\/\/www.semlh-morbihan.fr\/wordpress\/?p=8453"},"modified":"2023-03-12T18:37:37","modified_gmt":"2023-03-12T17:37:37","slug":"obseques-de-m-paul-anselin-le-samedi-11-mars-en-leglise-saint-armel-de-ploermel","status":"publish","type":"post","link":"http:\/\/www.semlh-morbihan.fr\/wordpress\/2023\/03\/12\/obseques-de-m-paul-anselin-le-samedi-11-mars-en-leglise-saint-armel-de-ploermel\/","title":{"rendered":"Obs\u00e8ques de M. Paul Anselin le samedi 11 mars en l&rsquo;\u00e9glise Saint Armel de Plo\u00ebrmel"},"content":{"rendered":"<p>Lors de ces obs\u00e8ques, la Section \u00e9tait repr\u00e9sent\u00e9e par le Pr\u00e9sident du Comit\u00e9 Plo\u00ebrmel-Co\u00ebtquidan et son drapeau et le 1er VP de la Section .<\/p>\n<p>je signale aussi qu&rsquo;un hommage tr\u00e8s \u00e9logieux a \u00e9t\u00e9 publi\u00e9 sur le site de l&rsquo;Elys\u00e9e ..<\/p>\n<p>*hommage rendu par le Pr\u00e9fet du Morbihan et salut des drapeaux au cercueil . (Paul a longtemps \u00e9t\u00e9 pr\u00e9sident du SDIS du Morbihan , ce qui explique la pr\u00e9sence des pompiers<\/p>\n<figure id=\"attachment_8457\" aria-describedby=\"caption-attachment-8457\" style=\"width: 459px\" class=\"wp-caption aligncenter\"><img loading=\"lazy\" decoding=\"async\" class=\"wp-image-8457 size-medium\" src=\"http:\/\/www.semlh-morbihan.fr\/wordpress\/wp-content\/uploads\/2023\/03\/20230311_144424-2-459x600.jpg\" alt=\"\" width=\"459\" height=\"600\" srcset=\"http:\/\/www.semlh-morbihan.fr\/wordpress\/wp-content\/uploads\/2023\/03\/20230311_144424-2-459x600.jpg 459w, http:\/\/www.semlh-morbihan.fr\/wordpress\/wp-content\/uploads\/2023\/03\/20230311_144424-2-783x1024.jpg 783w, http:\/\/www.semlh-morbihan.fr\/wordpress\/wp-content\/uploads\/2023\/03\/20230311_144424-2-768x1004.jpg 768w, http:\/\/www.semlh-morbihan.fr\/wordpress\/wp-content\/uploads\/2023\/03\/20230311_144424-2-1175x1536.jpg 1175w, http:\/\/www.semlh-morbihan.fr\/wordpress\/wp-content\/uploads\/2023\/03\/20230311_144424-2-1567x2048.jpg 1567w, http:\/\/www.semlh-morbihan.fr\/wordpress\/wp-content\/uploads\/2023\/03\/20230311_144424-2-1218x1592.jpg 1218w, http:\/\/www.semlh-morbihan.fr\/wordpress\/wp-content\/uploads\/2023\/03\/20230311_144424-2.jpg 1791w\" sizes=\"auto, (max-width: 459px) 100vw, 459px\" \/><figcaption id=\"caption-attachment-8457\" class=\"wp-caption-text\">Le pr\u00e9fet du Morbihan prononce l&rsquo;\u00e9loge de Paul Anselin<\/figcaption><\/figure>\n<p><img loading=\"lazy\" decoding=\"async\" class=\"aligncenter size-medium wp-image-8458\" src=\"http:\/\/www.semlh-morbihan.fr\/wordpress\/wp-content\/uploads\/2023\/03\/20230311_154733-2-600x576.jpg\" alt=\"\" width=\"600\" height=\"576\" srcset=\"http:\/\/www.semlh-morbihan.fr\/wordpress\/wp-content\/uploads\/2023\/03\/20230311_154733-2-600x576.jpg 600w, http:\/\/www.semlh-morbihan.fr\/wordpress\/wp-content\/uploads\/2023\/03\/20230311_154733-2-1024x982.jpg 1024w, http:\/\/www.semlh-morbihan.fr\/wordpress\/wp-content\/uploads\/2023\/03\/20230311_154733-2-768x737.jpg 768w, http:\/\/www.semlh-morbihan.fr\/wordpress\/wp-content\/uploads\/2023\/03\/20230311_154733-2-1536x1473.jpg 1536w, http:\/\/www.semlh-morbihan.fr\/wordpress\/wp-content\/uploads\/2023\/03\/20230311_154733-2-1218x1168.jpg 1218w, http:\/\/www.semlh-morbihan.fr\/wordpress\/wp-content\/uploads\/2023\/03\/20230311_154733-2.jpg 1989w\" sizes=\"auto, (max-width: 600px) 100vw, 600px\" \/><\/p>\n<p>&nbsp;<\/p>\n<h3 style=\"text-align: center;\"><span style=\"text-decoration: underline;\"><strong>Article de Ouest-France<\/strong><\/span><\/h3>\n<p>&nbsp;<\/p>\n<p>&nbsp;<\/p>\n<h1 class=\"titre \">Obs\u00e8ques de Paul Anselin. \u00ab\u00a0Sa vie enti\u00e8re fut au service du Morbihan et de Plo\u00ebrmel\u00a0\u00bb<\/h1>\n<p class=\"su-standfirst chapeau\">De nombreuses personnalit\u00e9s politiques, mais aussi des anonymes, ont rendu ce samedi 11 mars 2023 un dernier hommage \u00e0 Paul Anselin, maire de Plo\u00ebrmel (Morbihan) de 1977 \u00e0 2008, d\u00e9c\u00e9d\u00e9 le 8 mars 2023, \u00e0 l\u2019\u00e2ge de 91 ans.<\/p>\n<p>&nbsp;<\/p>\n<p><img loading=\"lazy\" decoding=\"async\" class=\"aligncenter size-medium wp-image-8455\" src=\"http:\/\/www.semlh-morbihan.fr\/wordpress\/wp-content\/uploads\/2023\/03\/anselin02-600x454.jpg\" alt=\"\" width=\"600\" height=\"454\" srcset=\"http:\/\/www.semlh-morbihan.fr\/wordpress\/wp-content\/uploads\/2023\/03\/anselin02-600x454.jpg 600w, http:\/\/www.semlh-morbihan.fr\/wordpress\/wp-content\/uploads\/2023\/03\/anselin02.jpg 690w\" sizes=\"auto, (max-width: 600px) 100vw, 600px\" \/><\/p>\n<div id=\"article-detail\" class=\"contenu-principal p402_premium \">\n<div class=\"su-article\">\n<p><a href=\"https:\/\/www.ouest-france.fr\/bretagne\/ploermel-56800\/portrait-paul-anselin-linfluence-au-service-de-ploermel-et-de-son-territoire-e50b0fd0-8c27-11ed-9fb2-0b86ee40425f\" target=\"_blank\" rel=\"noopener\">Paul Anselin, ancien maire de Plo\u00ebrmel (1977-2008),<\/a>\u00a0mais aussi\u00a0conseiller r\u00e9gional pendant vingt-quatre ans, conseiller g\u00e9n\u00e9ral (vingt-deux\u00a0ans) et sous-pr\u00e9fet d\u2019\u00c9pinal en 1974, est d\u00e9c\u00e9d\u00e9<a href=\"https:\/\/www.ouest-france.fr\/bretagne\/ploermel-56800\/paul-anselin-maire-de-ploermel-de-1977-a-2008-est-decede-a-lage-de-91-ans-fe8ad0cc-8c4e-11ed-9fb2-0b86ee40425f\" target=\"_self\" rel=\"noopener\">\u00a0ce mercredi 8\u00a0mars \u00e0 l\u2019\u00e2ge de 91\u00a0ans.<\/a>\u00a0Il lui \u00e9tait rendu un dernier hommage, ce samedi 11\u00a0mars, en l\u2019\u00e9glise Saint-Armel de\u00a0<a href=\"https:\/\/www.ouest-france.fr\/bretagne\/ploermel-56800\/\" target=\"_blank\" rel=\"noopener\">Plo\u00ebrmel<\/a>\u00a0(<a href=\"https:\/\/www.ouest-france.fr\/bretagne\/morbihan\/\" target=\"_blank\" rel=\"noopener\">Morbihan<\/a>).<\/p>\n<p>De nombreuses personnalit\u00e9s politiques \u00e9taient pr\u00e9sentes comme Bernadette Malgorn, ancienne pr\u00e9f\u00e8te de Bretagne\u00a0; Jo\u00ebl Mathurin, pr\u00e9fet du Morbihan de mai\u00a02021 \u00e0 juillet\u00a02022 mais aussi\u00a0Patrick Strzoda, actuel directeur de cabinet du pr\u00e9sident de la R\u00e9publique fran\u00e7aise, Emmanuel Macron.<\/p>\n<p>L\u2019ancien ministre des Affaires \u00e9trang\u00e8res, Jean-Yves Le Drian, se trouvait \u00e9galement au premier rang dans l\u2019\u00e9glise.\u00a0<a href=\"https:\/\/www.ouest-france.fr\/bretagne\/ploermel-56800\/les-reactions-des-elus-affluent-apres-le-deces-de-paul-anselin-ancien-maire-de-ploermel-27bd915e-be5f-11ed-9958-ce650855cbcb\" target=\"_self\" rel=\"noopener\">Lors de l\u2019annonce du d\u00e9c\u00e8s de Paul Anselin, l\u2019ancien pr\u00e9sident de la r\u00e9gion Bretagne avait salu\u00e9<\/a>\u00a0<strong>\u00ab\u00a0un personnage aussi marquant qu\u2019atypique. Je retiens surtout de lui l\u2019ind\u00e9pendance de vue et la spectaculaire t\u00e9nacit\u00e9 qu\u2019il cultivait au service de combats pour la Bretagne et les Bretons qui nous ont souvent rapproch\u00e9s.\u00a0\u00bb<\/strong><\/p>\n<p>&nbsp;<\/p>\n<\/div>\n<header role=\"banner\">\n<section class=\"container space-top-m space-bottom-n\" lang=\"fr\">\n<div class=\"header-publication--content\">\n<h1 style=\"text-align: center;\"><span style=\"text-decoration: underline;\"><strong>Article paru sur le site de l&rsquo;Elys\u00e9e : www.elysee.fr<\/strong><\/span><\/h1>\n<h1 class=\"h1 space-bottom-10\">D\u00e9c\u00e8s de Paul Anselin.<\/h1>\n<p class=\"published-at\">Publi\u00e9 le 10 mars 2023<\/p>\n<\/div>\n<\/section>\n<\/header>\n<p>&nbsp;<\/p>\n<div class=\"container space-bottom-30\"><\/div>\n<div class=\"container\" lang=\"fr\">\n<div class=\"\">\n<div class=\"modules articleSummary-neighbours\">\n<section class=\"container \">\n<div id=\"moduleAnchor-209300\" class=\"container--thicker-xs\">\n<div class=\"reset-last-space ck-styled\" dir=\"auto\">\n<p style=\"text-align: justify;\">Anim\u00e9 sa vie durant d\u2019un patriotisme fervent, Paul Anselin, qui fut pendant trois d\u00e9cennies l\u2019embl\u00e9matique maire de Plo\u00ebrmel et le conseiller pr\u00e9cieux de nombre de nos hommes d\u2019Etat, s\u2019est \u00e9teint, \u00e0 l\u2019\u00e2ge de 91 ans.<\/p>\n<p style=\"text-align: justify;\">Pour Paul Anselin, une existence heureuse \u00e9tait indissociable d\u2019un engagement fort, entier, qui d\u00e9buta, pour lui, au sein de nos arm\u00e9es. Fra\u00eechement \u00e9moulu de Saint-Cyr, il prit le chemin de l\u2019Alg\u00e9rie en 1957, rejoignant le 6e r\u00e9giment des chasseurs d\u2019Afrique, o\u00f9 il croisa la route d\u2019un certain Jacques Chirac, engag\u00e9 volontaire comme lui, qui le sauva d\u2019une mort certaine lors d\u2019une embuscade, scellant une amiti\u00e9 pour la vie.<br \/>\nPaul Anselin traversa le si\u00e8cle avec \u00e0 l\u2019esprit les h\u00e9ros de romans historiques et d\u2019aventures qu\u2019il aimait tant. Successivement officier de renseignement puis sous-pr\u00e9fet dans les Vosges, il appartint \u00e0 plus d\u2019une dizaine de cabinets minist\u00e9riels o\u00f9, d\u2019Alain Madelin \u00e0 l\u2019Industrie \u00e0 Alain Jupp\u00e9 aux Affaires \u00e9trang\u00e8res, ses conseils avis\u00e9s \u00e9taient pris\u00e9s des grandes figures de la droite.<\/p>\n<p style=\"text-align: justify;\">Mais plus encore que la confiance des ministres, c\u2019est bien la reconnaissance des Plo\u00ebrmelais que Paul Anselin ch\u00e9rissait par-dessus tout. Elu maire en 1977, il ne quitta l\u2019h\u00f4tel de ville pendant 31 ans. Ses si\u00e8ges de conseiller au d\u00e9partement du Morbihan et \u00e0 la r\u00e9gion Bretagne offrirent \u00e0 celui qui se d\u00e9finissait comme un gaulliste social les leviers n\u00e9cessaires pour mener \u00e0 bien ses projets. Il mit au service de ses administr\u00e9s bretons son carnet d\u2019adresses parisien et Plo\u00ebrmel connut une notori\u00e9t\u00e9 et une industrialisation croissantes. Sous ses mandats, la ville se transforma en un bassin d\u2019activit\u00e9 mod\u00e8le pour toute la Bretagne.<\/p>\n<p style=\"text-align: justify;\">Edile strat\u00e8ge, adepte du temps long, Paul Anselin fut un farouche d\u00e9fenseur de l\u2019h\u00f4pital local, ainsi que des \u00e9coles de Plo\u00ebrmel. Des investissements d\u2019int\u00e9r\u00eat g\u00e9n\u00e9ral permis gr\u00e2ce aux recettes fiscales g\u00e9n\u00e9r\u00e9es par les dizaines d\u2019entreprises qu\u2019il avait convaincues de s\u2019installer sur son territoire.<\/p>\n<p style=\"text-align: justify;\">Tout \u00e0 la fois homme d\u2019action et fin lettr\u00e9, Paul Anselin \u00e9tait un polyglotte f\u00e9ru d\u2019histoire qui \u00e9crivit sa vie \u00e0 l\u2019encre de son propre engagement. Lui-m\u00eame auteur, il se saisissait r\u00e9guli\u00e8rement de sa plume, publiant nombre d\u2019ouvrages \u00e9rudits.<\/p>\n<p style=\"text-align: justify;\">Le Pr\u00e9sident de la R\u00e9publique salue un homme d\u2019engagement, d\u2019aventure et de fid\u00e9lit\u00e9 \u00e0 la fois, qui mit toute son \u00e9nergie au service de son pays. Il adresse ses condol\u00e9ances attrist\u00e9es \u00e0 sa famille, ses proches et \u00e0 tous les Plo\u00ebrmelais.<\/p>\n<\/div>\n<\/div>\n<\/section>\n<\/div>\n<\/div>\n<\/div>\n<p>&nbsp;<\/p>\n<\/div>\n","protected":false},"excerpt":{"rendered":"<p>Lors de ces obs\u00e8ques, la Section \u00e9tait repr\u00e9sent\u00e9e par le Pr\u00e9sident du Comit\u00e9 Plo\u00ebrmel-Co\u00ebtquidan et son drapeau et le 1er VP de la Section &#8230;.<\/p>\n","protected":false},"author":329,"featured_media":8456,"comment_status":"closed","ping_status":"open","sticky":false,"template":"","format":"standard","meta":{"footnotes":""},"categories":[497,337],"tags":[],"class_list":["post-8453","post","type-post","status-publish","format-standard","has-post-thumbnail","hentry","category-deces-la-section","category-la-section","wpcat-497-id","wpcat-337-id"],"_links":{"self":[{"href":"http:\/\/www.semlh-morbihan.fr\/wordpress\/wp-json\/wp\/v2\/posts\/8453","targetHints":{"allow":["GET"]}}],"collection":[{"href":"http:\/\/www.semlh-morbihan.fr\/wordpress\/wp-json\/wp\/v2\/posts"}],"about":[{"href":"http:\/\/www.semlh-morbihan.fr\/wordpress\/wp-json\/wp\/v2\/types\/post"}],"author":[{"embeddable":true,"href":"http:\/\/www.semlh-morbihan.fr\/wordpress\/wp-json\/wp\/v2\/users\/329"}],"replies":[{"embeddable":true,"href":"http:\/\/www.semlh-morbihan.fr\/wordpress\/wp-json\/wp\/v2\/comments?post=8453"}],"version-history":[{"count":7,"href":"http:\/\/www.semlh-morbihan.fr\/wordpress\/wp-json\/wp\/v2\/posts\/8453\/revisions"}],"predecessor-version":[{"id":8464,"href":"http:\/\/www.semlh-morbihan.fr\/wordpress\/wp-json\/wp\/v2\/posts\/8453\/revisions\/8464"}],"wp:featuredmedia":[{"embeddable":true,"href":"http:\/\/www.semlh-morbihan.fr\/wordpress\/wp-json\/wp\/v2\/media\/8456"}],"wp:attachment":[{"href":"http:\/\/www.semlh-morbihan.fr\/wordpress\/wp-json\/wp\/v2\/media?parent=8453"}],"wp:term":[{"taxonomy":"category","embeddable":true,"href":"http:\/\/www.semlh-morbihan.fr\/wordpress\/wp-json\/wp\/v2\/categories?post=8453"},{"taxonomy":"post_tag","embeddable":true,"href":"http:\/\/www.semlh-morbihan.fr\/wordpress\/wp-json\/wp\/v2\/tags?post=8453"}],"curies":[{"name":"wp","href":"https:\/\/api.w.org\/{rel}","templated":true}]}}