{"id":8465,"date":"2023-02-28T18:54:26","date_gmt":"2023-02-28T17:54:26","guid":{"rendered":"http:\/\/www.semlh-morbihan.fr\/wordpress\/?p=8465"},"modified":"2023-04-17T19:49:45","modified_gmt":"2023-04-17T17:49:45","slug":"voeux-au-cercle-de-lorient-le-3-fevrier-2023","status":"publish","type":"post","link":"http:\/\/www.semlh-morbihan.fr\/wordpress\/2023\/02\/28\/voeux-au-cercle-de-lorient-le-3-fevrier-2023\/","title":{"rendered":"Voeux au cercle de Lorient le 3 f\u00e9vrier 2023"},"content":{"rendered":"<p>Le 03 f\u00e9vrier 2023 s &lsquo;est d\u00e9roul\u00e9 au cercle de mixte de Lorient la traditionnelle r\u00e9union des voeux, durant laquelle le pr\u00e9sident Guy Sinel a fait la point sur les nombreuses activit\u00e9s du Comit\u00e9 durant toute l &lsquo;ann\u00e9e 2022, nous obligeant \u00e0 louvoyer entre les diff\u00e9rents protocoles sanitaires. Il a aussi esquiss\u00e9 les futures activit\u00e9s de 2023. Il a aussi tenu \u00e0 signaler que le Comit\u00e9 du Pays de Lorient, soutenu par la Section du Morbihan venait d &lsquo;\u00eatre prim\u00e9 dans le cadre de l &lsquo;action national de la SMLH \u00ab\u00a0L&rsquo;Honneur en Action 2022 \u00a0\u00bb pour le projet \u00a0\u00bb les cadets de la s\u00e9curit\u00e9 civile du coll\u00e8gue Tr\u00e9faven de Lorient .<\/p>\n<p>Le vice-pr\u00e9sident, le C.A (2S) bruno Sarrade a soulign\u00e9 l &lsquo;action port\u00e9e par notre comit\u00e9 sur les valeurs de la R\u00e9publique.<\/p>\n<p>Le pr\u00e9sident a souhait\u00e9 \u00e0 tou , pr\u00e9sents ou absents \u00a0\u00bb bon vent pour la Travers\u00e9e\u00a0\u00bbde 2023.<\/p>\n<p>Puis, nous avons particip\u00e9 au repas, anim\u00e9 par la musique de notre ami Pierre G\u00e9min.<\/p>\n<p>&nbsp;<\/p>\n<p>C.V(H) Guy Sinel<\/p>\n<p>Pr\u00e9sident du Comit\u00e9 SMLH du pays de Lorient<\/p>\n<p>&nbsp;<\/p>\n<figure id=\"attachment_8698\" aria-describedby=\"caption-attachment-8698\" style=\"width: 600px\" class=\"wp-caption aligncenter\"><img loading=\"lazy\" decoding=\"async\" class=\"size-medium wp-image-8698\" src=\"http:\/\/www.semlh-morbihan.fr\/wordpress\/wp-content\/uploads\/2023\/04\/IMG_4998-600x338.jpg\" alt=\"\" width=\"600\" height=\"338\" srcset=\"http:\/\/www.semlh-morbihan.fr\/wordpress\/wp-content\/uploads\/2023\/04\/IMG_4998-600x338.jpg 600w, http:\/\/www.semlh-morbihan.fr\/wordpress\/wp-content\/uploads\/2023\/04\/IMG_4998.jpg 640w\" sizes=\"auto, (max-width: 600px) 100vw, 600px\" \/><figcaption id=\"caption-attachment-8698\" class=\"wp-caption-text\">Le pr\u00e9sident du comit\u00e9 Guy SInel, retrace les actions 2022 du comit\u00e9<\/figcaption><\/figure>\n<figure id=\"attachment_8468\" aria-describedby=\"caption-attachment-8468\" style=\"width: 600px\" class=\"wp-caption aligncenter\"><img loading=\"lazy\" decoding=\"async\" class=\"size-medium wp-image-8468\" src=\"http:\/\/www.semlh-morbihan.fr\/wordpress\/wp-content\/uploads\/2023\/03\/IMG_4999-600x338.jpg\" alt=\"\" width=\"600\" height=\"338\" srcset=\"http:\/\/www.semlh-morbihan.fr\/wordpress\/wp-content\/uploads\/2023\/03\/IMG_4999-600x338.jpg 600w, http:\/\/www.semlh-morbihan.fr\/wordpress\/wp-content\/uploads\/2023\/03\/IMG_4999.jpg 640w\" sizes=\"auto, (max-width: 600px) 100vw, 600px\" \/><figcaption id=\"caption-attachment-8468\" class=\"wp-caption-text\">Le vice-pr\u00e9sident H. Sarrade<\/figcaption><\/figure>\n<p>&nbsp;<\/p>\n","protected":false},"excerpt":{"rendered":"<p>Le 03 f\u00e9vrier 2023 s &lsquo;est d\u00e9roul\u00e9 au cercle de mixte de Lorient la traditionnelle r\u00e9union des voeux, durant laquelle le pr\u00e9sident Guy Sinel a&#8230;<\/p>\n","protected":false},"author":329,"featured_media":8469,"comment_status":"closed","ping_status":"open","sticky":false,"template":"","format":"standard","meta":{"footnotes":""},"categories":[1],"tags":[],"class_list":["post-8465","post","type-post","status-publish","format-standard","has-post-thumbnail","hentry","category-non-classe","wpcat-1-id"],"_links":{"self":[{"href":"http:\/\/www.semlh-morbihan.fr\/wordpress\/wp-json\/wp\/v2\/posts\/8465","targetHints":{"allow":["GET"]}}],"collection":[{"href":"http:\/\/www.semlh-morbihan.fr\/wordpress\/wp-json\/wp\/v2\/posts"}],"about":[{"href":"http:\/\/www.semlh-morbihan.fr\/wordpress\/wp-json\/wp\/v2\/types\/post"}],"author":[{"embeddable":true,"href":"http:\/\/www.semlh-morbihan.fr\/wordpress\/wp-json\/wp\/v2\/users\/329"}],"replies":[{"embeddable":true,"href":"http:\/\/www.semlh-morbihan.fr\/wordpress\/wp-json\/wp\/v2\/comments?post=8465"}],"version-history":[{"count":4,"href":"http:\/\/www.semlh-morbihan.fr\/wordpress\/wp-json\/wp\/v2\/posts\/8465\/revisions"}],"predecessor-version":[{"id":8702,"href":"http:\/\/www.semlh-morbihan.fr\/wordpress\/wp-json\/wp\/v2\/posts\/8465\/revisions\/8702"}],"wp:featuredmedia":[{"embeddable":true,"href":"http:\/\/www.semlh-morbihan.fr\/wordpress\/wp-json\/wp\/v2\/media\/8469"}],"wp:attachment":[{"href":"http:\/\/www.semlh-morbihan.fr\/wordpress\/wp-json\/wp\/v2\/media?parent=8465"}],"wp:term":[{"taxonomy":"category","embeddable":true,"href":"http:\/\/www.semlh-morbihan.fr\/wordpress\/wp-json\/wp\/v2\/categories?post=8465"},{"taxonomy":"post_tag","embeddable":true,"href":"http:\/\/www.semlh-morbihan.fr\/wordpress\/wp-json\/wp\/v2\/tags?post=8465"}],"curies":[{"name":"wp","href":"https:\/\/api.w.org\/{rel}","templated":true}]}}