{"id":8471,"date":"2023-02-28T19:02:37","date_gmt":"2023-02-28T18:02:37","guid":{"rendered":"http:\/\/www.semlh-morbihan.fr\/wordpress\/?p=8471"},"modified":"2023-03-12T19:16:51","modified_gmt":"2023-03-12T18:16:51","slug":"ceremonie-a-breuzent-commune-de-ploemeur-en-hommage-aux-4-aviateurs-allies-morts-en-mission-en-1943","status":"publish","type":"post","link":"http:\/\/www.semlh-morbihan.fr\/wordpress\/2023\/02\/28\/ceremonie-a-breuzent-commune-de-ploemeur-en-hommage-aux-4-aviateurs-allies-morts-en-mission-en-1943\/","title":{"rendered":"C\u00e9r\u00e9monie \u00e0 Breuzent, commune de Ploemeur, en hommage aux 4 aviateurs alli\u00e9s morts en mission en 1943"},"content":{"rendered":"<h2 style=\"text-align: center;\"><span style=\"text-decoration: underline;\"><strong>Hommage aux Aviateurs alli\u00e9s 80 ans apr\u00e8s leur mort.<\/strong><\/span><\/h2>\n<p>Une c\u00e9r\u00e9monie a \u00e9t\u00e9 organis\u00e9e \u00e0 Breuzent ( Ploemeur 56 270 ), le 04 f\u00e9vrier pour rendre hommage aux 4 aviateurs anglais morts en mission \u00e0 bord du Wellington ZL-X, lors du crash de celui -ci, il y a 80 ans , en 1943, en ce lieu.<\/p>\n<p>Cette c\u00e9r\u00e9monie a \u00e9t\u00e9 organis\u00e9e par l &lsquo;association Rossitten, histoire et m\u00e9moire, en lien avec la ville de Ploemeur. Elle s&rsquo;est d\u00e9roul\u00e9e en pr\u00e9sence du commandant de la base a\u00e9ronavale de Lann Bihou\u00e9, Pierre Marcelin, de l &lsquo;attach\u00e9 militaire de Grande Bretagne \u00e0 Paris, le group captain Antony Mc Cord, du maire de Ploemeur, Ronan Loas et le pr\u00e9sident de \u00ab\u00a0Lorient Agglom\u00e9ration\u00a0\u00bb Fabrice Loher. Notre Comit\u00e9 \u00e9tait repr\u00e9sent\u00e9 par plusieurs membres avec notre drapeau.<\/p>\n<p>Le 4 f\u00e9vrier 1943, 57 avions alli\u00e9s d\u00e9collent d &lsquo;Angleterre avec pour mission bombarder les cibles militaires et notamment la base sds sous-marins de K\u00e9roman \u00e0 Lorient<\/p>\n<p>Belle c\u00e9r\u00e9monie\u00a0 empreinte de solennit\u00e9 et d &lsquo;\u00e9motion.<\/p>\n<p>C.V (H) Guy sinel<\/p>\n<p>pr\u00e9sident du Comit\u00e9 du Pays de Lorient.*<\/p>\n","protected":false},"excerpt":{"rendered":"<p>Hommage aux Aviateurs alli\u00e9s 80 ans apr\u00e8s leur mort. Une c\u00e9r\u00e9monie a \u00e9t\u00e9 organis\u00e9e \u00e0 Breuzent ( Ploemeur 56 270 ), le 04 f\u00e9vrier pour&#8230;<\/p>\n","protected":false},"author":329,"featured_media":8473,"comment_status":"closed","ping_status":"open","sticky":false,"template":"","format":"standard","meta":{"footnotes":""},"categories":[1],"tags":[],"class_list":["post-8471","post","type-post","status-publish","format-standard","has-post-thumbnail","hentry","category-non-classe","wpcat-1-id"],"_links":{"self":[{"href":"http:\/\/www.semlh-morbihan.fr\/wordpress\/wp-json\/wp\/v2\/posts\/8471","targetHints":{"allow":["GET"]}}],"collection":[{"href":"http:\/\/www.semlh-morbihan.fr\/wordpress\/wp-json\/wp\/v2\/posts"}],"about":[{"href":"http:\/\/www.semlh-morbihan.fr\/wordpress\/wp-json\/wp\/v2\/types\/post"}],"author":[{"embeddable":true,"href":"http:\/\/www.semlh-morbihan.fr\/wordpress\/wp-json\/wp\/v2\/users\/329"}],"replies":[{"embeddable":true,"href":"http:\/\/www.semlh-morbihan.fr\/wordpress\/wp-json\/wp\/v2\/comments?post=8471"}],"version-history":[{"count":2,"href":"http:\/\/www.semlh-morbihan.fr\/wordpress\/wp-json\/wp\/v2\/posts\/8471\/revisions"}],"predecessor-version":[{"id":8476,"href":"http:\/\/www.semlh-morbihan.fr\/wordpress\/wp-json\/wp\/v2\/posts\/8471\/revisions\/8476"}],"wp:featuredmedia":[{"embeddable":true,"href":"http:\/\/www.semlh-morbihan.fr\/wordpress\/wp-json\/wp\/v2\/media\/8473"}],"wp:attachment":[{"href":"http:\/\/www.semlh-morbihan.fr\/wordpress\/wp-json\/wp\/v2\/media?parent=8471"}],"wp:term":[{"taxonomy":"category","embeddable":true,"href":"http:\/\/www.semlh-morbihan.fr\/wordpress\/wp-json\/wp\/v2\/categories?post=8471"},{"taxonomy":"post_tag","embeddable":true,"href":"http:\/\/www.semlh-morbihan.fr\/wordpress\/wp-json\/wp\/v2\/tags?post=8471"}],"curies":[{"name":"wp","href":"https:\/\/api.w.org\/{rel}","templated":true}]}}