{"id":8478,"date":"2023-03-11T19:36:52","date_gmt":"2023-03-11T18:36:52","guid":{"rendered":"http:\/\/www.semlh-morbihan.fr\/wordpress\/?p=8478"},"modified":"2023-03-13T11:14:39","modified_gmt":"2023-03-13T10:14:39","slug":"ceremonie-a-la-prefecture-du-morbihan-le-11-mars-en-hommage-aux-victimes-du-terrorisme","status":"publish","type":"post","link":"http:\/\/www.semlh-morbihan.fr\/wordpress\/2023\/03\/11\/ceremonie-a-la-prefecture-du-morbihan-le-11-mars-en-hommage-aux-victimes-du-terrorisme\/","title":{"rendered":"C\u00e9r\u00e9monie \u00e0 la pr\u00e9fecture du Morbihan le 11 mars en hommage aux victimes du terrorisme"},"content":{"rendered":"<p>La c\u00e9r\u00e9monie d&rsquo;hommage aux victimes du terrorisme s&rsquo;est d\u00e9roul\u00e9e en pr\u00e9fectjre de Vanne le 11 mars 2023.<\/p>\n<p>Les participants au relais du souvenir-Morbihan l&rsquo;ont termin\u00e9 \u00e0 Vannes. Ils \u00e9taient partis de Tr\u00e9dion, square A. Beltrame.<\/p>\n<p>Deux victimes ont \u00e9t\u00e9 honor\u00e9es par la m\u00e9daille nouvellement cr\u00e9e, remise par le pr\u00e9fet du Morbihan.<\/p>\n<p>Le porte-drapeau de la SMLH \u00e9tait le secr\u00e9taire de la section, Roland Mergel.<\/p>\n<p>&nbsp;<\/p>\n<figure id=\"attachment_8479\" aria-describedby=\"caption-attachment-8479\" style=\"width: 600px\" class=\"wp-caption aligncenter\"><img loading=\"lazy\" decoding=\"async\" class=\"size-medium wp-image-8479\" src=\"http:\/\/www.semlh-morbihan.fr\/wordpress\/wp-content\/uploads\/2023\/03\/prefecture-11-3-23-1-600x400.jpg\" alt=\"\" width=\"600\" height=\"400\" srcset=\"http:\/\/www.semlh-morbihan.fr\/wordpress\/wp-content\/uploads\/2023\/03\/prefecture-11-3-23-1-600x400.jpg 600w, http:\/\/www.semlh-morbihan.fr\/wordpress\/wp-content\/uploads\/2023\/03\/prefecture-11-3-23-1-1024x682.jpg 1024w, http:\/\/www.semlh-morbihan.fr\/wordpress\/wp-content\/uploads\/2023\/03\/prefecture-11-3-23-1-768x512.jpg 768w, http:\/\/www.semlh-morbihan.fr\/wordpress\/wp-content\/uploads\/2023\/03\/prefecture-11-3-23-1-1536x1023.jpg 1536w, http:\/\/www.semlh-morbihan.fr\/wordpress\/wp-content\/uploads\/2023\/03\/prefecture-11-3-23-1-1218x811.jpg 1218w, http:\/\/www.semlh-morbihan.fr\/wordpress\/wp-content\/uploads\/2023\/03\/prefecture-11-3-23-1.jpg 2048w\" sizes=\"auto, (max-width: 600px) 100vw, 600px\" \/><figcaption id=\"caption-attachment-8479\" class=\"wp-caption-text\">dans la cour de la pr\u00e9fecture du Morbihan<\/figcaption><\/figure>\n","protected":false},"excerpt":{"rendered":"<p>La c\u00e9r\u00e9monie d&rsquo;hommage aux victimes du terrorisme s&rsquo;est d\u00e9roul\u00e9e en pr\u00e9fectjre de Vanne le 11 mars 2023. Les participants au relais du souvenir-Morbihan l&rsquo;ont termin\u00e9&#8230;<\/p>\n","protected":false},"author":329,"featured_media":8480,"comment_status":"closed","ping_status":"open","sticky":false,"template":"","format":"standard","meta":{"footnotes":""},"categories":[417,337],"tags":[],"class_list":["post-8478","post","type-post","status-publish","format-standard","has-post-thumbnail","hentry","category-ceremonies-patriotiques","category-la-section","wpcat-417-id","wpcat-337-id"],"_links":{"self":[{"href":"http:\/\/www.semlh-morbihan.fr\/wordpress\/wp-json\/wp\/v2\/posts\/8478","targetHints":{"allow":["GET"]}}],"collection":[{"href":"http:\/\/www.semlh-morbihan.fr\/wordpress\/wp-json\/wp\/v2\/posts"}],"about":[{"href":"http:\/\/www.semlh-morbihan.fr\/wordpress\/wp-json\/wp\/v2\/types\/post"}],"author":[{"embeddable":true,"href":"http:\/\/www.semlh-morbihan.fr\/wordpress\/wp-json\/wp\/v2\/users\/329"}],"replies":[{"embeddable":true,"href":"http:\/\/www.semlh-morbihan.fr\/wordpress\/wp-json\/wp\/v2\/comments?post=8478"}],"version-history":[{"count":4,"href":"http:\/\/www.semlh-morbihan.fr\/wordpress\/wp-json\/wp\/v2\/posts\/8478\/revisions"}],"predecessor-version":[{"id":8493,"href":"http:\/\/www.semlh-morbihan.fr\/wordpress\/wp-json\/wp\/v2\/posts\/8478\/revisions\/8493"}],"wp:featuredmedia":[{"embeddable":true,"href":"http:\/\/www.semlh-morbihan.fr\/wordpress\/wp-json\/wp\/v2\/media\/8480"}],"wp:attachment":[{"href":"http:\/\/www.semlh-morbihan.fr\/wordpress\/wp-json\/wp\/v2\/media?parent=8478"}],"wp:term":[{"taxonomy":"category","embeddable":true,"href":"http:\/\/www.semlh-morbihan.fr\/wordpress\/wp-json\/wp\/v2\/categories?post=8478"},{"taxonomy":"post_tag","embeddable":true,"href":"http:\/\/www.semlh-morbihan.fr\/wordpress\/wp-json\/wp\/v2\/tags?post=8478"}],"curies":[{"name":"wp","href":"https:\/\/api.w.org\/{rel}","templated":true}]}}