{"id":8509,"date":"2023-03-20T19:29:10","date_gmt":"2023-03-20T18:29:10","guid":{"rendered":"http:\/\/www.semlh-morbihan.fr\/wordpress\/?p=8509"},"modified":"2023-03-21T19:30:33","modified_gmt":"2023-03-21T18:30:33","slug":"19-mars-2023-journee-nationale-du-souvenir-et-du-recueillement-a-la-memoire-de-svictimes-civiles-et-militaires-de-la-guerre-dalgerie-et-des-combats-en-tunisie-et-au-maroc","status":"publish","type":"post","link":"http:\/\/www.semlh-morbihan.fr\/wordpress\/2023\/03\/20\/19-mars-2023-journee-nationale-du-souvenir-et-du-recueillement-a-la-memoire-de-svictimes-civiles-et-militaires-de-la-guerre-dalgerie-et-des-combats-en-tunisie-et-au-maroc\/","title":{"rendered":"19 mars 2023 &#8211; Journ\u00e9e nationale du souvenir et du recueillement \u00e0 la m\u00e9moire de svictimes civiles et militaires de la guerre d&rsquo;Alg\u00e9rie et des combats en Tunisie et au Maroc."},"content":{"rendered":"<h1 class=\"article__header__title\">\u00c0 Vannes, quatre coll\u00e9giens ont lu deux po\u00e8mes \u00e0 la Garenne lors de la c\u00e9r\u00e9monie du 19-Mars<\/h1>\n<p>&nbsp;<\/p>\n<figure id=\"attachment_8511\" aria-describedby=\"caption-attachment-8511\" style=\"width: 600px\" class=\"wp-caption aligncenter\"><img loading=\"lazy\" decoding=\"async\" class=\"size-medium wp-image-8511\" src=\"http:\/\/www.semlh-morbihan.fr\/wordpress\/wp-content\/uploads\/2023\/03\/19-mars-2023-600x402.jpg\" alt=\"\" width=\"600\" height=\"402\" srcset=\"http:\/\/www.semlh-morbihan.fr\/wordpress\/wp-content\/uploads\/2023\/03\/19-mars-2023-600x402.jpg 600w, http:\/\/www.semlh-morbihan.fr\/wordpress\/wp-content\/uploads\/2023\/03\/19-mars-2023.jpg 761w\" sizes=\"auto, (max-width: 600px) 100vw, 600px\" \/><figcaption id=\"caption-attachment-8511\" class=\"wp-caption-text\">article du T\u00e9l\u00e9gramme<\/figcaption><\/figure>\n<p>&nbsp;<\/p>\n<h2 class=\"article__chapo\">La c\u00e9r\u00e9monie du 19-Mars, s\u2019est tenue dans le jardin de la Garenne, \u00e0 Vannes. Des coll\u00e9giens de Jules-Simon se sont impliqu\u00e9s dans cette c\u00e9r\u00e9monie.<\/h2>\n<div class=\"article__content noscript \">\n<p>Sous un beau soleil printanier, la c\u00e9r\u00e9monie de la Journ\u00e9e nationale du souvenir et du recueillement \u00e0 la m\u00e9moire des victimes civiles et militaires de la guerre d\u2019Alg\u00e9rie et des combats en Tunisie et au Maroc, institu\u00e9e le 19 mars depuis 2012 s\u2019est d\u00e9roul\u00e9e dimanche \u00e0 15\u00a0h dans le jardin de la Garenne, \u00e0 Vannes.<\/p>\n<p>Devant la st\u00e8le m\u00e9morielle et 17 porte-drapeaux, en pr\u00e9sence du pr\u00e9fet, Pascal Bolot, de la d\u00e9put\u00e9e, Anne Le H\u00e9nanff, des \u00e9lus locaux, du Lieutenant-Colonel Debesse, et d\u2019une assistance d\u2019anciens combattants, No\u00e9mie, Mohadesa et deux Nathan, quatre \u00e9l\u00e8ves du coll\u00e8ge Jules-Simon ont lu deux po\u00e8mes de Genevi\u00e8ve de Ternant\u00a0: \u00ab\u00a0Pied-Noir\u00a0\u00bb par les deux coll\u00e9giennes et \u00ab\u00a0Appel\u00e9\u00a0\u00bb par les gar\u00e7ons. Apr\u00e8s le texte minist\u00e9riel lu par le pr\u00e9fet, le d\u00e9p\u00f4t de six gerbes devant la st\u00e8le, la sonnerie aux Morts et la minute de silence, \u00ab\u00a0La Marseillaise\u00a0\u00bb a retenti, chant\u00e9e par l\u2019assistance.<\/p>\n<p style=\"text-align: center;\"><div id=\"metaslider-id-8528\" style=\"width: 100%; margin: 0 auto;\" class=\"ml-slider-3-108-0 metaslider metaslider-flex metaslider-8528 ml-slider has-carousel-mode ms-theme-default nav-hidden\" role=\"region\" aria-label=\"c\u00e9r\u00e9monie du 19 mars 2023 au plateau de la Garenne \u00e0 Vannes\" data-height=\"500\" data-width=\"700\">\n    <div id=\"metaslider_container_8528\">\n        <div id=\"metaslider_8528\">\n            <ul class='slides'>\n                <li style=\"display: none; width: 100%;\" class=\"slide-8529 ms-image \" aria-roledescription=\"slide\" data-date=\"2023-03-21 19:26:02\" data-filename=\"IMG_2058-700x500.jpg\" data-slide-type=\"image\"><img loading=\"lazy\" decoding=\"async\" src=\"http:\/\/www.semlh-morbihan.fr\/wordpress\/wp-content\/uploads\/2023\/03\/IMG_2058-700x500.jpg\" height=\"500\" width=\"700\" alt=\"\" class=\"slider-8528 slide-8529 msDefaultImage\" title=\"IMG_2058\" \/><\/li>\n                <li style=\"display: none; width: 100%;\" class=\"slide-8530 ms-image \" aria-roledescription=\"slide\" data-date=\"2023-03-21 19:26:02\" data-filename=\"IMG_2051-700x500.jpg\" data-slide-type=\"image\"><img loading=\"lazy\" decoding=\"async\" src=\"http:\/\/www.semlh-morbihan.fr\/wordpress\/wp-content\/uploads\/2023\/03\/IMG_2051-700x500.jpg\" height=\"500\" width=\"700\" alt=\"\" class=\"slider-8528 slide-8530 msDefaultImage\" title=\"IMG_2051\" \/><\/li>\n                <li style=\"display: none; width: 100%;\" class=\"slide-8531 ms-image \" aria-roledescription=\"slide\" data-date=\"2023-03-21 19:26:02\" data-filename=\"IMG_2048-700x500.jpg\" data-slide-type=\"image\"><img loading=\"lazy\" decoding=\"async\" src=\"http:\/\/www.semlh-morbihan.fr\/wordpress\/wp-content\/uploads\/2023\/03\/IMG_2048-700x500.jpg\" height=\"500\" width=\"700\" alt=\"\" class=\"slider-8528 slide-8531 msDefaultImage\" title=\"IMG_2048\" \/><\/li>\n                <li style=\"display: none; width: 100%;\" class=\"slide-8532 ms-image \" aria-roledescription=\"slide\" data-date=\"2023-03-21 19:26:03\" data-filename=\"IMG_2045-700x500.jpg\" data-slide-type=\"image\"><img loading=\"lazy\" decoding=\"async\" src=\"http:\/\/www.semlh-morbihan.fr\/wordpress\/wp-content\/uploads\/2023\/03\/IMG_2045-700x500.jpg\" height=\"500\" width=\"700\" alt=\"\" class=\"slider-8528 slide-8532 msDefaultImage\" title=\"IMG_2045\" \/><\/li>\n                <li style=\"display: none; width: 100%;\" class=\"slide-8533 ms-image \" aria-roledescription=\"slide\" data-date=\"2023-03-21 19:26:03\" data-filename=\"IMG_2043-700x500.jpg\" data-slide-type=\"image\"><img loading=\"lazy\" decoding=\"async\" src=\"http:\/\/www.semlh-morbihan.fr\/wordpress\/wp-content\/uploads\/2023\/03\/IMG_2043-700x500.jpg\" height=\"500\" width=\"700\" alt=\"\" class=\"slider-8528 slide-8533 msDefaultImage\" title=\"IMG_2043\" \/><\/li>\n                <li style=\"display: none; width: 100%;\" class=\"slide-8534 ms-image \" aria-roledescription=\"slide\" data-date=\"2023-03-21 19:26:03\" data-filename=\"IMG_1981-700x500.jpg\" data-slide-type=\"image\"><img loading=\"lazy\" decoding=\"async\" src=\"http:\/\/www.semlh-morbihan.fr\/wordpress\/wp-content\/uploads\/2023\/03\/IMG_1981-700x500.jpg\" height=\"500\" width=\"700\" alt=\"\" class=\"slider-8528 slide-8534 msDefaultImage\" title=\"IMG_1981\" \/><\/li>\n                <li style=\"display: none; width: 100%;\" class=\"slide-8535 ms-image \" aria-roledescription=\"slide\" data-date=\"2023-03-21 19:26:03\" data-filename=\"IMG_1966-700x500.jpg\" data-slide-type=\"image\"><img loading=\"lazy\" decoding=\"async\" src=\"http:\/\/www.semlh-morbihan.fr\/wordpress\/wp-content\/uploads\/2023\/03\/IMG_1966-700x500.jpg\" height=\"500\" width=\"700\" alt=\"\" class=\"slider-8528 slide-8535 msDefaultImage\" title=\"IMG_1966\" \/><\/li>\n                <li style=\"display: none; width: 100%;\" class=\"slide-8536 ms-image \" aria-roledescription=\"slide\" data-date=\"2023-03-21 19:26:03\" data-filename=\"IMG_1883-700x500.jpg\" data-slide-type=\"image\"><img loading=\"lazy\" decoding=\"async\" src=\"http:\/\/www.semlh-morbihan.fr\/wordpress\/wp-content\/uploads\/2023\/03\/IMG_1883-700x500.jpg\" height=\"500\" width=\"700\" alt=\"\" class=\"slider-8528 slide-8536 msDefaultImage\" title=\"IMG_1883\" \/><\/li>\n                <li style=\"display: none; width: 100%;\" class=\"slide-8537 ms-image \" aria-roledescription=\"slide\" data-date=\"2023-03-21 19:26:03\" data-filename=\"IMG_1882-700x500.jpg\" data-slide-type=\"image\"><img loading=\"lazy\" decoding=\"async\" src=\"http:\/\/www.semlh-morbihan.fr\/wordpress\/wp-content\/uploads\/2023\/03\/IMG_1882-700x500.jpg\" height=\"500\" width=\"700\" alt=\"\" class=\"slider-8528 slide-8537 msDefaultImage\" title=\"IMG_1882\" \/><\/li>\n                <li style=\"display: none; width: 100%;\" class=\"slide-8538 ms-image \" aria-roledescription=\"slide\" data-date=\"2023-03-21 19:26:03\" data-filename=\"IMG_1878-700x500.jpg\" data-slide-type=\"image\"><img loading=\"lazy\" decoding=\"async\" src=\"http:\/\/www.semlh-morbihan.fr\/wordpress\/wp-content\/uploads\/2023\/03\/IMG_1878-700x500.jpg\" height=\"500\" width=\"700\" alt=\"\" class=\"slider-8528 slide-8538 msDefaultImage\" title=\"IMG_1878\" \/><\/li>\n                <li style=\"display: none; width: 100%;\" class=\"slide-8539 ms-image \" aria-roledescription=\"slide\" data-date=\"2023-03-21 19:26:03\" data-filename=\"IMG_1855-700x500.jpg\" data-slide-type=\"image\"><img loading=\"lazy\" decoding=\"async\" src=\"http:\/\/www.semlh-morbihan.fr\/wordpress\/wp-content\/uploads\/2023\/03\/IMG_1855-700x500.jpg\" height=\"500\" width=\"700\" alt=\"\" class=\"slider-8528 slide-8539 msDefaultImage\" title=\"IMG_1855\" \/><\/li>\n                <li style=\"display: none; width: 100%;\" class=\"slide-8540 ms-image \" aria-roledescription=\"slide\" data-date=\"2023-03-21 19:26:03\" data-filename=\"IMG_1837-700x500.jpg\" data-slide-type=\"image\"><img loading=\"lazy\" decoding=\"async\" src=\"http:\/\/www.semlh-morbihan.fr\/wordpress\/wp-content\/uploads\/2023\/03\/IMG_1837-700x500.jpg\" height=\"500\" width=\"700\" alt=\"\" class=\"slider-8528 slide-8540 msDefaultImage\" title=\"IMG_1837\" \/><\/li>\n                <li style=\"display: none; width: 100%;\" class=\"slide-8541 ms-image \" aria-roledescription=\"slide\" data-date=\"2023-03-21 19:26:03\" data-filename=\"IMG_1817-700x500.jpg\" data-slide-type=\"image\"><img loading=\"lazy\" decoding=\"async\" src=\"http:\/\/www.semlh-morbihan.fr\/wordpress\/wp-content\/uploads\/2023\/03\/IMG_1817-700x500.jpg\" height=\"500\" width=\"700\" alt=\"\" class=\"slider-8528 slide-8541 msDefaultImage\" title=\"IMG_1817\" \/><\/li>\n                <li style=\"display: none; width: 100%;\" class=\"slide-8542 ms-image \" aria-roledescription=\"slide\" data-date=\"2023-03-21 19:26:03\" data-filename=\"IMG_1794-700x500.jpg\" data-slide-type=\"image\"><img loading=\"lazy\" decoding=\"async\" src=\"http:\/\/www.semlh-morbihan.fr\/wordpress\/wp-content\/uploads\/2023\/03\/IMG_1794-700x500.jpg\" height=\"500\" width=\"700\" alt=\"\" class=\"slider-8528 slide-8542 msDefaultImage\" title=\"IMG_1794\" \/><\/li>\n                <li style=\"display: none; width: 100%;\" class=\"slide-8543 ms-image \" aria-roledescription=\"slide\" data-date=\"2023-03-21 19:26:04\" data-filename=\"IMG_1791-700x500.jpg\" data-slide-type=\"image\"><img loading=\"lazy\" decoding=\"async\" src=\"http:\/\/www.semlh-morbihan.fr\/wordpress\/wp-content\/uploads\/2023\/03\/IMG_1791-700x500.jpg\" height=\"500\" width=\"700\" alt=\"\" class=\"slider-8528 slide-8543 msDefaultImage\" title=\"IMG_1791\" \/><\/li>\n                <li style=\"display: none; width: 100%;\" class=\"slide-8544 ms-image \" aria-roledescription=\"slide\" data-date=\"2023-03-21 19:26:04\" data-filename=\"19-mars-2023-700x500.jpg\" data-slide-type=\"image\"><img loading=\"lazy\" decoding=\"async\" src=\"http:\/\/www.semlh-morbihan.fr\/wordpress\/wp-content\/uploads\/2023\/03\/19-mars-2023-700x500.jpg\" height=\"500\" width=\"700\" alt=\"\" class=\"slider-8528 slide-8544 msDefaultImage\" title=\"19-mars-2023\" \/><div class=\"caption-wrap\"><div class=\"caption\">article du T\u00e9l\u00e9gramme<\/div><\/div><\/li>\n            <\/ul>\n        <\/div>\n        \n    <\/div>\n<\/div><\/p>\n<\/div>\n<p>&nbsp;<\/p>\n","protected":false},"excerpt":{"rendered":"<p>\u00c0 Vannes, quatre coll\u00e9giens ont lu deux po\u00e8mes \u00e0 la Garenne lors de la c\u00e9r\u00e9monie du 19-Mars &nbsp; &nbsp; La c\u00e9r\u00e9monie du 19-Mars, s\u2019est tenue&#8230;<\/p>\n","protected":false},"author":329,"featured_media":8520,"comment_status":"closed","ping_status":"open","sticky":false,"template":"","format":"standard","meta":{"footnotes":""},"categories":[417,337],"tags":[],"class_list":["post-8509","post","type-post","status-publish","format-standard","has-post-thumbnail","hentry","category-ceremonies-patriotiques","category-la-section","wpcat-417-id","wpcat-337-id"],"_links":{"self":[{"href":"http:\/\/www.semlh-morbihan.fr\/wordpress\/wp-json\/wp\/v2\/posts\/8509","targetHints":{"allow":["GET"]}}],"collection":[{"href":"http:\/\/www.semlh-morbihan.fr\/wordpress\/wp-json\/wp\/v2\/posts"}],"about":[{"href":"http:\/\/www.semlh-morbihan.fr\/wordpress\/wp-json\/wp\/v2\/types\/post"}],"author":[{"embeddable":true,"href":"http:\/\/www.semlh-morbihan.fr\/wordpress\/wp-json\/wp\/v2\/users\/329"}],"replies":[{"embeddable":true,"href":"http:\/\/www.semlh-morbihan.fr\/wordpress\/wp-json\/wp\/v2\/comments?post=8509"}],"version-history":[{"count":3,"href":"http:\/\/www.semlh-morbihan.fr\/wordpress\/wp-json\/wp\/v2\/posts\/8509\/revisions"}],"predecessor-version":[{"id":8545,"href":"http:\/\/www.semlh-morbihan.fr\/wordpress\/wp-json\/wp\/v2\/posts\/8509\/revisions\/8545"}],"wp:featuredmedia":[{"embeddable":true,"href":"http:\/\/www.semlh-morbihan.fr\/wordpress\/wp-json\/wp\/v2\/media\/8520"}],"wp:attachment":[{"href":"http:\/\/www.semlh-morbihan.fr\/wordpress\/wp-json\/wp\/v2\/media?parent=8509"}],"wp:term":[{"taxonomy":"category","embeddable":true,"href":"http:\/\/www.semlh-morbihan.fr\/wordpress\/wp-json\/wp\/v2\/categories?post=8509"},{"taxonomy":"post_tag","embeddable":true,"href":"http:\/\/www.semlh-morbihan.fr\/wordpress\/wp-json\/wp\/v2\/tags?post=8509"}],"curies":[{"name":"wp","href":"https:\/\/api.w.org\/{rel}","templated":true}]}}