{"id":8559,"date":"2023-04-10T16:31:31","date_gmt":"2023-04-10T14:31:31","guid":{"rendered":"http:\/\/www.semlh-morbihan.fr\/wordpress\/?p=8559"},"modified":"2023-04-20T18:16:38","modified_gmt":"2023-04-20T16:16:38","slug":"passage-des-1000-km-de-guy-amalfitano-et-accueil-a-auray","status":"publish","type":"post","link":"http:\/\/www.semlh-morbihan.fr\/wordpress\/2023\/04\/10\/passage-des-1000-km-de-guy-amalfitano-et-accueil-a-auray\/","title":{"rendered":"Passage des 1000 km de Guy Amalfitano et accueil \u00e0 Ambon, Auray, Cl\u00e9guer, Bern\u00e9, Noyal-Pontivy et Plo\u00ebrmel"},"content":{"rendered":"<p>&nbsp;<\/p>\n<p><img loading=\"lazy\" decoding=\"async\" class=\"aligncenter size-medium wp-image-8674\" src=\"http:\/\/www.semlh-morbihan.fr\/wordpress\/wp-content\/uploads\/2023\/04\/le-kangourou-600x173.png\" alt=\"\" width=\"600\" height=\"173\" srcset=\"http:\/\/www.semlh-morbihan.fr\/wordpress\/wp-content\/uploads\/2023\/04\/le-kangourou-600x173.png 600w, http:\/\/www.semlh-morbihan.fr\/wordpress\/wp-content\/uploads\/2023\/04\/le-kangourou.png 611w\" sizes=\"auto, (max-width: 600px) 100vw, 600px\" \/><\/p>\n<figure id=\"attachment_8676\" aria-describedby=\"caption-attachment-8676\" style=\"width: 600px\" class=\"wp-caption aligncenter\"><img loading=\"lazy\" decoding=\"async\" class=\"size-full wp-image-8676\" src=\"http:\/\/www.semlh-morbihan.fr\/wordpress\/wp-content\/uploads\/2023\/04\/guy-et-son-camion.png\" alt=\"\" width=\"600\" height=\"375\" \/><figcaption id=\"caption-attachment-8676\" class=\"wp-caption-text\">Guy Amalfitano et son camping car<\/figcaption><\/figure>\n<p style=\"text-align: justify;\"><u><b>Guy Amalfitano,<\/b><\/u> membre de la section B\u00e9arn-Soule de la SMLH, athl\u00e8te de haut niveau et pr\u00e9sident fondateur d&rsquo;un association humanitaire, a \u00e9t\u00e9 nomm\u00e9 chevalier de la l\u00e9gion d&rsquo;honneur en 2019, notamment suite aux nombreuses actions qu&rsquo;il a men\u00e9es ces derni\u00e8res ann\u00e9es, en faveur de la lutte contre el cancer.<br \/>\n<u><b>son d\u00e9fi <\/b><\/u>: parcourir en courant 4300 km les 12 r\u00e9gions de l&rsquo;hexagone et ce pendant 100 jours \u00e0 raison de 42 lm par jour, d\u00e9part le 17 mars 2023 et retour le 24 juin 2023. (plus d&rsquo;information sur le dossier de presse)<\/p>\n<p style=\"text-align: justify;\"><b>Le but est de collecter des fonds pour une association de chaque r\u00e9gion, d&rsquo;aller \u00e0 la rencontre de toutes celles et ceux qui soutiennent Guy depuis qu&rsquo;il s&rsquo;est lanc\u00e9 dans ses actions solidaires, et d&rsquo;homologuer le record du monde de la plus longue distance parcourue sur une jambe en 100 jours cons\u00e9cutifs.<\/b><\/p>\n<h4 style=\"text-align: center;\">pour suivre son parcours<b>, <a href=\"https:\/\/solusport.solustop.com\/3888\/carto\">cliquer sur la balise GPS de Guy<\/a><br \/>\n<\/b>pour participer \u00e0 la cagnotte en ligne<b> : <u><a class=\"moz-txt-link-freetext\" href=\"https:\/\/ultrarunfrancetour2023.com\">https:\/\/ultrarunfrancetour2023.com<\/a><\/u><\/b><\/h4>\n<p style=\"text-align: center;\">&#8212;&#8212;&#8212;&#8212;&#8212;&#8212;&#8212;&#8212;&#8212;&#8212;&#8212;&#8212;-<\/p>\n<p>En ce moment, il traverse le Morbihan et est accueilli \u00e0 la fin de chaque \u00e9tape par une d\u00e9l\u00e9gation d&rsquo;un comit\u00e9 de ls section SMLH du Morbihan.<\/p>\n<h3 style=\"text-align: center;\"><span style=\"text-decoration: underline;\"><strong>Le passage des 1000 km<\/strong><\/span><\/h3>\n<h4 style=\"text-align: center;\">accueil par le comit\u00e9 du pays de Vannes<\/h4>\n<p>Guy a travers\u00e9 la ligne des 1000 km au niveau de Theix, le 09\/04,\u00a0 pr\u00e8s du monument aux morts et de la st\u00e8le Opex. vous trouverez ci-dessous, quelques photos et une vid\u00e9o.<\/p>\n<p style=\"text-align: center;\"><div id=\"metaslider-id-8568\" style=\"width: 100%; margin: 0 auto;\" class=\"ml-slider-3-108-0 metaslider metaslider-flex metaslider-8568 ml-slider has-carousel-mode ms-theme-default nav-hidden\" role=\"region\" aria-label=\"passage des 1000 km de Guy Amalfitano\" data-height=\"500\" data-width=\"700\">\n    <div id=\"metaslider_container_8568\">\n        <div id=\"metaslider_8568\">\n            <ul class='slides'>\n                <li style=\"display: none; width: 100%;\" class=\"slide-8569 ms-image \" aria-roledescription=\"slide\" data-date=\"2023-04-10 15:45:37\" data-filename=\"Passage-des-1000-kms-en-traversant-Theix-662x473.jpg\" data-slide-type=\"image\"><img loading=\"lazy\" decoding=\"async\" src=\"http:\/\/www.semlh-morbihan.fr\/wordpress\/wp-content\/uploads\/2023\/04\/Passage-des-1000-kms-en-traversant-Theix-662x473.jpg\" height=\"500\" width=\"700\" alt=\"\" class=\"slider-8568 slide-8569 msDefaultImage\" title=\"Passage des 1000 kms en traversant Theix\" \/><div class=\"caption-wrap\"><div class=\"caption\">le passage des 1000 km en traversant Theix<\/div><\/div><\/li>\n                <li style=\"display: none; width: 100%;\" class=\"slide-8570 ms-image \" aria-roledescription=\"slide\" data-date=\"2023-04-10 15:45:37\" data-filename=\"Avec-le-Maire-de-theis-et-les-membres-de-la-SMLH-662x473.jpg\" data-slide-type=\"image\"><img loading=\"lazy\" decoding=\"async\" src=\"http:\/\/www.semlh-morbihan.fr\/wordpress\/wp-content\/uploads\/2023\/04\/Avec-le-Maire-de-theis-et-les-membres-de-la-SMLH-662x473.jpg\" height=\"500\" width=\"700\" alt=\"\" class=\"slider-8568 slide-8570 msDefaultImage\" title=\"Avec le Maire de theis et les membres de la SMLH\" \/><div class=\"caption-wrap\"><div class=\"caption\">avec le maire de Theix et les membres de la SMLH<\/div><\/div><\/li>\n                <li style=\"display: none; width: 100%;\" class=\"slide-8571 ms-image \" aria-roledescription=\"slide\" data-date=\"2023-04-10 15:45:37\" data-filename=\"20230408_173109-scaled-700x500.jpg\" data-slide-type=\"image\"><img loading=\"lazy\" decoding=\"async\" src=\"http:\/\/www.semlh-morbihan.fr\/wordpress\/wp-content\/uploads\/2023\/04\/20230408_173109-scaled-700x500.jpg\" height=\"500\" width=\"700\" alt=\"\" class=\"slider-8568 slide-8571 msDefaultImage\" title=\"20230408_173109\" \/><div class=\"caption-wrap\"><div class=\"caption\">Guy Amalfitano avec le maire d'Ambon<\/div><\/div><\/li>\n            <\/ul>\n        <\/div>\n        \n    <\/div>\n<\/div><\/p>\n<div style=\"width: 640px;\" class=\"wp-video\"><video class=\"wp-video-shortcode\" id=\"video-8559-1\" width=\"640\" height=\"352\" preload=\"metadata\" controls=\"controls\"><source type=\"video\/mp4\" src=\"http:\/\/www.semlh-morbihan.fr\/wordpress\/wp-content\/uploads\/2023\/04\/passage_musical-de-Guy-aux-1000-km.mp4?_=1\" \/><a href=\"http:\/\/www.semlh-morbihan.fr\/wordpress\/wp-content\/uploads\/2023\/04\/passage_musical-de-Guy-aux-1000-km.mp4\">http:\/\/www.semlh-morbihan.fr\/wordpress\/wp-content\/uploads\/2023\/04\/passage_musical-de-Guy-aux-1000-km.mp4<\/a><\/video><\/div>\n<p>&nbsp;<\/p>\n<h3 style=\"text-align: center;\"><span style=\"text-decoration: underline;\">Le passage de Guy \u00e0 Auray<\/span><\/h3>\n<h4 style=\"text-align: center;\">accueil par le comit\u00e9 du pays d&rsquo;Auray<\/h4>\n<p>Nous l&rsquo;avons accueilli \u00e0 Auray, place de la pompe derri\u00e8re a mairie, en pr\u00e9sence de madame la maire, Claire Masson, du pr\u00e9sident de la section SMLH du Morbihan, le gal(2s)<\/p>\n<p>&nbsp;<\/p>\n<figure id=\"attachment_8582\" aria-describedby=\"caption-attachment-8582\" style=\"width: 600px\" class=\"wp-caption aligncenter\"><img loading=\"lazy\" decoding=\"async\" class=\"size-medium wp-image-8582\" src=\"http:\/\/www.semlh-morbihan.fr\/wordpress\/wp-content\/uploads\/2023\/04\/DSC_1695-1-600x400.jpg\" alt=\"\" width=\"600\" height=\"400\" srcset=\"http:\/\/www.semlh-morbihan.fr\/wordpress\/wp-content\/uploads\/2023\/04\/DSC_1695-1-600x400.jpg 600w, http:\/\/www.semlh-morbihan.fr\/wordpress\/wp-content\/uploads\/2023\/04\/DSC_1695-1-1024x683.jpg 1024w, http:\/\/www.semlh-morbihan.fr\/wordpress\/wp-content\/uploads\/2023\/04\/DSC_1695-1-768x512.jpg 768w, http:\/\/www.semlh-morbihan.fr\/wordpress\/wp-content\/uploads\/2023\/04\/DSC_1695-1-1536x1024.jpg 1536w, http:\/\/www.semlh-morbihan.fr\/wordpress\/wp-content\/uploads\/2023\/04\/DSC_1695-1-2048x1365.jpg 2048w, http:\/\/www.semlh-morbihan.fr\/wordpress\/wp-content\/uploads\/2023\/04\/DSC_1695-1-1218x812.jpg 1218w\" sizes=\"auto, (max-width: 600px) 100vw, 600px\" \/><figcaption id=\"caption-attachment-8582\" class=\"wp-caption-text\">derri\u00e8re la mairie d&rsquo;Auray : de gauche \u00e0 droite, Mme Claire Masson, maire, Guy Amalfitano, le gal(2s) Philippe Pr\u00e9vost, pr\u00e9sident de la section SMLH du Morbihan, Jean-Claude Bietrix, porte-drapeau du comit\u00e9 et Mme Annick Guillou-Moinard, pr\u00e9sidente du comit\u00e9 du pays d&rsquo;Auray<\/figcaption><\/figure>\n<p>&nbsp;<\/p>\n<p style=\"text-align: center;\"><div id=\"metaslider-id-8579\" style=\"width: 100%; margin: 0 auto;\" class=\"ml-slider-3-108-0 metaslider metaslider-flex metaslider-8579 ml-slider has-carousel-mode ms-theme-default nav-hidden nav-hidden\" role=\"region\" aria-label=\"arriv\u00e9e de Guy Amalfitano \u00e0 Auray\" data-height=\"500\" data-width=\"700\">\n    <div id=\"metaslider_container_8579\">\n        <div id=\"metaslider_8579\">\n            <ul class='slides'>\n                <li style=\"display: none; width: 100%;\" class=\"slide-8580 ms-image \" aria-roledescription=\"slide\" data-date=\"2023-04-10 17:08:34\" data-filename=\"DSC_1691-scaled-700x500.jpg\" data-slide-type=\"image\"><img loading=\"lazy\" decoding=\"async\" src=\"http:\/\/www.semlh-morbihan.fr\/wordpress\/wp-content\/uploads\/2023\/04\/DSC_1691-scaled-700x500.jpg\" height=\"500\" width=\"700\" alt=\"le d\u00e9fi de Guy Amalfitano\" class=\"slider-8579 slide-8580 msDefaultImage\" title=\"DSC_1691\" \/><\/li>\n                <li style=\"display: none; width: 100%;\" class=\"slide-8588 ms-image \" aria-roledescription=\"slide\" data-date=\"2023-04-10 17:30:45\" data-filename=\"DSC_1690-scaled-700x500.jpg\" data-slide-type=\"image\"><img loading=\"lazy\" decoding=\"async\" src=\"http:\/\/www.semlh-morbihan.fr\/wordpress\/wp-content\/uploads\/2023\/04\/DSC_1690-scaled-700x500.jpg\" height=\"500\" width=\"700\" alt=\"\" class=\"slider-8579 slide-8588 msDefaultImage\" title=\"DSC_1690\" \/><\/li>\n                <li style=\"display: none; width: 100%;\" class=\"slide-8589 ms-image \" aria-roledescription=\"slide\" data-date=\"2023-04-10 17:30:45\" data-filename=\"DSC_1685-scaled-700x500.jpg\" data-slide-type=\"image\"><img loading=\"lazy\" decoding=\"async\" src=\"http:\/\/www.semlh-morbihan.fr\/wordpress\/wp-content\/uploads\/2023\/04\/DSC_1685-scaled-700x500.jpg\" height=\"500\" width=\"700\" alt=\"\" class=\"slider-8579 slide-8589 msDefaultImage\" title=\"DSC_1685\" \/><\/li>\n                <li style=\"display: none; width: 100%;\" class=\"slide-8590 ms-image \" aria-roledescription=\"slide\" data-date=\"2023-04-10 17:30:45\" data-filename=\"DSC_1674-scaled-700x500.jpg\" data-slide-type=\"image\"><img loading=\"lazy\" decoding=\"async\" src=\"http:\/\/www.semlh-morbihan.fr\/wordpress\/wp-content\/uploads\/2023\/04\/DSC_1674-scaled-700x500.jpg\" height=\"500\" width=\"700\" alt=\"\" class=\"slider-8579 slide-8590 msDefaultImage\" title=\"DSC_1674\" \/><\/li>\n                <li style=\"display: none; width: 100%;\" class=\"slide-8591 ms-image \" aria-roledescription=\"slide\" data-date=\"2023-04-10 17:30:45\" data-filename=\"DSC_1671-scaled-700x500.jpg\" data-slide-type=\"image\"><img loading=\"lazy\" decoding=\"async\" src=\"http:\/\/www.semlh-morbihan.fr\/wordpress\/wp-content\/uploads\/2023\/04\/DSC_1671-scaled-700x500.jpg\" height=\"500\" width=\"700\" alt=\"\" class=\"slider-8579 slide-8591 msDefaultImage\" title=\"DSC_1671\" \/><\/li>\n            <\/ul>\n        <\/div>\n        \n    <\/div>\n<\/div><\/p>\n<h4 style=\"text-align: center;\"><span style=\"text-decoration: underline;\"><strong>Article de Ouest-France<\/strong><\/span><\/h4>\n<figure id=\"attachment_8650\" aria-describedby=\"caption-attachment-8650\" style=\"width: 600px\" class=\"wp-caption aligncenter\"><img loading=\"lazy\" decoding=\"async\" class=\"size-medium wp-image-8650\" src=\"http:\/\/www.semlh-morbihan.fr\/wordpress\/wp-content\/uploads\/2023\/04\/article-OF-Aurya-600x364.jpg\" alt=\"\" width=\"600\" height=\"364\" srcset=\"http:\/\/www.semlh-morbihan.fr\/wordpress\/wp-content\/uploads\/2023\/04\/article-OF-Aurya-600x364.jpg 600w, http:\/\/www.semlh-morbihan.fr\/wordpress\/wp-content\/uploads\/2023\/04\/article-OF-Aurya-1024x622.jpg 1024w, http:\/\/www.semlh-morbihan.fr\/wordpress\/wp-content\/uploads\/2023\/04\/article-OF-Aurya-768x467.jpg 768w, http:\/\/www.semlh-morbihan.fr\/wordpress\/wp-content\/uploads\/2023\/04\/article-OF-Aurya.jpg 1047w\" sizes=\"auto, (max-width: 600px) 100vw, 600px\" \/><figcaption id=\"caption-attachment-8650\" class=\"wp-caption-text\">article de Ouest-France sur le passage de GUy Amalfitanon\u00e0 Auray<\/figcaption><\/figure>\n<p>&nbsp;<\/p>\n<h3 style=\"text-align: center;\"><span style=\"text-decoration: underline;\"><strong>Le passage de Guy \u00e0 Cl\u00e9guer\u00a0<\/strong><\/span><\/h3>\n<h4 style=\"text-align: center;\"><strong>Accueil par le comit\u00e9 du pays de Lorient<\/strong>.<\/h4>\n<p>&nbsp;<\/p>\n<p><img loading=\"lazy\" decoding=\"async\" class=\"aligncenter size-medium wp-image-8595\" src=\"http:\/\/www.semlh-morbihan.fr\/wordpress\/wp-content\/uploads\/2023\/04\/IMG_4552-600x450.jpg\" alt=\"\" width=\"600\" height=\"450\" srcset=\"http:\/\/www.semlh-morbihan.fr\/wordpress\/wp-content\/uploads\/2023\/04\/IMG_4552-600x450.jpg 600w, http:\/\/www.semlh-morbihan.fr\/wordpress\/wp-content\/uploads\/2023\/04\/IMG_4552-1024x768.jpg 1024w, http:\/\/www.semlh-morbihan.fr\/wordpress\/wp-content\/uploads\/2023\/04\/IMG_4552-768x576.jpg 768w, http:\/\/www.semlh-morbihan.fr\/wordpress\/wp-content\/uploads\/2023\/04\/IMG_4552-1536x1152.jpg 1536w, http:\/\/www.semlh-morbihan.fr\/wordpress\/wp-content\/uploads\/2023\/04\/IMG_4552-2048x1536.jpg 2048w, http:\/\/www.semlh-morbihan.fr\/wordpress\/wp-content\/uploads\/2023\/04\/IMG_4552-1218x914.jpg 1218w, http:\/\/www.semlh-morbihan.fr\/wordpress\/wp-content\/uploads\/2023\/04\/IMG_4552-480x360.jpg 480w\" sizes=\"auto, (max-width: 600px) 100vw, 600px\" \/><\/p>\n<p style=\"text-align: center;\"><div id=\"metaslider-id-8629\" style=\"width: 100%; margin: 0 auto;\" class=\"ml-slider-3-108-0 metaslider metaslider-flex metaslider-8629 ml-slider has-carousel-mode ms-theme-default nav-hidden nav-hidden nav-hidden\" role=\"region\" aria-label=\"Arriv\u00e9e de Guy Amalfitano \u00e0 Cl\u00e9guer, pays de Lorient\" data-height=\"500\" data-width=\"700\">\n    <div id=\"metaslider_container_8629\">\n        <div id=\"metaslider_8629\">\n            <ul class='slides'>\n                <li style=\"display: none; width: 100%;\" class=\"slide-8630 ms-image \" aria-roledescription=\"slide\" data-date=\"2023-04-13 18:34:29\" data-filename=\"IMG_4551-scaled-700x500.jpg\" data-slide-type=\"image\"><img loading=\"lazy\" decoding=\"async\" src=\"http:\/\/www.semlh-morbihan.fr\/wordpress\/wp-content\/uploads\/2023\/04\/IMG_4551-scaled-700x500.jpg\" height=\"500\" width=\"700\" alt=\"\" class=\"slider-8629 slide-8630 msDefaultImage\" title=\"IMG_4551\" \/><div class=\"caption-wrap\"><div class=\"caption\">accueil \u00e0 Cl\u00e9guer, de gauche \u00e0 droite : Guy Sinel, pr\u00e9sident du comit\u00e9 du pays de Lorient, le maire de Cl\u00e9quer et Guy Amalfitano<\/div><\/div><\/li>\n                <li style=\"display: none; width: 100%;\" class=\"slide-8631 ms-image \" aria-roledescription=\"slide\" data-date=\"2023-04-13 18:34:39\" data-filename=\"IMG_4552-scaled-700x500.jpg\" data-slide-type=\"image\"><img loading=\"lazy\" decoding=\"async\" src=\"http:\/\/www.semlh-morbihan.fr\/wordpress\/wp-content\/uploads\/2023\/04\/IMG_4552-scaled-700x500.jpg\" height=\"500\" width=\"700\" alt=\"autour du Kak\u00e9mono; de droite \u00e0 gauche : anlina Nicolazo, maire de Cl\u00e9guer, CA(2s) Brunon Sarade, vice-pr\u00e9sident du comit\u00e9 de lorient, Guy Amalfitano, Guy Sinel et Pierre G\u00e9min\" class=\"slider-8629 slide-8631 msDefaultImage\" title=\"IMG_4552\" \/><div class=\"caption-wrap\"><div class=\"caption\">autour du Kak\u00e9mono; de droite \u00e0 gauche : anlina Nicolazo, maire de Cl\u00e9guer, CA(2s) Brunon Sarade, vice-pr\u00e9sident du comit\u00e9 de lorient, Guy Amalfitano, Guy Sinel et Pierre G\u00e9min<\/div><\/div><\/li>\n                <li style=\"display: none; width: 100%;\" class=\"slide-8637 ms-image \" aria-roledescription=\"slide\" data-date=\"2023-04-13 18:52:17\" data-filename=\"P_20230410_171748_vHDR_Auto_HP-scaled-700x500.jpg\" data-slide-type=\"image\"><img loading=\"lazy\" decoding=\"async\" src=\"http:\/\/www.semlh-morbihan.fr\/wordpress\/wp-content\/uploads\/2023\/04\/P_20230410_171748_vHDR_Auto_HP-scaled-700x500.jpg\" height=\"500\" width=\"700\" alt=\"\" class=\"slider-8629 slide-8637 msDefaultImage\" title=\"P_20230410_171748_vHDR_Auto_HP\" \/><\/li>\n                <li style=\"display: none; width: 100%;\" class=\"slide-8638 ms-image \" aria-roledescription=\"slide\" data-date=\"2023-04-13 18:52:17\" data-filename=\"P_20230410_170823_vHDR_Auto_HP-scaled-700x500.jpg\" data-slide-type=\"image\"><img loading=\"lazy\" decoding=\"async\" src=\"http:\/\/www.semlh-morbihan.fr\/wordpress\/wp-content\/uploads\/2023\/04\/P_20230410_170823_vHDR_Auto_HP-scaled-700x500.jpg\" height=\"500\" width=\"700\" alt=\"de gauche \u00e0 droite : Guy Sinel, pdt du comit\u00e9 SMLH de Lorient, le maire de Cl\u00e9guer, Guy Amalfitano, et PIerre G\u00e9min et sa cornemsue\" class=\"slider-8629 slide-8638 msDefaultImage\" title=\"P_20230410_170823_vHDR_Auto_HP\" \/><div class=\"caption-wrap\"><div class=\"caption\">de gauche \u00e0 droite : Guy Sinel, pdt du comit\u00e9 SMLH de Lorient, le maire de Cl\u00e9guer, Guy Amalfitano, et PIerre G\u00e9min et sa cornemsue<\/div><\/div><\/li>\n                <li style=\"display: none; width: 100%;\" class=\"slide-8639 ms-image \" aria-roledescription=\"slide\" data-date=\"2023-04-13 18:52:17\" data-filename=\"P_20230410_171413_vHDR_Auto-scaled-700x500.jpg\" data-slide-type=\"image\"><img loading=\"lazy\" decoding=\"async\" src=\"http:\/\/www.semlh-morbihan.fr\/wordpress\/wp-content\/uploads\/2023\/04\/P_20230410_171413_vHDR_Auto-scaled-700x500.jpg\" height=\"500\" width=\"700\" alt=\"le camping car de Guy assurant la logsitique avec les associations soutenues par GUy\" class=\"slider-8629 slide-8639 msDefaultImage\" title=\"P_20230410_171413_vHDR_Auto\" \/><\/li>\n            <\/ul>\n        <\/div>\n        \n    <\/div>\n<\/div><\/p>\n<p style=\"text-align: justify;\">Cl\u00e9guer, \u00e0 20 kilom\u00e8tres de Lorient, c\u2019est l\u00e0 que nous attendions Guy Amalfitano de son tour de France \u00e0 pied et en b\u00e9quilles\u00a0: 43 kms par jour\u2026 il arrivait d\u2019Auray et venait de parcourir ses 1000 premiers kilom\u00e8tres\u00a0: il n\u2019en reste plus que 3300\u00a0!<\/p>\n<p style=\"text-align: justify;\">Guy Amalfitano, b\u00e9arnais d\u2019origine, a \u00e9t\u00e9 amput\u00e9 \u00e0 17 ans de sa jambe droite, apr\u00e8s une tumeur osseuse. Il a d\u00e9cid\u00e9 de se relever, de vivre tout simplement. Courageux, volontaire, tr\u00e8s sportif, il pousse ses limites, collationne les prix. Il rentre dans le Guiness Book des records. Il traverse le Canada d\u2019Est en Ouest, 7128 kms de course Non-stop\u00a0!<\/p>\n<p style=\"text-align: justify;\">Alors, pourquoi Cl\u00e9guer, joli petit village sur les hauteurs du Morbihan ? Parce qu\u2019il y connaissait une famille, et surtout un enfant atteint d\u2019un cancer. Il voulait passer par l\u00e0, il lui avait promis. Vite, tr\u00e8s vite, il casse une b\u00e9quille sur le parcours, mais il repart. C\u2019\u00e9tait son objectif (dans sa t\u00eate, comme il le dit lui-m\u00eame) pendant tout son trajet depuis Auray.<\/p>\n<p style=\"text-align: justify;\">Chevalier de la L\u00e9gion d\u2019Honneur depuis f\u00e9vrier 2019, toute son action a \u00e9t\u00e9 construite pour donner de l\u2019Espoir et en particulier, venir en aide \u00e0 l\u2019association bretonne \u2018C\u2019un espoir\u2019 de lutte contre le Cancer.<\/p>\n<p style=\"text-align: justify;\">La SMLH du Comit\u00e9\u00a0 du\u00a0 Pays de Lorient \u00e9tait pr\u00e9sente pour son arriv\u00e9e en ce lundi de P\u00e2ques avec son pr\u00e9sident, le vice-pr\u00e9sident et notre membre, Pierre G\u00e9min, qui l\u2019a accueilli au son du Biniou en le voyant franchir le haut de la colline.<\/p>\n<p style=\"text-align: justify;\">Beaucoup d\u2019\u00e9motions partag\u00e9es devant la mairie, avec les coureurs qui l\u2019accompagnaient, monsieur le Maire, Alain Nicolazo, et de nombreux administr\u00e9s, par un beau soleil de printemps\u00a0; Bienvenu.. il faut le souligner\u00a0!<\/p>\n<p style=\"text-align: justify;\">Apr\u00e8s le pot d\u2019accueil dans la salle du Conseil de Cl\u00e9guer, Guy Amalfitano a pu se reposer avant de se lever \u00e0 4h du matin le lendemain.<\/p>\n<p style=\"text-align: justify;\">D\u00e9part 6H vers la prochaine \u00e9tape\u00a0: Rosporden.<\/p>\n<p style=\"text-align: justify;\">Bravo, Champion\u00a0; Un bel exemple de L\u00e9gionnaire\u00a0!<\/p>\n<p style=\"text-align: justify;\">BRUNO SARRADE<\/p>\n<p>&nbsp;<\/p>\n<h3 style=\"text-align: center;\"><span style=\"text-decoration: underline;\">Le passage de Guy \u00e0 Bern<\/span>\u00e9<\/h3>\n<h4 style=\"text-align: center;\"><strong>accueil par le comit\u00e9 du pays de Pontivy<\/strong><\/h4>\n<p>Guy Amalfitano est arriv\u00e9 au stade de Bern\u00e9 ce jour vers 17 h.<\/p>\n<p>Il a \u00e9chapp\u00e9 \u00e0 une minute pr\u00e8s, \u00e0 une forte bourrasque temp\u00e9tueuse accompagn\u00e9e de tonnerre et d&rsquo;une averse de gr\u00eale torrentielle. ouf!!<\/p>\n<p>Nous \u00e9tions plusieurs l\u00e9gionnaires \u00e0 l&rsquo;attendre ( Roland Duclos maire honoraire et Jean Claude Nogouellou) en compagnie du maire M David GUILLOUX ainsi qu&rsquo;un ami handicap\u00e9 de Noyal-Pontivy qui l&rsquo;a accompagn\u00e9 les derniers kilom\u00e8tres.<\/p>\n<p>A l&rsquo;issue, accueil \u00e0 la mairie et visite du mus\u00e9e de l&rsquo;US Bern\u00e9 qui pendant plusieurs ann\u00e9es de la d\u00e9cennie 70 a rivalis\u00e9 avec les plus grands clubs de Foot, jouant \u00e0 l\u2019\u00e9poque en troisi\u00e8me division Nationale. Chaque dimanche des milliers de spectateurs assistaient aux matchs.<\/p>\n<p>Ce soir le coureur et son accompagnateur dorment dans un Van de pr\u00eat (photo), le camping car \u00e9tant en r\u00e9paration.<\/p>\n<p>Demain, nous l\u2019attendrons \u00e0 Noyal-Pontivy ou il doit arriver vers 15H30 entour\u00e9 de tous les \u00e9l\u00e8ves des \u00e9coles qui l&rsquo;accompagneront le dernier kilom\u00e8tre.<\/p>\n<p>Jo Rouxel.<\/p>\n<p>&nbsp;<\/p>\n<p style=\"text-align: center;\"><div id=\"metaslider-id-8644\" style=\"width: 100%; margin: 0 auto;\" class=\"ml-slider-3-108-0 metaslider metaslider-flex metaslider-8644 ml-slider has-carousel-mode ms-theme-default nav-hidden nav-hidden nav-hidden nav-hidden\" role=\"region\" aria-label=\"Arriv\u00e9e de Guy Amalfitano \u00e0 Bern\u00e9\" data-height=\"500\" data-width=\"700\">\n    <div id=\"metaslider_container_8644\">\n        <div id=\"metaslider_8644\">\n            <ul class='slides'>\n                <li style=\"display: none; width: 100%;\" class=\"slide-8645 ms-image \" aria-roledescription=\"slide\" data-date=\"2023-04-13 19:11:44\" data-filename=\"IMG_20230412_171527015-scaled-700x500.jpg\" data-slide-type=\"image\"><img loading=\"lazy\" decoding=\"async\" src=\"http:\/\/www.semlh-morbihan.fr\/wordpress\/wp-content\/uploads\/2023\/04\/IMG_20230412_171527015-scaled-700x500.jpg\" height=\"500\" width=\"700\" alt=\"\" class=\"slider-8644 slide-8645 msDefaultImage\" title=\"IMG_20230412_171527015\" \/><\/li>\n                <li style=\"display: none; width: 100%;\" class=\"slide-8646 ms-image \" aria-roledescription=\"slide\" data-date=\"2023-04-13 19:11:44\" data-filename=\"IMG_20230412_175858530-scaled-700x500.jpg\" data-slide-type=\"image\"><img loading=\"lazy\" decoding=\"async\" src=\"http:\/\/www.semlh-morbihan.fr\/wordpress\/wp-content\/uploads\/2023\/04\/IMG_20230412_175858530-scaled-700x500.jpg\" height=\"500\" width=\"700\" alt=\"\" class=\"slider-8644 slide-8646 msDefaultImage\" title=\"IMG_20230412_175858530\" \/><\/li>\n                <li style=\"display: none; width: 100%;\" class=\"slide-8647 ms-image \" aria-roledescription=\"slide\" data-date=\"2023-04-13 19:11:44\" data-filename=\"IMG_20230412_175043179-700x500.jpg\" data-slide-type=\"image\"><img loading=\"lazy\" decoding=\"async\" src=\"http:\/\/www.semlh-morbihan.fr\/wordpress\/wp-content\/uploads\/2023\/04\/IMG_20230412_175043179-700x500.jpg\" height=\"500\" width=\"700\" alt=\"\" class=\"slider-8644 slide-8647 msDefaultImage\" title=\"IMG_20230412_175043179\" \/><div class=\"caption-wrap\"><div class=\"caption\">sur la photo de groupe, de gauche \u00e0 droite, David Guilloux, maire, Jean-Claude Noguellou, Guy Amalfitano, Jo Rouxel, Louis Cadic, maire honoaire<\/div><\/div><\/li>\n            <\/ul>\n        <\/div>\n        \n    <\/div>\n<\/div><\/p>\n<h3 style=\"text-align: center;\"><span style=\"text-decoration: underline;\">Le passage de Guy \u00e0 Noyal-Pontivy<\/span><\/h3>\n<h4 style=\"text-align: center;\">accueil par le comit\u00e9 du pays de Pontivy<\/h4>\n<p>Guy Amalfitano est arriv\u00e9 \u00e0 Noyal vers 15 h15 accompagn\u00e9 de quelques sportifs comme annonc\u00e9.<br \/>\nPr\u00e8s de 200 \u00e9coliers et le conseil municipal des enfants, qui l&rsquo;attendaient avec impatience lui ont r\u00e9serv\u00e9 un accueil triomphal.<br \/>\nPuis ils l&rsquo;ont\u00a0 accompagn\u00e9 jusqu&rsquo;\u00e0 la mairie ou le coureur handicap\u00e9 a r\u00e9pondu aux nombreuses questions qu&rsquo;ils avaient pr\u00e9par\u00e9.<br \/>\nLes enfants et les associations pr\u00e9sentes ont remis des dons pour les actions humanitaires qu&rsquo;il soutient.<br \/>\nLe maire de Noyal pontivy,l e G\u00e9n\u00e9ral Pr\u00e9vost, pr\u00e9sident SMLH du Morbihan, et quelques l\u00e9gionnaires ainsi que de nombreux amis Noyalais\u00a0 ont particip\u00e9 \u00e0 cet accueil.<\/p>\n<p>Sur la photo de groupe: derri\u00e8re\u00a0 conseil municipal des enfants, Philippe Pr\u00e9vost, Guy Amalfitano M le maire de Noyal-pontivy, Jo Rouxel, Fran\u00e7ois Demoustier et Louis Cadic.<\/p>\n<p>Bon courage \u00e0 notre sportif pour l\u2019\u00e9tape de demain qui le conduira \u00e0 Plo\u00ebrmel.<br \/>\npour rappel, voici lre lien qui permet de visionner le site du d\u00e9fi et suivre les \u00e9tapes du d\u00e9fi de 4300 km.<\/p>\n<p><a class=\"moz-txt-link-freetext\" href=\"http:\/\/www.ultrarunfrancetour2023.com\/?fbclid=IwAR1t71gj374OTohBcoLpNaXOYLWQx-FpTUFsbw3yGKgLh4jzGLCvEPQH9Yo\">http:\/\/www.ultrarunfrancetour2023.com\/?fbclid=IwAR1t71gj374OTohBcoLpNaXOYLWQx-FpTUFsbw3yGKgLh4jzGLCvEPQH9Yo<\/a><br \/>\ntr\u00e8s cordialement \u00e0 tous<br \/>\nJo Rouxel<\/p>\n<p>pr\u00e9sident du comit\u00e9 SMLH de Pontivy.<\/p>\n<p style=\"text-align: center;\"><div id=\"metaslider-id-8662\" style=\"width: 100%; margin: 0 auto;\" class=\"ml-slider-3-108-0 metaslider metaslider-flex metaslider-8662 ml-slider has-carousel-mode ms-theme-default nav-hidden nav-hidden nav-hidden nav-hidden nav-hidden\" role=\"region\" aria-label=\"Arriv\u00e9e de Guy Amalfitano \u00e0 Noyal-Pontivy\" data-height=\"500\" data-width=\"700\">\n    <div id=\"metaslider_container_8662\">\n        <div id=\"metaslider_8662\">\n            <ul class='slides'>\n                <li style=\"display: none; width: 100%;\" class=\"slide-8663 ms-image \" aria-roledescription=\"slide\" data-date=\"2023-04-16 19:34:46\" data-filename=\"Guy-2-scaled-700x500.jpg\" data-slide-type=\"image\"><img loading=\"lazy\" decoding=\"async\" src=\"http:\/\/www.semlh-morbihan.fr\/wordpress\/wp-content\/uploads\/2023\/04\/Guy-2-scaled-700x500.jpg\" height=\"500\" width=\"700\" alt=\"\" class=\"slider-8662 slide-8663 msDefaultImage\" title=\"Guy 2\" \/><\/li>\n                <li style=\"display: none; width: 100%;\" class=\"slide-8664 ms-image \" aria-roledescription=\"slide\" data-date=\"2023-04-16 19:34:46\" data-filename=\"IMG_20230413_153448934-scaled-700x500.jpg\" data-slide-type=\"image\"><img loading=\"lazy\" decoding=\"async\" src=\"http:\/\/www.semlh-morbihan.fr\/wordpress\/wp-content\/uploads\/2023\/04\/IMG_20230413_153448934-scaled-700x500.jpg\" height=\"500\" width=\"700\" alt=\"\" class=\"slider-8662 slide-8664 msDefaultImage\" title=\"IMG_20230413_153448934\" \/><\/li>\n                <li style=\"display: none; width: 100%;\" class=\"slide-8665 ms-image \" aria-roledescription=\"slide\" data-date=\"2023-04-16 19:34:46\" data-filename=\"guy-amalfitano-Noyal-pontivy-13-04-23-scaled-700x500.jpg\" data-slide-type=\"image\"><img loading=\"lazy\" decoding=\"async\" src=\"http:\/\/www.semlh-morbihan.fr\/wordpress\/wp-content\/uploads\/2023\/04\/guy-amalfitano-Noyal-pontivy-13-04-23-scaled-700x500.jpg\" height=\"500\" width=\"700\" alt=\"\" class=\"slider-8662 slide-8665 msDefaultImage\" title=\"guy amalfitano Noyal pontivy 13 04 23\" \/><\/li>\n                <li style=\"display: none; width: 100%;\" class=\"slide-8666 ms-image \" aria-roledescription=\"slide\" data-date=\"2023-04-16 19:34:46\" data-filename=\"guy-3-scaled-700x500.jpg\" data-slide-type=\"image\"><img loading=\"lazy\" decoding=\"async\" src=\"http:\/\/www.semlh-morbihan.fr\/wordpress\/wp-content\/uploads\/2023\/04\/guy-3-scaled-700x500.jpg\" height=\"500\" width=\"700\" alt=\"\" class=\"slider-8662 slide-8666 msDefaultImage\" title=\"guy 3\" \/><\/li>\n                <li style=\"display: none; width: 100%;\" class=\"slide-8667 ms-image \" aria-roledescription=\"slide\" data-date=\"2023-04-16 19:34:47\" data-filename=\"guy-amalfitano-noyal-pontivy-13-04-23-3-scaled-700x500.jpg\" data-slide-type=\"image\"><img loading=\"lazy\" decoding=\"async\" src=\"http:\/\/www.semlh-morbihan.fr\/wordpress\/wp-content\/uploads\/2023\/04\/guy-amalfitano-noyal-pontivy-13-04-23-3-scaled-700x500.jpg\" height=\"500\" width=\"700\" alt=\"derri\u00e8re le conseil municipal des enfants, Philippe Pr\u00e9vost, Guy Amalfitano, le maire de Noyal-POntivy, Jo Rouxel, Fran\u00e7ois Demoustier et Louis Cadic\" class=\"slider-8662 slide-8667 msDefaultImage\" title=\"guy amalfitano noyal pontivy 13 04 23 3\" \/><\/li>\n            <\/ul>\n        <\/div>\n        \n    <\/div>\n<\/div><\/p>\n<p>&nbsp;<\/p>\n<h3 style=\"text-align: center;\"><span style=\"text-decoration: underline;\">Le passage de Guy \u00e0 PLoermel le 14 avril<\/span><\/h3>\n<h4 style=\"text-align: center;\">accueil par le comit\u00e9 de Ploermel-Coetquidan<\/h4>\n<p>le p\u00e9\u00e9riple de Guy AMALFITANO le conduisait ce vendredi 14 avril \u00e0 Plo\u00ebrmel. A son arriv\u00e9e \u00e0 la mairie, il a \u00e9t\u00e9 accueilli par le Maire accompagn\u00e9 de plusieurs \u00e9lus et les repr\u00e9sentants de diverses associations au premier rang desquelles \u00e9tait le comit\u00e9 de la L\u00e9gion d&rsquo;Honneur de Plo\u00ebrmel-Co\u00ebtquidan. A la suite des interventions au cours du pot dans la salle des mariages de la mairie (le maire lui a remis la m\u00e9daille de la ville), Guy AMALFITANO a particuli\u00e8rement remerci\u00e9 la L\u00e9gion d&rsquo;Honneur pr\u00e9sente pour le soutenir et l&rsquo;encourager -et surtout en Bretagne- \u00e0 la majeure partie de ses \u00e9tapes.<\/p>\n<p>Guy de KERSABIEC<br \/>\n<em>Vice-pr\u00e9sident (H) du Conseil d\u00e9partemental du Morbihan,<\/em><br \/>\n<em>Maire (H) de Saint Brieuc de Mauron,<\/em><br \/>\n<em>Pr\u00e9sident du comit\u00e9 de la L\u00e9gion d&rsquo;Honneur de Plo\u00ebrmel-Co\u00ebtquidan,<\/em><br \/>\nManoir de la Gapti\u00e8re<br \/>\n56430 SAINT BRIEUC DE MAURON<br \/>\nT\u00e9l. domicile: 02 97 22 62 36 &amp; portable: 06 81 71 25 85<br \/>\ncourriel: <a href=\"https:\/\/mail02.orange.fr\/appsuite\/read.html?FOLDER=SF_INBOX&amp;IDMSG=60032&amp;check=&amp;SORTBY=1\">guydekersabiec@orange.fr<\/a><\/p>\n<p>&nbsp;<\/p>\n<figure id=\"attachment_8652\" aria-describedby=\"caption-attachment-8652\" style=\"width: 600px\" class=\"wp-caption aligncenter\"><img loading=\"lazy\" decoding=\"async\" class=\"size-medium wp-image-8652\" src=\"http:\/\/www.semlh-morbihan.fr\/wordpress\/wp-content\/uploads\/2023\/04\/ploermel-600x270.jpg\" alt=\"\" width=\"600\" height=\"270\" srcset=\"http:\/\/www.semlh-morbihan.fr\/wordpress\/wp-content\/uploads\/2023\/04\/ploermel-600x270.jpg 600w, http:\/\/www.semlh-morbihan.fr\/wordpress\/wp-content\/uploads\/2023\/04\/ploermel-1024x461.jpg 1024w, http:\/\/www.semlh-morbihan.fr\/wordpress\/wp-content\/uploads\/2023\/04\/ploermel-768x345.jpg 768w, http:\/\/www.semlh-morbihan.fr\/wordpress\/wp-content\/uploads\/2023\/04\/ploermel-1536x691.jpg 1536w, http:\/\/www.semlh-morbihan.fr\/wordpress\/wp-content\/uploads\/2023\/04\/ploermel-2048x921.jpg 2048w, http:\/\/www.semlh-morbihan.fr\/wordpress\/wp-content\/uploads\/2023\/04\/ploermel-1218x548.jpg 1218w\" sizes=\"auto, (max-width: 600px) 100vw, 600px\" \/><figcaption id=\"caption-attachment-8652\" class=\"wp-caption-text\">de gauche \u00e0 droite : le maire de Plo\u00ebrmel, Patrick LE DIFFON, Ronan DELOURME, pr\u00e9sident local de \u00ab\u00a0C-un-espoir\u00a0\u00bb, association de lutte contre le cancer, Guy AMALFITANO, Guy de KERSABIEC, GIorgio BENASSI et Ren\u00e9 CARLETTO, respectivement , secr\u00e9taire et membre du comit\u00e9 de la L\u00e9gion d&rsquo;Honneur de Plo\u00ebrmel-Co\u00ebtquidan.<\/figcaption><\/figure>\n","protected":false},"excerpt":{"rendered":"<p>&nbsp; Guy Amalfitano, membre de la section B\u00e9arn-Soule de la SMLH, athl\u00e8te de haut niveau et pr\u00e9sident fondateur d&rsquo;un association humanitaire, a \u00e9t\u00e9 nomm\u00e9 chevalier&#8230;<\/p>\n","protected":false},"author":329,"featured_media":8635,"comment_status":"closed","ping_status":"open","sticky":false,"template":"","format":"standard","meta":{"footnotes":""},"categories":[384,337,1],"tags":[],"class_list":["post-8559","post","type-post","status-publish","format-standard","has-post-thumbnail","hentry","category-actualites-la-section","category-la-section","category-non-classe","wpcat-384-id","wpcat-337-id","wpcat-1-id"],"_links":{"self":[{"href":"http:\/\/www.semlh-morbihan.fr\/wordpress\/wp-json\/wp\/v2\/posts\/8559","targetHints":{"allow":["GET"]}}],"collection":[{"href":"http:\/\/www.semlh-morbihan.fr\/wordpress\/wp-json\/wp\/v2\/posts"}],"about":[{"href":"http:\/\/www.semlh-morbihan.fr\/wordpress\/wp-json\/wp\/v2\/types\/post"}],"author":[{"embeddable":true,"href":"http:\/\/www.semlh-morbihan.fr\/wordpress\/wp-json\/wp\/v2\/users\/329"}],"replies":[{"embeddable":true,"href":"http:\/\/www.semlh-morbihan.fr\/wordpress\/wp-json\/wp\/v2\/comments?post=8559"}],"version-history":[{"count":31,"href":"http:\/\/www.semlh-morbihan.fr\/wordpress\/wp-json\/wp\/v2\/posts\/8559\/revisions"}],"predecessor-version":[{"id":8717,"href":"http:\/\/www.semlh-morbihan.fr\/wordpress\/wp-json\/wp\/v2\/posts\/8559\/revisions\/8717"}],"wp:featuredmedia":[{"embeddable":true,"href":"http:\/\/www.semlh-morbihan.fr\/wordpress\/wp-json\/wp\/v2\/media\/8635"}],"wp:attachment":[{"href":"http:\/\/www.semlh-morbihan.fr\/wordpress\/wp-json\/wp\/v2\/media?parent=8559"}],"wp:term":[{"taxonomy":"category","embeddable":true,"href":"http:\/\/www.semlh-morbihan.fr\/wordpress\/wp-json\/wp\/v2\/categories?post=8559"},{"taxonomy":"post_tag","embeddable":true,"href":"http:\/\/www.semlh-morbihan.fr\/wordpress\/wp-json\/wp\/v2\/tags?post=8559"}],"curies":[{"name":"wp","href":"https:\/\/api.w.org\/{rel}","templated":true}]}}