{"id":8600,"date":"2023-04-11T15:34:38","date_gmt":"2023-04-11T13:34:38","guid":{"rendered":"http:\/\/www.semlh-morbihan.fr\/wordpress\/?p=8600"},"modified":"2023-04-11T15:55:26","modified_gmt":"2023-04-11T13:55:26","slug":"les-60-ans-au-3eme-rima","status":"publish","type":"post","link":"http:\/\/www.semlh-morbihan.fr\/wordpress\/2023\/04\/11\/les-60-ans-au-3eme-rima\/","title":{"rendered":"les 60 ans du 3\u00e8me RIMA"},"content":{"rendered":"<p style=\"text-align: center;\"><div id=\"metaslider-id-8610\" style=\"width: 100%; margin: 0 auto;\" class=\"ml-slider-3-108-0 metaslider metaslider-flex metaslider-8610 ml-slider has-carousel-mode ms-theme-cubic nav-hidden\" role=\"region\" aria-label=\"Les 60 ans du 3\u00e8me RIMA\" data-height=\"500\" data-width=\"700\">\n    <div id=\"metaslider_container_8610\">\n        <div id=\"metaslider_8610\">\n            <ul class='slides'>\n                <li style=\"display: none; width: 100%;\" class=\"slide-8611 ms-image \" aria-roledescription=\"slide\" data-date=\"2023-04-11 15:22:31\" data-filename=\"IMG_2070-700x500.jpg\" data-slide-type=\"image\"><img loading=\"lazy\" decoding=\"async\" src=\"http:\/\/www.semlh-morbihan.fr\/wordpress\/wp-content\/uploads\/2023\/04\/IMG_2070-700x500.jpg\" height=\"500\" width=\"700\" alt=\"\" class=\"slider-8610 slide-8611 msDefaultImage\" title=\"IMG_2070\" \/><\/li>\n                <li style=\"display: none; width: 100%;\" class=\"slide-8612 ms-image \" aria-roledescription=\"slide\" data-date=\"2023-04-11 15:22:31\" data-filename=\"IMG_2349-700x500.jpg\" data-slide-type=\"image\"><img loading=\"lazy\" decoding=\"async\" src=\"http:\/\/www.semlh-morbihan.fr\/wordpress\/wp-content\/uploads\/2023\/04\/IMG_2349-700x500.jpg\" height=\"500\" width=\"700\" alt=\"\" class=\"slider-8610 slide-8612 msDefaultImage\" title=\"IMG_2349\" \/><\/li>\n                <li style=\"display: none; width: 100%;\" class=\"slide-8613 ms-image \" aria-roledescription=\"slide\" data-date=\"2023-04-11 15:22:31\" data-filename=\"IMG_2282-700x500.jpg\" data-slide-type=\"image\"><img loading=\"lazy\" decoding=\"async\" src=\"http:\/\/www.semlh-morbihan.fr\/wordpress\/wp-content\/uploads\/2023\/04\/IMG_2282-700x500.jpg\" height=\"500\" width=\"700\" alt=\"\" class=\"slider-8610 slide-8613 msDefaultImage\" title=\"IMG_2282\" \/><\/li>\n                <li style=\"display: none; width: 100%;\" class=\"slide-8614 ms-image \" aria-roledescription=\"slide\" data-date=\"2023-04-11 15:22:31\" data-filename=\"IMG_2278-700x500.jpg\" data-slide-type=\"image\"><img loading=\"lazy\" decoding=\"async\" src=\"http:\/\/www.semlh-morbihan.fr\/wordpress\/wp-content\/uploads\/2023\/04\/IMG_2278-700x500.jpg\" height=\"500\" width=\"700\" alt=\"\" class=\"slider-8610 slide-8614 msDefaultImage\" title=\"IMG_2278\" \/><\/li>\n                <li style=\"display: none; width: 100%;\" class=\"slide-8615 ms-image \" aria-roledescription=\"slide\" data-date=\"2023-04-11 15:22:32\" data-filename=\"IMG_2271-700x500.jpg\" data-slide-type=\"image\"><img loading=\"lazy\" decoding=\"async\" src=\"http:\/\/www.semlh-morbihan.fr\/wordpress\/wp-content\/uploads\/2023\/04\/IMG_2271-700x500.jpg\" height=\"500\" width=\"700\" alt=\"\" class=\"slider-8610 slide-8615 msDefaultImage\" title=\"IMG_2271\" \/><\/li>\n                <li style=\"display: none; width: 100%;\" class=\"slide-8616 ms-image \" aria-roledescription=\"slide\" data-date=\"2023-04-11 15:22:32\" data-filename=\"IMG_2270-700x500.jpg\" data-slide-type=\"image\"><img loading=\"lazy\" decoding=\"async\" src=\"http:\/\/www.semlh-morbihan.fr\/wordpress\/wp-content\/uploads\/2023\/04\/IMG_2270-700x500.jpg\" height=\"500\" width=\"700\" alt=\"\" class=\"slider-8610 slide-8616 msDefaultImage\" title=\"IMG_2270\" \/><\/li>\n                <li style=\"display: none; width: 100%;\" class=\"slide-8617 ms-image \" aria-roledescription=\"slide\" data-date=\"2023-04-11 15:22:32\" data-filename=\"IMG_2267-700x500.jpg\" data-slide-type=\"image\"><img loading=\"lazy\" decoding=\"async\" src=\"http:\/\/www.semlh-morbihan.fr\/wordpress\/wp-content\/uploads\/2023\/04\/IMG_2267-700x500.jpg\" height=\"500\" width=\"700\" alt=\"\" class=\"slider-8610 slide-8617 msDefaultImage\" title=\"IMG_2267\" \/><\/li>\n                <li style=\"display: none; width: 100%;\" class=\"slide-8618 ms-image \" aria-roledescription=\"slide\" data-date=\"2023-04-11 15:22:32\" data-filename=\"IMG_2104-700x500.jpg\" data-slide-type=\"image\"><img loading=\"lazy\" decoding=\"async\" src=\"http:\/\/www.semlh-morbihan.fr\/wordpress\/wp-content\/uploads\/2023\/04\/IMG_2104-700x500.jpg\" height=\"500\" width=\"700\" alt=\"\" class=\"slider-8610 slide-8618 msDefaultImage\" title=\"IMG_2104\" \/><\/li>\n                <li style=\"display: none; width: 100%;\" class=\"slide-8619 ms-image \" aria-roledescription=\"slide\" data-date=\"2023-04-11 15:22:32\" data-filename=\"IMG_2083-700x500.jpg\" data-slide-type=\"image\"><img loading=\"lazy\" decoding=\"async\" src=\"http:\/\/www.semlh-morbihan.fr\/wordpress\/wp-content\/uploads\/2023\/04\/IMG_2083-700x500.jpg\" height=\"500\" width=\"700\" alt=\"\" class=\"slider-8610 slide-8619 msDefaultImage\" title=\"IMG_2083\" \/><\/li>\n            <\/ul>\n        <\/div>\n        \n    <\/div>\n<\/div><\/p>\n<p>&nbsp;<\/p>\n<p style=\"text-align: center;\"><span style=\"text-decoration: underline;\"><strong>Article de Ouest-France<\/strong><\/span><\/p>\n<p><img loading=\"lazy\" decoding=\"async\" class=\"aligncenter size-medium wp-image-8621\" src=\"http:\/\/www.semlh-morbihan.fr\/wordpress\/wp-content\/uploads\/2023\/04\/lecointre-600x376.jpg\" alt=\"\" width=\"600\" height=\"376\" srcset=\"http:\/\/www.semlh-morbihan.fr\/wordpress\/wp-content\/uploads\/2023\/04\/lecointre-600x376.jpg 600w, http:\/\/www.semlh-morbihan.fr\/wordpress\/wp-content\/uploads\/2023\/04\/lecointre.jpg 691w\" sizes=\"auto, (max-width: 600px) 100vw, 600px\" \/><\/p>\n<div id=\"article-detail\" class=\"contenu-principal p402_premium \">\n<div class=\"su-article\">\n<p style=\"text-align: justify;\"><a href=\"https:\/\/www.ouest-france.fr\/bretagne\/vannes-56000\/60-ans-du-3e-rima-a-vannes-tout-ce-quil-faut-savoir-sur-lun-des-plus-prestigieux-regiments-7d323098-cf0a-11ed-bfa8-ac96e5e331e1\" target=\"_self\" rel=\"noopener\">Le 3<sup>e<\/sup>\u00a0R\u00e9giment d\u2019infanterie de marine (Rima)<\/a>\u00a0de\u00a0<a href=\"https:\/\/www.ouest-france.fr\/bretagne\/vannes-56000\/\" target=\"_self\" rel=\"noopener\">Vannes<\/a>\u00a0(<a href=\"https:\/\/www.ouest-france.fr\/bretagne\/morbihan\/\" target=\"_self\" rel=\"noopener\">Morbihan<\/a>), c\u2019est 1\u00a0200\u00a0militaires bas\u00e9s dans le c\u0153ur de ville depuis 1963. Soixante ans de pr\u00e9sence, avec deux autres sites \u00e0<a href=\"https:\/\/www.ouest-france.fr\/bretagne\/vannes-56000\/video-au-camp-de-meucon-sur-le-camp-3e-rima-de-vannes-les-marsouins-se-forment-aux-manuvres-et-aux-tirs-4d89c186-0e91-3123-9d2d-7c8871bb2515\" target=\"_self\" rel=\"noopener\">\u00a0Meucon<\/a>\u00a0et au\u00a0<a href=\"https:\/\/www.ouest-france.fr\/bretagne\/vannes-56000\/avant-le-gabon-images-du-3e-rima-lentrainement-au-fort-de-penthievre-559907\" target=\"_self\" rel=\"noopener\">fort de Penthi\u00e8vre<\/a>, qui m\u00e9rite d\u2019\u00eatre c\u00e9l\u00e9br\u00e9s dignement. Aussi, ce samedi 8\u00a0avril 2023 marquera l\u2019\u00e9v\u00e9nement avec une c\u00e9r\u00e9monie et un d\u00e9fil\u00e9 militaires \u00e0 pied et motoris\u00e9.<\/p>\n<p style=\"text-align: justify;\">Des stands et une exposition retra\u00e7ant l\u2019histoire du r\u00e9giment sera aussi propos\u00e9e sur l\u2019esplanade Simone-Veil, le tout avec la pr\u00e9sentation publique \u2013 et in\u00e9dite \u2013 du v\u00e9hicule blind\u00e9 multir\u00f4le Griffon.<\/p>\n<h2 style=\"text-align: justify;\">En pr\u00e9sence de 15\u00a0anciens chefs de corps<\/h2>\n<p style=\"text-align: justify;\">Il y aura du beau monde \u00e0 cette occasion \u00e0 Vannes avec\u00a0<a href=\"https:\/\/www.ouest-france.fr\/bretagne\/vannes-56000\/vannes-pierre-schill-quitte-le-commandement-du-3e-rima-393980\" target=\"_self\" rel=\"noopener\">le g\u00e9n\u00e9ral Pierre Schill, chef d\u2019\u00e9tat-major des Arm\u00e9es<\/a>, 119<sup>e<\/sup>\u00a0chef de corps (2009-2011)\u00a0;\u00a0<a href=\"https:\/\/www.ouest-france.fr\/politique\/defense\/le-general-francois-lecointre-chef-d-etat-major-des-armees-quitte-ses-fonctions-756ab9e6-cc2f-11eb-85b5-b26ae8917151\" target=\"_self\" rel=\"noopener\">le g\u00e9n\u00e9ral Fran\u00e7ois Lecointre, grand chancelier de la L\u00e9gion d\u2019honneur, ancien chef d\u2019\u00e9tat-major des arm\u00e9es (2017-2021)<\/a>, 117<sup>e<\/sup>\u00a0chef de corps du Rima en 2006-2007 ou encore\u00a0<a href=\"https:\/\/www.ouest-france.fr\/bretagne\/vannes-56000\/le-colonel-herve-pierre-nouveau-patron-du-3e-rima-745109\" target=\"_self\" rel=\"noopener\">le g\u00e9n\u00e9ral Herv\u00e9 Pierre<\/a>, commandant la 9<sup>e<\/sup>\u00a0brigade d\u2019infanterie de marine et 121<sup>e<\/sup>\u00a0chef de corps du 3<sup>e<\/sup>\u00a0Rima de 2013 \u00e0 2015.<\/p>\n<p style=\"text-align: justify;\">\u00c0 noter \u00e9galement la pr\u00e9sence de douze autres anciens chefs de corps depuis\u00a0<a href=\"https:\/\/www.ouest-france.fr\/bretagne\/41-000-eu-pour-les-blesses-de-guerre-1591407\" target=\"_self\" rel=\"noopener\">le g\u00e9n\u00e9ral Bernard Thorette<\/a>, 109<sup>e<\/sup>\u00a0chef de corps (1989-1991) jusqu\u2019\u00e0\u00a0<a href=\"https:\/\/www.ouest-france.fr\/bretagne\/vannes-56000\/vannes-passation-de-pouvoir-au-3e-rima-5098857\" target=\"_self\" rel=\"noopener\">Ludovic Danigo<\/a>, 123<sup>e<\/sup>\u00a0chef de corps (2017-2019). Seul manquera donc le colonel\u00a0<a href=\"https:\/\/www.ouest-france.fr\/bretagne\/vannes-56000\/vannes-le-3e-rima-retrouvera-le-mali-en-2021-7096769\" target=\"_self\" rel=\"noopener\">Eric Talleu (2019-2021)<\/a>\u00a0pour faire le lien avec le chef de corps actuel,\u00a0<a href=\"https:\/\/www.ouest-france.fr\/bretagne\/vannes-56000\/vannes-prise-de-commandement-au-3e-regiment-d-infanterie-de-marine-0c798820-da50-11eb-a1ee-2b9888892cf0\" target=\"_self\" rel=\"noopener\">Fran\u00e7ois-Emmanuel Faivre<\/a>.<\/p>\n<\/div>\n<\/div>\n","protected":false},"excerpt":{"rendered":"<p>&nbsp; Article de Ouest-France Le 3e\u00a0R\u00e9giment d\u2019infanterie de marine (Rima)\u00a0de\u00a0Vannes\u00a0(Morbihan), c\u2019est 1\u00a0200\u00a0militaires bas\u00e9s dans le c\u0153ur de ville depuis 1963. Soixante ans de pr\u00e9sence, avec&#8230;<\/p>\n","protected":false},"author":329,"featured_media":8626,"comment_status":"closed","ping_status":"open","sticky":false,"template":"","format":"standard","meta":{"footnotes":""},"categories":[337],"tags":[],"class_list":["post-8600","post","type-post","status-publish","format-standard","has-post-thumbnail","hentry","category-la-section","wpcat-337-id"],"_links":{"self":[{"href":"http:\/\/www.semlh-morbihan.fr\/wordpress\/wp-json\/wp\/v2\/posts\/8600","targetHints":{"allow":["GET"]}}],"collection":[{"href":"http:\/\/www.semlh-morbihan.fr\/wordpress\/wp-json\/wp\/v2\/posts"}],"about":[{"href":"http:\/\/www.semlh-morbihan.fr\/wordpress\/wp-json\/wp\/v2\/types\/post"}],"author":[{"embeddable":true,"href":"http:\/\/www.semlh-morbihan.fr\/wordpress\/wp-json\/wp\/v2\/users\/329"}],"replies":[{"embeddable":true,"href":"http:\/\/www.semlh-morbihan.fr\/wordpress\/wp-json\/wp\/v2\/comments?post=8600"}],"version-history":[{"count":5,"href":"http:\/\/www.semlh-morbihan.fr\/wordpress\/wp-json\/wp\/v2\/posts\/8600\/revisions"}],"predecessor-version":[{"id":8627,"href":"http:\/\/www.semlh-morbihan.fr\/wordpress\/wp-json\/wp\/v2\/posts\/8600\/revisions\/8627"}],"wp:featuredmedia":[{"embeddable":true,"href":"http:\/\/www.semlh-morbihan.fr\/wordpress\/wp-json\/wp\/v2\/media\/8626"}],"wp:attachment":[{"href":"http:\/\/www.semlh-morbihan.fr\/wordpress\/wp-json\/wp\/v2\/media?parent=8600"}],"wp:term":[{"taxonomy":"category","embeddable":true,"href":"http:\/\/www.semlh-morbihan.fr\/wordpress\/wp-json\/wp\/v2\/categories?post=8600"},{"taxonomy":"post_tag","embeddable":true,"href":"http:\/\/www.semlh-morbihan.fr\/wordpress\/wp-json\/wp\/v2\/tags?post=8600"}],"curies":[{"name":"wp","href":"https:\/\/api.w.org\/{rel}","templated":true}]}}