{"id":8696,"date":"2023-02-17T19:43:20","date_gmt":"2023-02-17T18:43:20","guid":{"rendered":"http:\/\/www.semlh-morbihan.fr\/wordpress\/?p=8696"},"modified":"2023-04-17T19:48:20","modified_gmt":"2023-04-17T17:48:20","slug":"voeux-2023-du-comite-du-pays-de-lorient","status":"publish","type":"post","link":"http:\/\/www.semlh-morbihan.fr\/wordpress\/2023\/02\/17\/voeux-2023-du-comite-du-pays-de-lorient\/","title":{"rendered":"Voeux 2023 du comit\u00e9 du pays de Lorient"},"content":{"rendered":"<p style=\"text-align: justify;\">Le 03 f\u00e9vrier 2023 s&rsquo;est d\u00e9roul\u00e9 au cercle de mixte de Lorient la traditionnelle r\u00e9union des voeux, durant laquelle le pr\u00e9sident Guy Sinel a fait la point sur les nombreuses activit\u00e9s du Comit\u00e9 durant toute l &lsquo;ann\u00e9e 2022, nous obligeant \u00e0 louvoyer entre les diff\u00e9rents protocoles sanitaires. Il a aussi esquiss\u00e9 les futures activit\u00e9s de 2023. Il a aussi tenu \u00e0 signaler que le Comit\u00e9 du Pays de Lorient, soutenu par la Section du Morbihan venait d &lsquo;\u00eatre prim\u00e9 dans le cadre de l &lsquo;action nationale de la SMLH \u00a0\u00bb L&rsquo;Honneur en Action 2022 \u00ab\u00a0. Il venait d &lsquo; \u00eatre \u00e0 nouveau laur\u00e9at pour le projet \u00ab\u00a0<span style=\"text-decoration: underline;\"><strong> les cadets de la s\u00e9curit\u00e9 civile du coll\u00e8gue Tr\u00e9faven de Lorient<\/strong><\/span> \u00ab\u00a0.<\/p>\n<p style=\"text-align: justify;\">Le vice -pr\u00e9sident, le C.A ( 2S) Bruno Sarrade a soulign\u00e9 l&rsquo;action port\u00e9e par notre comit\u00e9 sur les valeurs de la R\u00e9publique.<\/p>\n<p style=\"text-align: justify;\">Le pr\u00e9sident a souhait\u00e9 \u00e0 tous, pr\u00e9sents ou absents \u00a0\u00bb bon vent pour la Travers\u00e9e de 2023&Prime;.<\/p>\n<p style=\"text-align: justify;\">Puis, nous avons particip\u00e9 au repas, anim\u00e9 par la musique de notre ami Pierre G\u00e9min.<\/p>\n<p>C.V(H) Guy Sinel<br \/>\nPr\u00e9sident du Comit\u00e9 du pays de Lorient<\/p>\n<figure id=\"attachment_8698\" aria-describedby=\"caption-attachment-8698\" style=\"width: 600px\" class=\"wp-caption aligncenter\"><img loading=\"lazy\" decoding=\"async\" class=\"size-medium wp-image-8698\" src=\"http:\/\/www.semlh-morbihan.fr\/wordpress\/wp-content\/uploads\/2023\/04\/IMG_4998-600x338.jpg\" alt=\"\" width=\"600\" height=\"338\" srcset=\"http:\/\/www.semlh-morbihan.fr\/wordpress\/wp-content\/uploads\/2023\/04\/IMG_4998-600x338.jpg 600w, http:\/\/www.semlh-morbihan.fr\/wordpress\/wp-content\/uploads\/2023\/04\/IMG_4998.jpg 640w\" sizes=\"auto, (max-width: 600px) 100vw, 600px\" \/><figcaption id=\"caption-attachment-8698\" class=\"wp-caption-text\">\u00a0 \u00a0 \u00a0 \u00a0 \u00a0 \u00a0 \u00a0 \u00a0 \u00a0 \u00a0 \u00a0Le pr\u00e9sident du comit\u00e9 Guy SInel, retrace les actions 2022 du comit\u00e9<\/figcaption><\/figure>\n<figure id=\"attachment_8699\" aria-describedby=\"caption-attachment-8699\" style=\"width: 600px\" class=\"wp-caption aligncenter\"><img loading=\"lazy\" decoding=\"async\" class=\"size-medium wp-image-8699\" src=\"http:\/\/www.semlh-morbihan.fr\/wordpress\/wp-content\/uploads\/2023\/04\/IMG_4999-600x338.jpg\" alt=\"\" width=\"600\" height=\"338\" srcset=\"http:\/\/www.semlh-morbihan.fr\/wordpress\/wp-content\/uploads\/2023\/04\/IMG_4999-600x338.jpg 600w, http:\/\/www.semlh-morbihan.fr\/wordpress\/wp-content\/uploads\/2023\/04\/IMG_4999.jpg 640w\" sizes=\"auto, (max-width: 600px) 100vw, 600px\" \/><figcaption id=\"caption-attachment-8699\" class=\"wp-caption-text\">Le vice-pr\u00e9sident, Bruno Sarrade, pr\u00e9sente l&rsquo;action men\u00e9e par le comit\u00e9 sur les valeurs de la R\u00e9publique<\/figcaption><\/figure>\n<figure id=\"attachment_8700\" aria-describedby=\"caption-attachment-8700\" style=\"width: 600px\" class=\"wp-caption aligncenter\"><img loading=\"lazy\" decoding=\"async\" class=\"size-medium wp-image-8700\" src=\"http:\/\/www.semlh-morbihan.fr\/wordpress\/wp-content\/uploads\/2023\/04\/IMG_5003-600x338.jpg\" alt=\"\" width=\"600\" height=\"338\" srcset=\"http:\/\/www.semlh-morbihan.fr\/wordpress\/wp-content\/uploads\/2023\/04\/IMG_5003-600x338.jpg 600w, http:\/\/www.semlh-morbihan.fr\/wordpress\/wp-content\/uploads\/2023\/04\/IMG_5003.jpg 640w\" sizes=\"auto, (max-width: 600px) 100vw, 600px\" \/><figcaption id=\"caption-attachment-8700\" class=\"wp-caption-text\">\u00a0 \u00a0 \u00a0 \u00a0 \u00a0 \u00a0 \u00a0 \u00a0 \u00a0 \u00a0 \u00a0 \u00a0 \u00a0 \u00a0 \u00a0 Le repas lors des voeux 2023 du comit\u00e9 du pays de Lorient<\/figcaption><\/figure>\n","protected":false},"excerpt":{"rendered":"<p>Le 03 f\u00e9vrier 2023 s&rsquo;est d\u00e9roul\u00e9 au cercle de mixte de Lorient la traditionnelle r\u00e9union des voeux, durant laquelle le pr\u00e9sident Guy Sinel a fait&#8230;<\/p>\n","protected":false},"author":329,"featured_media":8700,"comment_status":"closed","ping_status":"open","sticky":false,"template":"","format":"standard","meta":{"footnotes":""},"categories":[355,343],"tags":[],"class_list":["post-8696","post","type-post","status-publish","format-standard","has-post-thumbnail","hentry","category-actualites-comite-de-lorient","category-comite-de-lorient","wpcat-355-id","wpcat-343-id"],"_links":{"self":[{"href":"http:\/\/www.semlh-morbihan.fr\/wordpress\/wp-json\/wp\/v2\/posts\/8696","targetHints":{"allow":["GET"]}}],"collection":[{"href":"http:\/\/www.semlh-morbihan.fr\/wordpress\/wp-json\/wp\/v2\/posts"}],"about":[{"href":"http:\/\/www.semlh-morbihan.fr\/wordpress\/wp-json\/wp\/v2\/types\/post"}],"author":[{"embeddable":true,"href":"http:\/\/www.semlh-morbihan.fr\/wordpress\/wp-json\/wp\/v2\/users\/329"}],"replies":[{"embeddable":true,"href":"http:\/\/www.semlh-morbihan.fr\/wordpress\/wp-json\/wp\/v2\/comments?post=8696"}],"version-history":[{"count":2,"href":"http:\/\/www.semlh-morbihan.fr\/wordpress\/wp-json\/wp\/v2\/posts\/8696\/revisions"}],"predecessor-version":[{"id":8701,"href":"http:\/\/www.semlh-morbihan.fr\/wordpress\/wp-json\/wp\/v2\/posts\/8696\/revisions\/8701"}],"wp:featuredmedia":[{"embeddable":true,"href":"http:\/\/www.semlh-morbihan.fr\/wordpress\/wp-json\/wp\/v2\/media\/8700"}],"wp:attachment":[{"href":"http:\/\/www.semlh-morbihan.fr\/wordpress\/wp-json\/wp\/v2\/media?parent=8696"}],"wp:term":[{"taxonomy":"category","embeddable":true,"href":"http:\/\/www.semlh-morbihan.fr\/wordpress\/wp-json\/wp\/v2\/categories?post=8696"},{"taxonomy":"post_tag","embeddable":true,"href":"http:\/\/www.semlh-morbihan.fr\/wordpress\/wp-json\/wp\/v2\/tags?post=8696"}],"curies":[{"name":"wp","href":"https:\/\/api.w.org\/{rel}","templated":true}]}}