{"id":8703,"date":"2023-03-20T19:57:52","date_gmt":"2023-03-20T18:57:52","guid":{"rendered":"http:\/\/www.semlh-morbihan.fr\/wordpress\/?p=8703"},"modified":"2023-04-17T20:05:11","modified_gmt":"2023-04-17T18:05:11","slug":"ceremonie-du-19-mars-2023-sur-la-commemoration-du-cessez-le-feu-en-algerie","status":"publish","type":"post","link":"http:\/\/www.semlh-morbihan.fr\/wordpress\/2023\/03\/20\/ceremonie-du-19-mars-2023-sur-la-commemoration-du-cessez-le-feu-en-algerie\/","title":{"rendered":"C\u00e9r\u00e9monie du 19 mars 2023 sur la comm\u00e9moration du cessez le feu en Alg\u00e9rie"},"content":{"rendered":"<h3 style=\"text-align: center;\"><strong>\u00a0 Lorient comm\u00e9more le\u00a0 cessez-le- feu en Alg\u00e9rie\u00a0<\/strong><\/h3>\n<p style=\"text-align: justify;\">Une\u00a0 c\u00e9r\u00e9monie a \u00e9t\u00e9\u00a0 organis\u00e9e le dimanche 19 mars, place\u00a0 Glotin, en pr\u00e9sence\u00a0 des autorit\u00e9s et\u00a0 des d\u00e9l\u00e9gations d &lsquo;anciens combattants. Apr\u00e8s les lectures des\u00a0 messages, les autorit\u00e9s civiles et militaires ont d\u00e9pos\u00e9 des gerbes de fleurs\u00a0 au pied du\u00a0 monument aux morts.<\/p>\n<p style=\"text-align: justify;\">\u00a0Journ\u00e9e anniversaire du cessez-le-feu\u00a0 en Alg\u00e9rie, cette journ\u00e9e permet\u00a0 de comm\u00e9morer les accords d&rsquo;\u00c9vian du 18 mars 1962 et de rendre hommage \u00e0 toutes\u00a0 les victimes tomb\u00e9es durant la guerre d &lsquo;Alg\u00e9rie et les combats\u00a0 \u00a0au\u00a0 Maroc et en Tunisie.<\/p>\n<p>\u00a0C. V ( H)\u00a0 guy SINEL<\/p>\n<p>pr\u00e9sident du\u00a0 Comit\u00e9 du Pays de Lorient\u00a0 de la SMLH<\/p>\n<figure id=\"attachment_8706\" aria-describedby=\"caption-attachment-8706\" style=\"width: 600px\" class=\"wp-caption aligncenter\"><img loading=\"lazy\" decoding=\"async\" class=\"size-medium wp-image-8706\" src=\"http:\/\/www.semlh-morbihan.fr\/wordpress\/wp-content\/uploads\/2023\/03\/IMG_6045-600x409.jpg\" alt=\"\" width=\"600\" height=\"409\" srcset=\"http:\/\/www.semlh-morbihan.fr\/wordpress\/wp-content\/uploads\/2023\/03\/IMG_6045-600x409.jpg 600w, http:\/\/www.semlh-morbihan.fr\/wordpress\/wp-content\/uploads\/2023\/03\/IMG_6045-1024x697.jpg 1024w, http:\/\/www.semlh-morbihan.fr\/wordpress\/wp-content\/uploads\/2023\/03\/IMG_6045-768x523.jpg 768w, http:\/\/www.semlh-morbihan.fr\/wordpress\/wp-content\/uploads\/2023\/03\/IMG_6045-1536x1046.jpg 1536w, http:\/\/www.semlh-morbihan.fr\/wordpress\/wp-content\/uploads\/2023\/03\/IMG_6045-2048x1394.jpg 2048w, http:\/\/www.semlh-morbihan.fr\/wordpress\/wp-content\/uploads\/2023\/03\/IMG_6045-1218x829.jpg 1218w\" sizes=\"auto, (max-width: 600px) 100vw, 600px\" \/><figcaption id=\"caption-attachment-8706\" class=\"wp-caption-text\">\u00a0 \u00a0 \u00a0 \u00a0 \u00a0 \u00a0 \u00a0 \u00a0 \u00a0 \u00a0 \u00a0 \u00a0 \u00a0 \u00a0 \u00a0 \u00a0 \u00a0 \u00a0 \u00a0 \u00a0 \u00a0 \u00a0 \u00a0 \u00a0 Les drapeaux et d\u00e9l\u00e9gations<\/figcaption><\/figure>\n<figure id=\"attachment_8707\" aria-describedby=\"caption-attachment-8707\" style=\"width: 600px\" class=\"wp-caption aligncenter\"><img loading=\"lazy\" decoding=\"async\" class=\"size-medium wp-image-8707\" src=\"http:\/\/www.semlh-morbihan.fr\/wordpress\/wp-content\/uploads\/2023\/03\/IMG_6054-600x379.jpg\" alt=\"\" width=\"600\" height=\"379\" srcset=\"http:\/\/www.semlh-morbihan.fr\/wordpress\/wp-content\/uploads\/2023\/03\/IMG_6054-600x379.jpg 600w, http:\/\/www.semlh-morbihan.fr\/wordpress\/wp-content\/uploads\/2023\/03\/IMG_6054-1024x646.jpg 1024w, http:\/\/www.semlh-morbihan.fr\/wordpress\/wp-content\/uploads\/2023\/03\/IMG_6054-768x485.jpg 768w, http:\/\/www.semlh-morbihan.fr\/wordpress\/wp-content\/uploads\/2023\/03\/IMG_6054-1536x970.jpg 1536w, http:\/\/www.semlh-morbihan.fr\/wordpress\/wp-content\/uploads\/2023\/03\/IMG_6054-2048x1293.jpg 2048w, http:\/\/www.semlh-morbihan.fr\/wordpress\/wp-content\/uploads\/2023\/03\/IMG_6054-1218x769.jpg 1218w\" sizes=\"auto, (max-width: 600px) 100vw, 600px\" \/><figcaption id=\"caption-attachment-8707\" class=\"wp-caption-text\">\u00a0 \u00a0 \u00a0 \u00a0 \u00a0 \u00a0 \u00a0 \u00a0 \u00a0 \u00a0 \u00a0 \u00a0 \u00a0 \u00a0 \u00a0 \u00a0 \u00a0 \u00a0 \u00a0 \u00a0 \u00a0 \u00a0 \u00a0 \u00a0 \u00a0 \u00a0 \u00a0D\u00e9p\u00f4t de gerbes par les autorit\u00e9s<\/figcaption><\/figure>\n","protected":false},"excerpt":{"rendered":"<p>\u00a0 Lorient comm\u00e9more le\u00a0 cessez-le- feu en Alg\u00e9rie\u00a0 Une\u00a0 c\u00e9r\u00e9monie a \u00e9t\u00e9\u00a0 organis\u00e9e le dimanche 19 mars, place\u00a0 Glotin, en pr\u00e9sence\u00a0 des autorit\u00e9s et\u00a0 des&#8230;<\/p>\n","protected":false},"author":329,"featured_media":8707,"comment_status":"closed","ping_status":"open","sticky":false,"template":"","format":"standard","meta":{"footnotes":""},"categories":[496,343],"tags":[605],"class_list":["post-8703","post","type-post","status-publish","format-standard","has-post-thumbnail","hentry","category-ceremonies-comite-de-lorient","category-comite-de-lorient","tag-comite-smlh-du-pays-de-lorient","wpcat-496-id","wpcat-343-id"],"_links":{"self":[{"href":"http:\/\/www.semlh-morbihan.fr\/wordpress\/wp-json\/wp\/v2\/posts\/8703","targetHints":{"allow":["GET"]}}],"collection":[{"href":"http:\/\/www.semlh-morbihan.fr\/wordpress\/wp-json\/wp\/v2\/posts"}],"about":[{"href":"http:\/\/www.semlh-morbihan.fr\/wordpress\/wp-json\/wp\/v2\/types\/post"}],"author":[{"embeddable":true,"href":"http:\/\/www.semlh-morbihan.fr\/wordpress\/wp-json\/wp\/v2\/users\/329"}],"replies":[{"embeddable":true,"href":"http:\/\/www.semlh-morbihan.fr\/wordpress\/wp-json\/wp\/v2\/comments?post=8703"}],"version-history":[{"count":3,"href":"http:\/\/www.semlh-morbihan.fr\/wordpress\/wp-json\/wp\/v2\/posts\/8703\/revisions"}],"predecessor-version":[{"id":8708,"href":"http:\/\/www.semlh-morbihan.fr\/wordpress\/wp-json\/wp\/v2\/posts\/8703\/revisions\/8708"}],"wp:featuredmedia":[{"embeddable":true,"href":"http:\/\/www.semlh-morbihan.fr\/wordpress\/wp-json\/wp\/v2\/media\/8707"}],"wp:attachment":[{"href":"http:\/\/www.semlh-morbihan.fr\/wordpress\/wp-json\/wp\/v2\/media?parent=8703"}],"wp:term":[{"taxonomy":"category","embeddable":true,"href":"http:\/\/www.semlh-morbihan.fr\/wordpress\/wp-json\/wp\/v2\/categories?post=8703"},{"taxonomy":"post_tag","embeddable":true,"href":"http:\/\/www.semlh-morbihan.fr\/wordpress\/wp-json\/wp\/v2\/tags?post=8703"}],"curies":[{"name":"wp","href":"https:\/\/api.w.org\/{rel}","templated":true}]}}