{"id":8709,"date":"2023-04-02T20:08:19","date_gmt":"2023-04-02T18:08:19","guid":{"rendered":"http:\/\/www.semlh-morbihan.fr\/wordpress\/?p=8709"},"modified":"2023-04-21T18:48:24","modified_gmt":"2023-04-21T16:48:24","slug":"intervention-du-president-du-comite-guy-sinel-a-la-pmm-de-lorient-le-samedi-1er-avril-2023","status":"publish","type":"post","link":"http:\/\/www.semlh-morbihan.fr\/wordpress\/2023\/04\/02\/intervention-du-president-du-comite-guy-sinel-a-la-pmm-de-lorient-le-samedi-1er-avril-2023\/","title":{"rendered":"Intervention du pr\u00e9sident du comit\u00e9, Guy Sinel, \u00e0 la PMM de Lorient le samedi 1er avril 2023"},"content":{"rendered":"<p>&nbsp;<\/p>\n<p><strong>La Pr\u00e9paration\u00a0 Militaire\u00a0 \u00a0Marine existe depuis plus de 50 ans \u00e0\u00a0 Lorient\u00a0 \u00a0et\u00a0 est\u00a0 support\u00e9e\u00a0 par\u00a0 l &lsquo;Ecole\u00a0 des\u00a0 Fusiliers\u00a0 Marins , bas\u00e9e \u00e0\u00a0 Lanester.<\/strong><\/p>\n<p>D\u00e9j\u00e0 \u00a0pr\u00e9sent\u00a0 lors\u00a0 de la\u00a0 remise du\u00a0 Fanion aux stagiaires qui s &lsquo;est d\u00e9roul\u00e9e \u00e0\u00a0 Merlevez, le 10 d\u00e9cembre 2022, le Comit\u00e9 du Pays de Lorient\u00a0 participera \u00e0 la remise\u00a0 \u00a0des dipl\u00f4mes\u00a0 et\u00a0 des prix\u00a0 ( dont celui de la SMLH ) le 13 mai \u00e0\u00a0 Guidel .<\/p>\n<p>Le 01\/04 \/2023, guy Sinel,\u00a0 pr\u00e9sident du Comit\u00e9 du Pays de Lorient, est venu\u00a0 pr\u00e9senter\u00a0 aux 44 stagiaires de cette promotion, comme il l &lsquo;avait d\u00e9j\u00e0 fait\u00a0 aux promotions\u00a0 pr\u00e9c\u00e9dentes :<\/p>\n<p><strong>\u00a0 \u00a0 \u00a0 \u00a0 * la L\u00e9gion d&rsquo;Honneur\u00a0 \u00a0ses origines\u00a0 et\u00a0 \u00a0 ses\u00a0 \u00e9volutions,<\/strong><\/p>\n<p><b>\u00a0 \u00a0 \u00a0 \u00a0*\u00a0 \u00a0la\u00a0 SMLH, soci\u00e9t\u00e9 d &lsquo;Entraide\u00a0 et \u00ab\u00a0bras arm\u00e9\u00a0 de la\u00a0 L.H\u00a0\u00bb: 100 ans au\u00a0 c\u0153ur de la nation\u00a0 et\u00a0 ses r\u00e9alisations,\u00a0<\/b><\/p>\n<p><strong>\u00a0 \u00a0 \u00a0 \u00a0 \u00a0 notamment en Morbihan,<\/strong><\/p>\n<p><strong>\u00a0 \u00a0 \u00a0 *\u00a0 l &lsquo; Esprit de\u00a0 D\u00e9fense.<\/strong><\/p>\n<p><strong>\u00a0 \u00a0 \u00a0et, a r\u00e9pondu\u00a0 aux questions des stagiaires.<\/strong><\/p>\n<p style=\"text-align: center;\"><span style=\"text-decoration: underline;\"><strong>Quelques mots sur la PMM.<\/strong><\/span><\/p>\n<p>La Pr\u00e9paration Militaire Marine (PMM) s\u2019inscrit dans le cadre des Pr\u00e9parations Militaires Initiales et de Perfectionnement \u00e0 la D\u00e9fense Nationale et a pour objectifs :<\/p>\n<ul>\n<li>De sensibiliser les jeunes \u00e0 la citoyennet\u00e9, aux enjeux des arm\u00e9es et tout particuli\u00e8rement aux missions de la Marine nationale,<\/li>\n<li>De favoriser le recrutement de la marine (engagement dans l\u2019active ou contrat dans la r\u00e9serve),<\/li>\n<li>De consolider la connaissance de la marine par la nation.<\/li>\n<\/ul>\n<p>C\u2019est une p\u00e9riode militaire de d\u00e9couverte et d\u2019initiation \u00e0 la Marine nationale et \u00e0 ses m\u00e9tiers au travers d\u2019exercices \u00e0 la man\u0153uvre et \u00e0 la navigation, d\u2019une formation aux premiers secours, de visites de bateaux de guerre ou encore de sorties \u00e0 la mer. Ce stage permet de vivre un premier contact avec la marine et de confirmer ou pr\u00e9ciser une volont\u00e9 de s\u2019engager.<br \/>\nIl est r\u00e9parti sur une p\u00e9riode \u00e9chelonn\u00e9e sur toute l\u2019ann\u00e9e scolaire (environ 12 samedis) et une p\u00e9riode continue dans un port militaire, de 5 jours, durant les vacances scolaires d\u2019hiver ou de printemps.<\/p>\n<p>Chaque centre PMM est un foyer de rayonnement dans la r\u00e9gion o\u00f9 il est implant\u00e9 par la participation \u00e0 des manifestations publiques, des \u00e9v\u00e8nements tels que des c\u00e9r\u00e9monies militaires etc. Il existe plus de 80 centres PMM en m\u00e9tropole et outremer.<\/p>\n<figure id=\"attachment_8710\" aria-describedby=\"caption-attachment-8710\" style=\"width: 600px\" class=\"wp-caption aligncenter\"><img loading=\"lazy\" decoding=\"async\" class=\"size-medium wp-image-8710\" src=\"http:\/\/www.semlh-morbihan.fr\/wordpress\/wp-content\/uploads\/2023\/04\/pmm01-600x450.jpeg\" alt=\"\" width=\"600\" height=\"450\" srcset=\"http:\/\/www.semlh-morbihan.fr\/wordpress\/wp-content\/uploads\/2023\/04\/pmm01-600x450.jpeg 600w, http:\/\/www.semlh-morbihan.fr\/wordpress\/wp-content\/uploads\/2023\/04\/pmm01-480x360.jpeg 480w, http:\/\/www.semlh-morbihan.fr\/wordpress\/wp-content\/uploads\/2023\/04\/pmm01.jpeg 640w\" sizes=\"auto, (max-width: 600px) 100vw, 600px\" \/><figcaption id=\"caption-attachment-8710\" class=\"wp-caption-text\">au centre de la PMM 2023, Guy Sinel<\/figcaption><\/figure>\n<p><img loading=\"lazy\" decoding=\"async\" class=\"aligncenter size-medium wp-image-8711\" src=\"http:\/\/www.semlh-morbihan.fr\/wordpress\/wp-content\/uploads\/2023\/04\/pmm02-600x450.jpeg\" alt=\"\" width=\"600\" height=\"450\" srcset=\"http:\/\/www.semlh-morbihan.fr\/wordpress\/wp-content\/uploads\/2023\/04\/pmm02-600x450.jpeg 600w, http:\/\/www.semlh-morbihan.fr\/wordpress\/wp-content\/uploads\/2023\/04\/pmm02-480x360.jpeg 480w, http:\/\/www.semlh-morbihan.fr\/wordpress\/wp-content\/uploads\/2023\/04\/pmm02.jpeg 640w\" sizes=\"auto, (max-width: 600px) 100vw, 600px\" \/><\/p>\n","protected":false},"excerpt":{"rendered":"<p>&nbsp; La Pr\u00e9paration\u00a0 Militaire\u00a0 \u00a0Marine existe depuis plus de 50 ans \u00e0\u00a0 Lorient\u00a0 \u00a0et\u00a0 est\u00a0 support\u00e9e\u00a0 par\u00a0 l &lsquo;Ecole\u00a0 des\u00a0 Fusiliers\u00a0 Marins , bas\u00e9e \u00e0\u00a0&#8230;<\/p>\n","protected":false},"author":329,"featured_media":8712,"comment_status":"closed","ping_status":"open","sticky":false,"template":"","format":"standard","meta":{"footnotes":""},"categories":[355,343],"tags":[605,622],"class_list":["post-8709","post","type-post","status-publish","format-standard","has-post-thumbnail","hentry","category-actualites-comite-de-lorient","category-comite-de-lorient","tag-comite-smlh-du-pays-de-lorient","tag-preparation-miliaire-marine-lorient","wpcat-355-id","wpcat-343-id"],"_links":{"self":[{"href":"http:\/\/www.semlh-morbihan.fr\/wordpress\/wp-json\/wp\/v2\/posts\/8709","targetHints":{"allow":["GET"]}}],"collection":[{"href":"http:\/\/www.semlh-morbihan.fr\/wordpress\/wp-json\/wp\/v2\/posts"}],"about":[{"href":"http:\/\/www.semlh-morbihan.fr\/wordpress\/wp-json\/wp\/v2\/types\/post"}],"author":[{"embeddable":true,"href":"http:\/\/www.semlh-morbihan.fr\/wordpress\/wp-json\/wp\/v2\/users\/329"}],"replies":[{"embeddable":true,"href":"http:\/\/www.semlh-morbihan.fr\/wordpress\/wp-json\/wp\/v2\/comments?post=8709"}],"version-history":[{"count":2,"href":"http:\/\/www.semlh-morbihan.fr\/wordpress\/wp-json\/wp\/v2\/posts\/8709\/revisions"}],"predecessor-version":[{"id":8718,"href":"http:\/\/www.semlh-morbihan.fr\/wordpress\/wp-json\/wp\/v2\/posts\/8709\/revisions\/8718"}],"wp:featuredmedia":[{"embeddable":true,"href":"http:\/\/www.semlh-morbihan.fr\/wordpress\/wp-json\/wp\/v2\/media\/8712"}],"wp:attachment":[{"href":"http:\/\/www.semlh-morbihan.fr\/wordpress\/wp-json\/wp\/v2\/media?parent=8709"}],"wp:term":[{"taxonomy":"category","embeddable":true,"href":"http:\/\/www.semlh-morbihan.fr\/wordpress\/wp-json\/wp\/v2\/categories?post=8709"},{"taxonomy":"post_tag","embeddable":true,"href":"http:\/\/www.semlh-morbihan.fr\/wordpress\/wp-json\/wp\/v2\/tags?post=8709"}],"curies":[{"name":"wp","href":"https:\/\/api.w.org\/{rel}","templated":true}]}}